{"id":51956,"date":"2025-12-15T09:35:43","date_gmt":"2025-12-15T12:35:43","guid":{"rendered":"https:\/\/atecordoba.org\/?p=51956"},"modified":"2025-12-15T09:35:43","modified_gmt":"2025-12-15T12:35:43","slug":"ate-lanzo-paro-nacional-con-movilizacion-el-18-de-diciembre-y-aguiar-llamo-a-pudrirsela-a-los-gobernadores-en-sus-territorios","status":"publish","type":"post","link":"https:\/\/atecordoba.org\/?p=51956","title":{"rendered":"ATE lanz\u00f3 Paro Nacional con movilizaci\u00f3n el 18 de diciembre y Aguiar llam\u00f3 a \u201cpudr\u00edrsela a los gobernadores en sus territorios\u201d"},"content":{"rendered":"<p><img loading=\"lazy\" decoding=\"async\" class=\"aligncenter wp-image-51957 \" src=\"https:\/\/atecordoba.org\/wp-content\/uploads\/2025\/12\/votacion-plenario-ate-nacional-1024x682.jpg\" alt=\"\" width=\"617\" height=\"411\" srcset=\"https:\/\/atecordoba.org\/wp-content\/uploads\/2025\/12\/votacion-plenario-ate-nacional-1024x682.jpg 1024w, https:\/\/atecordoba.org\/wp-content\/uploads\/2025\/12\/votacion-plenario-ate-nacional-300x200.jpg 300w, https:\/\/atecordoba.org\/wp-content\/uploads\/2025\/12\/votacion-plenario-ate-nacional-768x512.jpg 768w, https:\/\/atecordoba.org\/wp-content\/uploads\/2025\/12\/votacion-plenario-ate-nacional-750x500.jpg 750w, https:\/\/atecordoba.org\/wp-content\/uploads\/2025\/12\/votacion-plenario-ate-nacional-1140x760.jpg 1140w, https:\/\/atecordoba.org\/wp-content\/uploads\/2025\/12\/votacion-plenario-ate-nacional.jpg 1280w\" sizes=\"auto, (max-width: 617px) 100vw, 617px\" \/>La conducci\u00f3n nacional de ATE defini\u00f3 un Paro Nacional para el 18 de diciembre con movilizaci\u00f3n a Plaza de Mayo, a partir de las 15 horas, en rechazo al proyecto de reforma laboral presentado por el Gobierno nacional, adem\u00e1s de exigir una inmediata reapertura de paritarias para recomponer el poder adquisitivo perdido en los \u00faltimos dos a\u00f1os y rechazar la intenci\u00f3n del Ejecutivo de recortar un 10% la planta estatal.<\/p>\n<p>\u201cHay que empezar a pudr\u00edrsela a los Gobernadores en sus territorios. Se est\u00e1n pegando un tiro en el pie. La reforma laboral y el presupuesto terminar\u00e1n de aniquilar a las provincias\u201d, apunt\u00f3 nuestro Secretario Genera, Rodolfo Aguiar. La medida de fuerza fue tomada por el Consejo Directivo Nacional de ATE luego de ser mandatada por las conducciones de las 191 seccionales y las 24 provincias durante el Confederal celebrado el 27 de noviembre en San Luis. Adem\u00e1s, en cada provincia las protestas se focalizar\u00e1n en las respectivas Casas de Gobierno.<\/p>\n<p>En base al proyecto recientemente ingresado a trav\u00e9s de la C\u00e1mara de Senadores, el dirigente sentenci\u00f3: \u201cEs todo verso, chamuyo que con esta reforma se va a crear empleo. Se trata de una reforma propia de reg\u00edmenes autoritarios, peor a\u00fan que la que reg\u00eda en dictadura. Este proyecto no es compatible con el sistema democr\u00e1tico\u201d.<\/p>\n<p>\u201cJornadas de 12 horas y pago en especies. No podemos aceptar esta barbaridad. Lo \u00fanico que tenemos para ofrecer es nuestra fuerza de trabajo y nuestra salud f\u00edsica y mental. Los empresarios son los due\u00f1os de las empresas y con esta reforma pasar\u00e1n tambi\u00e9n a ser nuestros due\u00f1os, due\u00f1os de nuestras vidas\u201d, explic\u00f3 Rodolfo Aguiar.<\/p>\n<p>\u201cEstamos yendo a contramano del mundo. Avalar jornadas de 12 horas y que se pueda pagar en especies es inhumano y esclavista. M\u00e9xico acaba de aumentar el salario m\u00ednimo y establecer la reducci\u00f3n gradual de la jornada. Espa\u00f1a derog\u00f3 una legislaci\u00f3n laboral regresiva y restableci\u00f3 derechos a los trabajadores convirti\u00e9ndose en uno de los pa\u00edses de Europa en el que m\u00e1s creci\u00f3 la econom\u00eda y el empleo\u201d, concluy\u00f3 el Secretario General de ATE Nacional.<\/p>\n<p>Cabe recordar que el sindicato ya hab\u00eda anticipado una medida antes que se conociera el texto definitivo del proyecto, entendiendo que con s\u00f3lo conocer a sus autores y su gesti\u00f3n se pod\u00eda predecir lo perjudicial que ser\u00eda para los trabajadores. Ahora, ATE sostiene que el texto final termin\u00f3 siendo a\u00fan peor de los previsto.<\/p>\n<p>Adem\u00e1s de afectar a todos los organismos p\u00fablicos que se rigen bajo la Ley de Contrato de Trabajo (algunos de manera supletoria y otros en su totalidad, comprendiendo a m\u00e1s de 70.000 agentes), con el cambio en la no presunci\u00f3n de v\u00ednculo laboral en la figura del monotributo se pretende perpetuar el fraude tanto en el Estado nacional como en las provincias y los municipios.<\/p>\n<p>El sindicato puso el foco en los gobernadores ya que la mayor\u00eda de los legisladores de ambas c\u00e1maras responden a instrucciones precisas de los mandatarios provinciales. Adem\u00e1s, en los primeros dos a\u00f1os de gesti\u00f3n de Javier Milei, el principal deterioro se vivi\u00f3 en las provincias a partir de la fuerte baja en sus respectivas recaudaciones a partir de la ca\u00edda de impuestos coparticipables, la destrucci\u00f3n el consumo, la baja de las transferencias no autom\u00e1ticas a las provincias y el freno a la obra p\u00fablica, lo cual se profundizar\u00eda en caso de ser aprobada la norma.<\/p>\n<p>&nbsp;<\/p>\n","protected":false},"excerpt":{"rendered":"<p>La conducci\u00f3n nacional de ATE defini\u00f3 un Paro Nacional para el 18 de diciembre con movilizaci\u00f3n a Plaza de Mayo, a partir de las 15 horas, en rechazo al proyecto de reforma laboral presentado por el Gobierno nacional, adem\u00e1s de exigir una inmediata reapertura de paritarias para recomponer el poder adquisitivo perdido en los \u00faltimos [&hellip;]<\/p>\n","protected":false},"author":7,"featured_media":51957,"comment_status":"open","ping_status":"open","sticky":false,"template":"","format":"standard","meta":{"_exactmetrics_skip_tracking":false,"_exactmetrics_sitenote_active":false,"_exactmetrics_sitenote_note":"","_exactmetrics_sitenote_category":0,"jnews-multi-image_gallery":[],"jnews_single_post":[],"jnews_primary_category":[],"jnews_social_meta":[],"jnews_review":[],"enable_review":"","type":"","name":"","summary":"","brand":"","sku":"","good":[],"bad":[],"score_override":"","override_value":"","rating":[],"price":[],"jnews_override_counter":[],"jnews_post_split":[],"footnotes":""},"categories":[756],"tags":[],"class_list":["post-51956","post","type-post","status-publish","format-standard","has-post-thumbnail","hentry","category-consejo-directivo-nacional-cdn"],"jetpack_featured_media_url":"https:\/\/atecordoba.org\/wp-content\/uploads\/2025\/12\/votacion-plenario-ate-nacional.jpg","_links":{"self":[{"href":"https:\/\/atecordoba.org\/index.php?rest_route=\/wp\/v2\/posts\/51956","targetHints":{"allow":["GET"]}}],"collection":[{"href":"https:\/\/atecordoba.org\/index.php?rest_route=\/wp\/v2\/posts"}],"about":[{"href":"https:\/\/atecordoba.org\/index.php?rest_route=\/wp\/v2\/types\/post"}],"author":[{"embeddable":true,"href":"https:\/\/atecordoba.org\/index.php?rest_route=\/wp\/v2\/users\/7"}],"replies":[{"embeddable":true,"href":"https:\/\/atecordoba.org\/index.php?rest_route=%2Fwp%2Fv2%2Fcomments&post=51956"}],"version-history":[{"count":1,"href":"https:\/\/atecordoba.org\/index.php?rest_route=\/wp\/v2\/posts\/51956\/revisions"}],"predecessor-version":[{"id":51958,"href":"https:\/\/atecordoba.org\/index.php?rest_route=\/wp\/v2\/posts\/51956\/revisions\/51958"}],"wp:featuredmedia":[{"embeddable":true,"href":"https:\/\/atecordoba.org\/index.php?rest_route=\/wp\/v2\/media\/51957"}],"wp:attachment":[{"href":"https:\/\/atecordoba.org\/index.php?rest_route=%2Fwp%2Fv2%2Fmedia&parent=51956"}],"wp:term":[{"taxonomy":"category","embeddable":true,"href":"https:\/\/atecordoba.org\/index.php?rest_route=%2Fwp%2Fv2%2Fcategories&post=51956"},{"taxonomy":"post_tag","embeddable":true,"href":"https:\/\/atecordoba.org\/index.php?rest_route=%2Fwp%2Fv2%2Ftags&post=51956"}],"curies":[{"name":"wp","href":"https:\/\/api.w.org\/{rel}","templated":true}]}}