{"id":51952,"date":"2025-12-15T09:31:48","date_gmt":"2025-12-15T12:31:48","guid":{"rendered":"https:\/\/atecordoba.org\/?p=51952"},"modified":"2025-12-15T09:31:48","modified_gmt":"2025-12-15T12:31:48","slug":"la-reforma-laboral-pretende-deteriorar-el-valor-de-la-mano-de-obra","status":"publish","type":"post","link":"https:\/\/atecordoba.org\/?p=51952","title":{"rendered":"La Reforma Laboral pretende deteriorar el valor de la mano de obra"},"content":{"rendered":"<p><img loading=\"lazy\" decoding=\"async\" class=\"aligncenter wp-image-51953 \" src=\"https:\/\/atecordoba.org\/wp-content\/uploads\/2025\/12\/biafore.jpg\" alt=\"\" width=\"604\" height=\"413\" srcset=\"https:\/\/atecordoba.org\/wp-content\/uploads\/2025\/12\/biafore.jpg 760w, https:\/\/atecordoba.org\/wp-content\/uploads\/2025\/12\/biafore-300x205.jpg 300w, https:\/\/atecordoba.org\/wp-content\/uploads\/2025\/12\/biafore-750x513.jpg 750w\" sizes=\"auto, (max-width: 604px) 100vw, 604px\" \/>En el proyecto de Reforma se encuentra representada la voz de los empresarios de las pymes, la de los empresarios industriales y tambi\u00e9n, una vieja discusi\u00f3n que tiene como escenario el campo de la relaci\u00f3n con los sindicatos y las m\u00e1ximas representaciones de los sindicatos.<\/p>\n<p>Seg\u00fan el abogado laboralista Eugenio Biafore, la iniciativa oficial tambi\u00e9n facilita que los juicios laborales sean m\u00e1s d\u00e9biles en la protecci\u00f3n de los principios laborales para el trabajador. Ya no es solamente el debilitamiento de los principios del derecho del trabajo en relaci\u00f3n a la cotidianidad, sino tambi\u00e9n hay modificaci\u00f3n en las normas de procedimiento del trabajo.<\/p>\n<p>En cuanto a la presentaci\u00f3n del proyecto, el abogado asegur\u00f3 que habr\u00e1 negociaci\u00f3n y resistencia en la funci\u00f3n parlamentaria en las dos c\u00e1maras. Seguramente tambi\u00e9n habr\u00e1 presencia de las organizaciones sindicales en la calle, en la magnitud que fuera. \u201cEl fin de ninguna manera es generar mano de obra formalizada\u201d, cont\u00f3 a De Una.<\/p>\n<p>Desde el punto de vista del derecho colectivo, localiza a la ca\u00edda de la ultraactividad de los convenios, la prelaci\u00f3n de los convenios de empresa respecto a los convenios de actividad, el debilitamiento de la obligaci\u00f3n del empleador de retener la cuota sindical, entre otros.<\/p>\n<p>En lo individual, en l\u00edneas generales, encuentra la creaci\u00f3n de sistemas financieros como si fueran un ahorro para los despidos, una posibilidad de variaci\u00f3n en los d\u00edas de vacaciones, la reincorporaci\u00f3n en los tickets, la canasta y las formas sociales al salario para abaratar el costo del despido.<\/p>\n<p>De este proyecto, Biafore -abogado de ATE C\u00f3rdoba- cree que hay much\u00edsimos de los art\u00edculos propuestos, que ya fueron declarados inconstitucionales en la d\u00e9cada pasada. En cuanto a las reglas del trabajo, asegura que en la intimidad del trabajo, al momento de ingresar, al momento de permanecer y al momento de la extinci\u00f3n de contrato de trabajo, el poder del empleador por m\u00e1s que sea una PYME, no es igual a que tiene un trabajador.<\/p>\n<p>Para concluir, Biafore dijo en De Una que no resulta dif\u00edcil prever que seguramente haya presentaciones por diversos aspectos del proyecto de abaratamiento y precarizaci\u00f3n.<\/p>\n","protected":false},"excerpt":{"rendered":"<p>En el proyecto de Reforma se encuentra representada la voz de los empresarios de las pymes, la de los empresarios industriales y tambi\u00e9n, una vieja discusi\u00f3n que tiene como escenario el campo de la relaci\u00f3n con los sindicatos y las m\u00e1ximas representaciones de los sindicatos. Seg\u00fan el abogado laboralista Eugenio Biafore, la iniciativa oficial tambi\u00e9n [&hellip;]<\/p>\n","protected":false},"author":7,"featured_media":51953,"comment_status":"open","ping_status":"open","sticky":false,"template":"","format":"standard","meta":{"_exactmetrics_skip_tracking":false,"_exactmetrics_sitenote_active":false,"_exactmetrics_sitenote_note":"","_exactmetrics_sitenote_category":0,"jnews-multi-image_gallery":[],"jnews_single_post":[],"jnews_primary_category":[],"jnews_social_meta":[],"jnews_review":[],"enable_review":"","type":"","name":"","summary":"","brand":"","sku":"","good":[],"bad":[],"score_override":"","override_value":"","rating":[],"price":[],"jnews_override_counter":[],"jnews_post_split":[],"footnotes":""},"categories":[10],"tags":[],"class_list":["post-51952","post","type-post","status-publish","format-standard","has-post-thumbnail","hentry","category-accion-politica"],"jetpack_featured_media_url":"https:\/\/atecordoba.org\/wp-content\/uploads\/2025\/12\/biafore.jpg","_links":{"self":[{"href":"https:\/\/atecordoba.org\/index.php?rest_route=\/wp\/v2\/posts\/51952","targetHints":{"allow":["GET"]}}],"collection":[{"href":"https:\/\/atecordoba.org\/index.php?rest_route=\/wp\/v2\/posts"}],"about":[{"href":"https:\/\/atecordoba.org\/index.php?rest_route=\/wp\/v2\/types\/post"}],"author":[{"embeddable":true,"href":"https:\/\/atecordoba.org\/index.php?rest_route=\/wp\/v2\/users\/7"}],"replies":[{"embeddable":true,"href":"https:\/\/atecordoba.org\/index.php?rest_route=%2Fwp%2Fv2%2Fcomments&post=51952"}],"version-history":[{"count":1,"href":"https:\/\/atecordoba.org\/index.php?rest_route=\/wp\/v2\/posts\/51952\/revisions"}],"predecessor-version":[{"id":51954,"href":"https:\/\/atecordoba.org\/index.php?rest_route=\/wp\/v2\/posts\/51952\/revisions\/51954"}],"wp:featuredmedia":[{"embeddable":true,"href":"https:\/\/atecordoba.org\/index.php?rest_route=\/wp\/v2\/media\/51953"}],"wp:attachment":[{"href":"https:\/\/atecordoba.org\/index.php?rest_route=%2Fwp%2Fv2%2Fmedia&parent=51952"}],"wp:term":[{"taxonomy":"category","embeddable":true,"href":"https:\/\/atecordoba.org\/index.php?rest_route=%2Fwp%2Fv2%2Fcategories&post=51952"},{"taxonomy":"post_tag","embeddable":true,"href":"https:\/\/atecordoba.org\/index.php?rest_route=%2Fwp%2Fv2%2Ftags&post=51952"}],"curies":[{"name":"wp","href":"https:\/\/api.w.org\/{rel}","templated":true}]}}