{"id":51947,"date":"2025-12-12T11:13:25","date_gmt":"2025-12-12T14:13:25","guid":{"rendered":"https:\/\/atecordoba.org\/?p=51947"},"modified":"2025-12-12T11:13:43","modified_gmt":"2025-12-12T14:13:43","slug":"huellas-de-memoria-en-alta-gracia-ate-presente-en-la-senalizacion-de-vestigios-de-la-resistencia-a-la-dictadura-fusiladora-de-1955","status":"publish","type":"post","link":"https:\/\/atecordoba.org\/?p=51947","title":{"rendered":"Huellas de Memoria en Alta Gracia: ATE presente en la se\u00f1alizaci\u00f3n de vestigios de la resistencia a la dictadura fusiladora de 1955"},"content":{"rendered":"<p><img loading=\"lazy\" decoding=\"async\" class=\"aligncenter wp-image-51939 \" src=\"https:\/\/atecordoba.org\/wp-content\/uploads\/2025\/12\/Senalizacion-de-los-vestigios-de-la-Revolucion-Libertadora-en-Alta-Gracia-gentileza-3-e1765484325505.jpg\" alt=\"\" width=\"631\" height=\"423\" srcset=\"https:\/\/atecordoba.org\/wp-content\/uploads\/2025\/12\/Senalizacion-de-los-vestigios-de-la-Revolucion-Libertadora-en-Alta-Gracia-gentileza-3-e1765484325505.jpg 716w, https:\/\/atecordoba.org\/wp-content\/uploads\/2025\/12\/Senalizacion-de-los-vestigios-de-la-Revolucion-Libertadora-en-Alta-Gracia-gentileza-3-e1765484325505-300x201.jpg 300w\" sizes=\"auto, (max-width: 631px) 100vw, 631px\" \/>El pasado mi\u00e9rcoles 10 de diciembre, en el marco del D\u00eda Internacional de los Derechos Humanos y a 42 a\u00f1os de la recuperaci\u00f3n de la democracia, fueron se\u00f1alizados sobre una pared de Avenida Belgrano casi Calle Del Molino (que anta\u00f1o perteneciera al Hotel Plaza) vestigios de disparos de proyectiles que datan de 1955, cuando se impuso por la fuerza la dictadura que se autodenomin\u00f3 \u201cRevoluci\u00f3n Libertadora\u201d.<img loading=\"lazy\" decoding=\"async\" class=\"aligncenter wp-image-51941 \" src=\"https:\/\/atecordoba.org\/wp-content\/uploads\/2025\/12\/WhatsApp-Image-2025-12-12-at-10.50.34-1.jpeg\" alt=\"\" width=\"623\" height=\"442\" srcset=\"https:\/\/atecordoba.org\/wp-content\/uploads\/2025\/12\/WhatsApp-Image-2025-12-12-at-10.50.34-1.jpeg 951w, https:\/\/atecordoba.org\/wp-content\/uploads\/2025\/12\/WhatsApp-Image-2025-12-12-at-10.50.34-1-300x213.jpeg 300w, https:\/\/atecordoba.org\/wp-content\/uploads\/2025\/12\/WhatsApp-Image-2025-12-12-at-10.50.34-1-768x545.jpeg 768w, https:\/\/atecordoba.org\/wp-content\/uploads\/2025\/12\/WhatsApp-Image-2025-12-12-at-10.50.34-1-120x86.jpeg 120w, https:\/\/atecordoba.org\/wp-content\/uploads\/2025\/12\/WhatsApp-Image-2025-12-12-at-10.50.34-1-750x532.jpeg 750w\" sizes=\"auto, (max-width: 623px) 100vw, 623px\" \/><\/p>\n<p>ATE C\u00f3rdoba estuvo presente con la participaci\u00f3n del secretario de DDHH del Consejo Directivo Provincial (CDP), C\u00e9sar Theaux, y su par de Organizaci\u00f3n, Javier Bracamonte, donde se compartieron fotograf\u00edas y documentos de la \u00e9poca y se coloc\u00f3 una placa con la siguiente inscripci\u00f3n: \u201cAqu\u00ed funcion\u00f3 el Plaza Hotel, sede de la resistencia al golpe de Estado y de la defensa de la democracia el 16 al 20 de septiembre de 1955. Quedan estos impactos de armas de fuego sobre el granito, como testimonio de aquellos d\u00edas. Que sea siempre la democracia el sistema pol\u00edtico que legitime nuestra convivencia\u201d.<\/p>\n<p><img loading=\"lazy\" decoding=\"async\" class=\"aligncenter wp-image-51944 \" src=\"https:\/\/atecordoba.org\/wp-content\/uploads\/2025\/12\/Placa-de-senalizacion-de-los-vestigios-de-la-Revolucion-Libertadora-en-Alta-Gracia-gentileza-1024x576.jpg\" alt=\"\" width=\"615\" height=\"346\" srcset=\"https:\/\/atecordoba.org\/wp-content\/uploads\/2025\/12\/Placa-de-senalizacion-de-los-vestigios-de-la-Revolucion-Libertadora-en-Alta-Gracia-gentileza-1024x576.jpg 1024w, https:\/\/atecordoba.org\/wp-content\/uploads\/2025\/12\/Placa-de-senalizacion-de-los-vestigios-de-la-Revolucion-Libertadora-en-Alta-Gracia-gentileza-300x169.jpg 300w, https:\/\/atecordoba.org\/wp-content\/uploads\/2025\/12\/Placa-de-senalizacion-de-los-vestigios-de-la-Revolucion-Libertadora-en-Alta-Gracia-gentileza-768x432.jpg 768w, https:\/\/atecordoba.org\/wp-content\/uploads\/2025\/12\/Placa-de-senalizacion-de-los-vestigios-de-la-Revolucion-Libertadora-en-Alta-Gracia-gentileza-750x422.jpg 750w, https:\/\/atecordoba.org\/wp-content\/uploads\/2025\/12\/Placa-de-senalizacion-de-los-vestigios-de-la-Revolucion-Libertadora-en-Alta-Gracia-gentileza-1140x641.jpg 1140w, https:\/\/atecordoba.org\/wp-content\/uploads\/2025\/12\/Placa-de-senalizacion-de-los-vestigios-de-la-Revolucion-Libertadora-en-Alta-Gracia-gentileza.jpg 1280w\" sizes=\"auto, (max-width: 615px) 100vw, 615px\" \/><\/p>\n<p>La actividad fue impulsada por los historiadores Laura Valdemarca y Luis Rosanova, y cont\u00f3 con la participaci\u00f3n del viceintendente Jorge De N\u00e1poli, la ex viceintendenta Cristina Roca, el asesor municipal Manuel Ortiz y la directora de Turismo y Cultura, Valeria Amateis; junto a ATE \u00a0y representantes de otros gremios; vecinas y vecinos de Alta Gracia y tambi\u00e9n de C\u00f3rdoba, Anisacate, La Calera, Los Aromos y La Bolsa; y referentes de iglesias, comunidades de pueblos originarios y organizaciones socioambientales y de jubilados.<\/p>\n<p>En el acto, del que participaron unas 40 personas, destacaron el valor de la se\u00f1alizaci\u00f3n de este sitio para la Municipalidad y la construcci\u00f3n de corredores tur\u00edsticos.<\/p>\n<p>&nbsp;<\/p>\n","protected":false},"excerpt":{"rendered":"<p>El pasado mi\u00e9rcoles 10 de diciembre, en el marco del D\u00eda Internacional de los Derechos Humanos y a 42 a\u00f1os de la recuperaci\u00f3n de la democracia, fueron se\u00f1alizados sobre una pared de Avenida Belgrano casi Calle Del Molino (que anta\u00f1o perteneciera al Hotel Plaza) vestigios de disparos de proyectiles que datan de 1955, cuando se [&hellip;]<\/p>\n","protected":false},"author":7,"featured_media":51939,"comment_status":"open","ping_status":"open","sticky":false,"template":"","format":"standard","meta":{"_exactmetrics_skip_tracking":false,"_exactmetrics_sitenote_active":false,"_exactmetrics_sitenote_note":"","_exactmetrics_sitenote_category":0,"jnews-multi-image_gallery":[],"jnews_single_post":{"format":"standard","override":[{"template":"1","parallax":"1","fullscreen":"1","layout":"no-sidebar-narrow","sidebar":"default-sidebar","second_sidebar":"default-sidebar","sticky_sidebar":"1","share_position":"bottom","share_float_style":"share-monocrhome","show_share_counter":"1","show_view_counter":"1","show_post_meta":"1","show_post_author_image":"1","show_post_date":"1","post_date_format":"default","post_date_format_custom":"Y\/m\/d","show_post_category":"1","show_post_reading_time":"0","post_reading_time_wpm":"300","post_calculate_word_method":"str_word_count","show_zoom_button":"0","zoom_button_out_step":"2","zoom_button_in_step":"3","show_post_tag":"1","number_popup_post":"1","show_post_related":"1","show_inline_post_related":"0"}],"image_override":[{"single_post_thumbnail_size":"crop-500","single_post_gallery_size":"crop-500"}],"trending_post_position":"meta","trending_post_label":"Trending","sponsored_post_label":"Sponsored by","disable_ad":"0"},"jnews_primary_category":[],"jnews_social_meta":[],"jnews_review":[],"enable_review":"","type":"percentage","name":"","summary":"","brand":"","sku":"","good":[],"bad":[],"score_override":"","override_value":"","rating":[],"price":[],"jnews_override_counter":{"view_counter_number":"0","share_counter_number":"0","like_counter_number":"0","dislike_counter_number":"0"},"jnews_post_split":{"post_split":[{"template":"1","tag":"h2","numbering":"asc","mode":"normal","first":"0","enable_toc":"0","toc_type":"normal"}]},"footnotes":""},"categories":[122],"tags":[],"class_list":["post-51947","post","type-post","status-publish","format-standard","has-post-thumbnail","hentry","category-ddhh"],"jetpack_featured_media_url":"https:\/\/atecordoba.org\/wp-content\/uploads\/2025\/12\/Senalizacion-de-los-vestigios-de-la-Revolucion-Libertadora-en-Alta-Gracia-gentileza-3-e1765484325505.jpg","_links":{"self":[{"href":"https:\/\/atecordoba.org\/index.php?rest_route=\/wp\/v2\/posts\/51947","targetHints":{"allow":["GET"]}}],"collection":[{"href":"https:\/\/atecordoba.org\/index.php?rest_route=\/wp\/v2\/posts"}],"about":[{"href":"https:\/\/atecordoba.org\/index.php?rest_route=\/wp\/v2\/types\/post"}],"author":[{"embeddable":true,"href":"https:\/\/atecordoba.org\/index.php?rest_route=\/wp\/v2\/users\/7"}],"replies":[{"embeddable":true,"href":"https:\/\/atecordoba.org\/index.php?rest_route=%2Fwp%2Fv2%2Fcomments&post=51947"}],"version-history":[{"count":2,"href":"https:\/\/atecordoba.org\/index.php?rest_route=\/wp\/v2\/posts\/51947\/revisions"}],"predecessor-version":[{"id":51949,"href":"https:\/\/atecordoba.org\/index.php?rest_route=\/wp\/v2\/posts\/51947\/revisions\/51949"}],"wp:featuredmedia":[{"embeddable":true,"href":"https:\/\/atecordoba.org\/index.php?rest_route=\/wp\/v2\/media\/51939"}],"wp:attachment":[{"href":"https:\/\/atecordoba.org\/index.php?rest_route=%2Fwp%2Fv2%2Fmedia&parent=51947"}],"wp:term":[{"taxonomy":"category","embeddable":true,"href":"https:\/\/atecordoba.org\/index.php?rest_route=%2Fwp%2Fv2%2Fcategories&post=51947"},{"taxonomy":"post_tag","embeddable":true,"href":"https:\/\/atecordoba.org\/index.php?rest_route=%2Fwp%2Fv2%2Ftags&post=51947"}],"curies":[{"name":"wp","href":"https:\/\/api.w.org\/{rel}","templated":true}]}}