{"id":51931,"date":"2025-12-11T11:25:38","date_gmt":"2025-12-11T14:25:38","guid":{"rendered":"https:\/\/atecordoba.org\/?p=51931"},"modified":"2025-12-11T11:26:33","modified_gmt":"2025-12-11T14:26:33","slug":"51931","status":"publish","type":"post","link":"https:\/\/atecordoba.org\/?p=51931","title":{"rendered":"Federico Giuliani se re\u00fane en Euskal Herria con las asociaciones de presos pol\u00edticos vascos, fortaleciendo la solidaridad internacionalista"},"content":{"rendered":"<p><img loading=\"lazy\" decoding=\"async\" class=\"aligncenter wp-image-51932 \" src=\"https:\/\/atecordoba.org\/wp-content\/uploads\/2025\/12\/fede-con-ex-presos-vascos-1024x768.jpeg\" alt=\"\" width=\"617\" height=\"463\" \/>Durante su estad\u00eda en Euskal Herria, nuestro secretario general, Federico Giuliani, mantuvo un encuentro de enorme valor pol\u00edtico y humano con Irkus Badillo \u2014ex preso pol\u00edtico y militante de la red ciudadana Sare\u2014 y con Asier Rodr\u00edguez, tambi\u00e9n preso pol\u00edtico e integrante de la asociaci\u00f3n Harrera Elkartea. Ambos representan espacios de fuerte compromiso con los derechos humanos en el Pa\u00eds Vasco y con la denuncia de situaciones de persecuci\u00f3n pol\u00edtica.<\/p>\n<p>Sare es una red ciudadana que trabaja por los derechos humanos de presos, exiliados y deportados, denunciando las vulneraciones derivadas de d\u00e9cadas de conflicto y las situaciones de excepcionalidad jur\u00eddica que a\u00fan persisten.<\/p>\n<p>Harrera Elkartea, por su parte, se dedica a acompa\u00f1ar la reinserci\u00f3n y la vida comunitaria de personas que pasaron por prisi\u00f3n o exilio, contribuyendo a la reconstrucci\u00f3n social y emocional de quienes han sido v\u00edctimas de persecuci\u00f3n pol\u00edtica.<\/p>\n<p>El intercambio con Badillo y Rodr\u00edguez permiti\u00f3 analizar las luchas comunes de los pueblos que resisten pol\u00edticas regresivas, violaciones a los derechos fundamentales y m\u00e9todos de criminalizaci\u00f3n pol\u00edtica. Giuliani comparti\u00f3 tambi\u00e9n las experiencias de lucha de ATE en Argentina frente a la ofensiva neoliberal y la defensa inclaudicable de los derechos de las y los trabajadores.<\/p>\n<p>Estos encuentros forman parte de una agenda de solidaridad internacionalista, que reconoce que la defensa de los derechos humanos y laborales trasciende fronteras y se fortalece cuando las organizaciones sindicales y populares articulan con quienes, en otros territorios, enfrentan situaciones de injusticia, persecuci\u00f3n o criminalizaci\u00f3n pol\u00edtica.<\/p>\n<p>La presencia de Giuliani junto a los presos pol\u00edticos vascos reafirma el compromiso de ATE con la justicia, la libertad y la dignidad de los pueblos.<\/p>\n<p>\u00a1Exigimos la inmediata liberaci\u00f3n de todos los presos pol\u00edticos del pa\u00eds Vasco!<\/p>\n","protected":false},"excerpt":{"rendered":"<p>Durante su estad\u00eda en Euskal Herria, nuestro secretario general, Federico Giuliani, mantuvo un encuentro de enorme valor pol\u00edtico y humano con Irkus Badillo \u2014ex preso pol\u00edtico y militante de la red ciudadana Sare\u2014 y con Asier Rodr\u00edguez, tambi\u00e9n preso pol\u00edtico e integrante de la asociaci\u00f3n Harrera Elkartea. Ambos representan espacios de fuerte compromiso con los [&hellip;]<\/p>\n","protected":false},"author":7,"featured_media":51932,"comment_status":"open","ping_status":"open","sticky":false,"template":"","format":"standard","meta":{"_exactmetrics_skip_tracking":false,"_exactmetrics_sitenote_active":false,"_exactmetrics_sitenote_note":"","_exactmetrics_sitenote_category":0,"jnews-multi-image_gallery":[],"jnews_single_post":{"format":"standard","override":[{"template":"1","parallax":"1","fullscreen":"1","layout":"no-sidebar-narrow","sidebar":"default-sidebar","second_sidebar":"default-sidebar","sticky_sidebar":"1","share_position":"bottom","share_float_style":"share-monocrhome","show_share_counter":"1","show_view_counter":"1","show_post_meta":"1","show_post_author_image":"1","show_post_date":"1","post_date_format":"default","post_date_format_custom":"Y\/m\/d","show_post_category":"1","show_post_reading_time":"0","post_reading_time_wpm":"300","post_calculate_word_method":"str_word_count","show_zoom_button":"0","zoom_button_out_step":"2","zoom_button_in_step":"3","show_post_tag":"1","number_popup_post":"1","show_post_related":"1","show_inline_post_related":"0"}],"image_override":[{"single_post_thumbnail_size":"crop-500","single_post_gallery_size":"crop-500"}],"trending_post_position":"meta","trending_post_label":"Trending","sponsored_post_label":"Sponsored by","disable_ad":"0"},"jnews_primary_category":[],"jnews_social_meta":[],"jnews_review":[],"enable_review":"","type":"percentage","name":"","summary":"","brand":"","sku":"","good":[],"bad":[],"score_override":"","override_value":"","rating":[],"price":[],"jnews_override_counter":{"view_counter_number":"0","share_counter_number":"0","like_counter_number":"0","dislike_counter_number":"0"},"jnews_post_split":{"post_split":[{"template":"1","tag":"h2","numbering":"asc","mode":"normal","first":"0","enable_toc":"0","toc_type":"normal"}]},"footnotes":""},"categories":[10,122,108],"tags":[],"class_list":["post-51931","post","type-post","status-publish","format-standard","has-post-thumbnail","hentry","category-accion-politica","category-ddhh","category-internacional"],"jetpack_featured_media_url":"https:\/\/atecordoba.org\/wp-content\/uploads\/2025\/12\/fede-con-ex-presos-vascos-e1765463122731.jpeg","_links":{"self":[{"href":"https:\/\/atecordoba.org\/index.php?rest_route=\/wp\/v2\/posts\/51931","targetHints":{"allow":["GET"]}}],"collection":[{"href":"https:\/\/atecordoba.org\/index.php?rest_route=\/wp\/v2\/posts"}],"about":[{"href":"https:\/\/atecordoba.org\/index.php?rest_route=\/wp\/v2\/types\/post"}],"author":[{"embeddable":true,"href":"https:\/\/atecordoba.org\/index.php?rest_route=\/wp\/v2\/users\/7"}],"replies":[{"embeddable":true,"href":"https:\/\/atecordoba.org\/index.php?rest_route=%2Fwp%2Fv2%2Fcomments&post=51931"}],"version-history":[{"count":2,"href":"https:\/\/atecordoba.org\/index.php?rest_route=\/wp\/v2\/posts\/51931\/revisions"}],"predecessor-version":[{"id":51934,"href":"https:\/\/atecordoba.org\/index.php?rest_route=\/wp\/v2\/posts\/51931\/revisions\/51934"}],"wp:featuredmedia":[{"embeddable":true,"href":"https:\/\/atecordoba.org\/index.php?rest_route=\/wp\/v2\/media\/51932"}],"wp:attachment":[{"href":"https:\/\/atecordoba.org\/index.php?rest_route=%2Fwp%2Fv2%2Fmedia&parent=51931"}],"wp:term":[{"taxonomy":"category","embeddable":true,"href":"https:\/\/atecordoba.org\/index.php?rest_route=%2Fwp%2Fv2%2Fcategories&post=51931"},{"taxonomy":"post_tag","embeddable":true,"href":"https:\/\/atecordoba.org\/index.php?rest_route=%2Fwp%2Fv2%2Ftags&post=51931"}],"curies":[{"name":"wp","href":"https:\/\/api.w.org\/{rel}","templated":true}]}}