{"id":51927,"date":"2025-12-11T11:11:01","date_gmt":"2025-12-11T14:11:01","guid":{"rendered":"https:\/\/atecordoba.org\/?p=51927"},"modified":"2025-12-11T14:08:57","modified_gmt":"2025-12-11T17:08:57","slug":"cura-brochero-ate-acuerda-con-la-municipalidad-10-y-la-caja-navidena-para-diciembre","status":"publish","type":"post","link":"https:\/\/atecordoba.org\/?p=51927","title":{"rendered":"Cura Brochero: ATE acuerda con la Municipalidad 10% y la Caja Navide\u00f1a para diciembre"},"content":{"rendered":"<p><img loading=\"lazy\" decoding=\"async\" class=\"aligncenter wp-image-51928 size-full\" src=\"https:\/\/atecordoba.org\/wp-content\/uploads\/2025\/12\/brochero-1.png\" alt=\"\" width=\"628\" height=\"395\" srcset=\"https:\/\/atecordoba.org\/wp-content\/uploads\/2025\/12\/brochero-1.png 628w, https:\/\/atecordoba.org\/wp-content\/uploads\/2025\/12\/brochero-1-300x189.png 300w\" sizes=\"auto, (max-width: 628px) 100vw, 628px\" \/>En una reuni\u00f3n de la Mesa de Relaciones Laborales de la Municipalidad de Villa Cura Brochero, ATE alcanz\u00f3 hoy un acuerdo salarial con el Departamento Ejecutivo, que implica un incremento de haberes para el mes de diciembre (a cobrar en enero) del 10% para el personal de planta permanente.<\/p>\n<p>Adem\u00e1s, todos los y las trabajadoras gozar\u00e1n del beneficio de una Caja Navide\u00f1a, tal como ATE hab\u00eda propuesto en la audiencia anterior.<\/p>\n<p>En la oportunidad, la Municipalidad se comprometi\u00f3 a dar impulso al proceso de recategorizaciones del personal que cumple funciones habituales y no est\u00e1n reconocidas en su actual escalaf\u00f3n.<\/p>\n<p>Por \u00faltimo, el Departamento Ejecutivo inform\u00f3 que las mudas de ropa para el periodo estival se entregar\u00e1n al personal antes de navidad.<\/p>\n<p>Participaron de la reuni\u00f3n el secretario General de Gesti\u00f3n de la Municipalidad de Villa Cura Brochero, Gerardo Cuello, y los delegados Gustavo Cohen y Jos\u00e9 Tapia en presentaci\u00f3n de ATE. La pr\u00f3xima audiencia qued\u00f3 fijada para el 10 de febrero de 2026.<\/p>\n<p>De esta manera, nuestro sindicato demuestra, con hechos concretos, los avances logrados en beneficio de las y los trabajadores municipales del Valle de Traslasierra.<\/p>\n<p>&nbsp;<\/p>\n<p>&nbsp;<\/p>\n","protected":false},"excerpt":{"rendered":"<p>En una reuni\u00f3n de la Mesa de Relaciones Laborales de la Municipalidad de Villa Cura Brochero, ATE alcanz\u00f3 hoy un acuerdo salarial con el Departamento Ejecutivo, que implica un incremento de haberes para el mes de diciembre (a cobrar en enero) del 10% para el personal de planta permanente. Adem\u00e1s, todos los y las trabajadoras [&hellip;]<\/p>\n","protected":false},"author":7,"featured_media":51928,"comment_status":"open","ping_status":"open","sticky":false,"template":"","format":"standard","meta":{"_exactmetrics_skip_tracking":false,"_exactmetrics_sitenote_active":false,"_exactmetrics_sitenote_note":"","_exactmetrics_sitenote_category":0,"jnews-multi-image_gallery":[],"jnews_single_post":{"format":"standard","override":[{"template":"1","parallax":"1","fullscreen":"1","layout":"no-sidebar-narrow","sidebar":"default-sidebar","second_sidebar":"default-sidebar","sticky_sidebar":"1","share_position":"bottom","share_float_style":"share-monocrhome","show_share_counter":"1","show_view_counter":"1","show_post_meta":"1","show_post_author_image":"1","show_post_date":"1","post_date_format":"default","post_date_format_custom":"Y\/m\/d","show_post_category":"1","show_post_reading_time":"0","post_reading_time_wpm":"300","post_calculate_word_method":"str_word_count","show_zoom_button":"0","zoom_button_out_step":"2","zoom_button_in_step":"3","show_post_tag":"1","number_popup_post":"1","show_post_related":"1","show_inline_post_related":"0"}],"image_override":[{"single_post_thumbnail_size":"crop-500","single_post_gallery_size":"crop-500"}],"trending_post_position":"meta","trending_post_label":"Trending","sponsored_post_label":"Sponsored by","disable_ad":"0"},"jnews_primary_category":[],"jnews_social_meta":[],"jnews_review":[],"enable_review":"","type":"percentage","name":"","summary":"","brand":"","sku":"","good":[],"bad":[],"score_override":"","override_value":"","rating":[],"price":[],"jnews_override_counter":{"view_counter_number":"0","share_counter_number":"0","like_counter_number":"0","dislike_counter_number":"0"},"jnews_post_split":{"post_split":[{"template":"1","tag":"h2","numbering":"asc","mode":"normal","first":"0","enable_toc":"0","toc_type":"normal"}]},"footnotes":""},"categories":[20],"tags":[],"class_list":["post-51927","post","type-post","status-publish","format-standard","has-post-thumbnail","hentry","category-municipales"],"jetpack_featured_media_url":"https:\/\/atecordoba.org\/wp-content\/uploads\/2025\/12\/brochero-1.png","_links":{"self":[{"href":"https:\/\/atecordoba.org\/index.php?rest_route=\/wp\/v2\/posts\/51927","targetHints":{"allow":["GET"]}}],"collection":[{"href":"https:\/\/atecordoba.org\/index.php?rest_route=\/wp\/v2\/posts"}],"about":[{"href":"https:\/\/atecordoba.org\/index.php?rest_route=\/wp\/v2\/types\/post"}],"author":[{"embeddable":true,"href":"https:\/\/atecordoba.org\/index.php?rest_route=\/wp\/v2\/users\/7"}],"replies":[{"embeddable":true,"href":"https:\/\/atecordoba.org\/index.php?rest_route=%2Fwp%2Fv2%2Fcomments&post=51927"}],"version-history":[{"count":2,"href":"https:\/\/atecordoba.org\/index.php?rest_route=\/wp\/v2\/posts\/51927\/revisions"}],"predecessor-version":[{"id":51936,"href":"https:\/\/atecordoba.org\/index.php?rest_route=\/wp\/v2\/posts\/51927\/revisions\/51936"}],"wp:featuredmedia":[{"embeddable":true,"href":"https:\/\/atecordoba.org\/index.php?rest_route=\/wp\/v2\/media\/51928"}],"wp:attachment":[{"href":"https:\/\/atecordoba.org\/index.php?rest_route=%2Fwp%2Fv2%2Fmedia&parent=51927"}],"wp:term":[{"taxonomy":"category","embeddable":true,"href":"https:\/\/atecordoba.org\/index.php?rest_route=%2Fwp%2Fv2%2Fcategories&post=51927"},{"taxonomy":"post_tag","embeddable":true,"href":"https:\/\/atecordoba.org\/index.php?rest_route=%2Fwp%2Fv2%2Ftags&post=51927"}],"curies":[{"name":"wp","href":"https:\/\/api.w.org\/{rel}","templated":true}]}}