{"id":51923,"date":"2025-12-10T10:43:59","date_gmt":"2025-12-10T13:43:59","guid":{"rendered":"https:\/\/atecordoba.org\/?p=51923"},"modified":"2025-12-10T11:21:01","modified_gmt":"2025-12-10T14:21:01","slug":"51923","status":"publish","type":"post","link":"https:\/\/atecordoba.org\/?p=51923","title":{"rendered":"Solidaridad internacional de clase: Giuliani cosecha apoyos en Italia"},"content":{"rendered":"<p><img loading=\"lazy\" decoding=\"async\" class=\"aligncenter wp-image-51924 \" src=\"https:\/\/atecordoba.org\/wp-content\/uploads\/2025\/12\/fede-italia-768x1024.jpg\" alt=\"\" width=\"616\" height=\"821\" \/>El Secretario General de ATE y la CTA Aut\u00f3noma C\u00f3rdoba, Federico Giuliani, se reuni\u00f3 en Italia con Alessandra Burdese, representante regional de la Zona de Alba, provincia de C\u00faneo, Regi\u00f3n del Piamonte de la Federaci\u00f3n de Trabajadores de la Agroindustria de la Confederaci\u00f3n General Italiana del Trabajo (FLAI-CGIL).<\/p>\n<p>Alba es la ciudad donde naci\u00f3 la industria de Ferrero, el fabricante de la Nutella, Ferrero Rocher, Kinder, etc y la FLAI-CGIL es el sindicato de los trabajadores de esta industria.<\/p>\n<p>Se trata de la central obrera m\u00e1s grande e hist\u00f3rica de Italia, fundada en 1944, agrupando a trabajadores de diversos sectores que lucha por los derechos laborales y sociales contra la precariedad y la desigualdad. Est\u00e1 afiliada a la Confederaci\u00f3n Sindical Internacional (CSI) y la Confederaci\u00f3n Europea de Sindicatos (CES).<\/p>\n<p>\u201cNo s\u00f3lo nos llevamos la solidaridad de la central italiana ante la criminalizaci\u00f3n de la protesta social en la Argentina, sino tambi\u00e9n una agenda de intercambio en com\u00fan\u201d, apunt\u00f3 Giuliani al final del encuentro.<\/p>\n<p>De regreso al Pa\u00eds Vasco, este jueves participar\u00e1 de una charla-debate en San Sebasti\u00e1n, mientras que el s\u00e1bado cumplir\u00e1 una actividad similar invitado por la Casa de la Solidaridad de Barcelona.<\/p>\n","protected":false},"excerpt":{"rendered":"<p>El Secretario General de ATE y la CTA Aut\u00f3noma C\u00f3rdoba, Federico Giuliani, se reuni\u00f3 en Italia con Alessandra Burdese, representante regional de la Zona de Alba, provincia de C\u00faneo, Regi\u00f3n del Piamonte de la Federaci\u00f3n de Trabajadores de la Agroindustria de la Confederaci\u00f3n General Italiana del Trabajo (FLAI-CGIL). Alba es la ciudad donde naci\u00f3 la [&hellip;]<\/p>\n","protected":false},"author":7,"featured_media":51924,"comment_status":"open","ping_status":"open","sticky":false,"template":"","format":"standard","meta":{"_exactmetrics_skip_tracking":false,"_exactmetrics_sitenote_active":false,"_exactmetrics_sitenote_note":"","_exactmetrics_sitenote_category":0,"jnews-multi-image_gallery":[],"jnews_single_post":{"format":"standard","override":[{"template":"1","parallax":"1","fullscreen":"1","layout":"no-sidebar-narrow","sidebar":"default-sidebar","second_sidebar":"default-sidebar","sticky_sidebar":"1","share_position":"bottom","share_float_style":"share-monocrhome","show_share_counter":"1","show_view_counter":"1","show_post_meta":"1","show_post_author_image":"1","show_post_date":"1","post_date_format":"default","post_date_format_custom":"Y\/m\/d","show_post_category":"1","show_post_reading_time":"0","post_reading_time_wpm":"300","post_calculate_word_method":"str_word_count","show_zoom_button":"0","zoom_button_out_step":"2","zoom_button_in_step":"3","show_post_tag":"1","number_popup_post":"1","show_post_related":"1","show_inline_post_related":"0"}],"image_override":[{"single_post_thumbnail_size":"crop-500","single_post_gallery_size":"crop-500"}],"trending_post_position":"meta","trending_post_label":"Trending","sponsored_post_label":"Sponsored by","disable_ad":"0"},"jnews_primary_category":[],"jnews_social_meta":[],"jnews_review":[],"enable_review":"","type":"percentage","name":"","summary":"","brand":"","sku":"","good":[],"bad":[],"score_override":"","override_value":"","rating":[],"price":[],"jnews_override_counter":{"view_counter_number":"0","share_counter_number":"0","like_counter_number":"0","dislike_counter_number":"0"},"jnews_post_split":{"post_split":[{"template":"1","tag":"h2","numbering":"asc","mode":"normal","first":"0","enable_toc":"0","toc_type":"normal"}]},"footnotes":""},"categories":[108],"tags":[],"class_list":["post-51923","post","type-post","status-publish","format-standard","has-post-thumbnail","hentry","category-internacional"],"jetpack_featured_media_url":"https:\/\/atecordoba.org\/wp-content\/uploads\/2025\/12\/fede-italia-e1765376455744.jpg","_links":{"self":[{"href":"https:\/\/atecordoba.org\/index.php?rest_route=\/wp\/v2\/posts\/51923","targetHints":{"allow":["GET"]}}],"collection":[{"href":"https:\/\/atecordoba.org\/index.php?rest_route=\/wp\/v2\/posts"}],"about":[{"href":"https:\/\/atecordoba.org\/index.php?rest_route=\/wp\/v2\/types\/post"}],"author":[{"embeddable":true,"href":"https:\/\/atecordoba.org\/index.php?rest_route=\/wp\/v2\/users\/7"}],"replies":[{"embeddable":true,"href":"https:\/\/atecordoba.org\/index.php?rest_route=%2Fwp%2Fv2%2Fcomments&post=51923"}],"version-history":[{"count":2,"href":"https:\/\/atecordoba.org\/index.php?rest_route=\/wp\/v2\/posts\/51923\/revisions"}],"predecessor-version":[{"id":51926,"href":"https:\/\/atecordoba.org\/index.php?rest_route=\/wp\/v2\/posts\/51923\/revisions\/51926"}],"wp:featuredmedia":[{"embeddable":true,"href":"https:\/\/atecordoba.org\/index.php?rest_route=\/wp\/v2\/media\/51924"}],"wp:attachment":[{"href":"https:\/\/atecordoba.org\/index.php?rest_route=%2Fwp%2Fv2%2Fmedia&parent=51923"}],"wp:term":[{"taxonomy":"category","embeddable":true,"href":"https:\/\/atecordoba.org\/index.php?rest_route=%2Fwp%2Fv2%2Fcategories&post=51923"},{"taxonomy":"post_tag","embeddable":true,"href":"https:\/\/atecordoba.org\/index.php?rest_route=%2Fwp%2Fv2%2Ftags&post=51923"}],"curies":[{"name":"wp","href":"https:\/\/api.w.org\/{rel}","templated":true}]}}