{"id":5192,"date":"2015-05-05T20:27:07","date_gmt":"2015-05-05T23:27:07","guid":{"rendered":"http:\/\/www.atecordoba.org\/?p=5192"},"modified":"2015-05-05T20:27:07","modified_gmt":"2015-05-05T23:27:07","slug":"san-francisco-el-centro-de-jubilados-celebro-con-locro-el-1o-de-mayo","status":"publish","type":"post","link":"https:\/\/atecordoba.org\/?p=5192","title":{"rendered":"San Francisco: el centro de jubilados celebr\u00f3 con locro el 1\u00ba de mayo"},"content":{"rendered":"<p><em>Con gran presencia de afiliados y compa\u00f1eros activos, el Centro de Jubilados de ATE en San Francisco celebr\u00f3 el pasado 1\u00ba de mayo con un locrazo en su local.<\/em><\/p>\n<p><a href=\"http:\/\/www.atecordoba.org\/wp-content\/uploads\/2015\/05\/IMG-20150502-WA0000-1-e1430868297257.jpg\"><img loading=\"lazy\" decoding=\"async\" class=\"aligncenter size-full wp-image-5193\" src=\"http:\/\/www.atecordoba.org\/wp-content\/uploads\/2015\/05\/IMG-20150502-WA0000-1-e1430868297257.jpg\" alt=\"IMG-20150502-WA0000 (1)\" width=\"550\" height=\"413\" \/><\/a><\/p>\n<p>En la oportunidad estuvieron presentes el secretario de Interior y secretario Adjunto de la CTA provincial, Luis Barcena, y el delegado regional del Departamento San Justo, Sergio Ferreyra.<\/p>\n<p><a href=\"http:\/\/www.atecordoba.org\/wp-content\/uploads\/2015\/05\/IMG-20150506-WA0016-e1430938548483.jpg\"><img loading=\"lazy\" decoding=\"async\" class=\"aligncenter size-full wp-image-5211\" src=\"http:\/\/www.atecordoba.org\/wp-content\/uploads\/2015\/05\/IMG-20150506-WA0016-e1430938548483.jpg\" alt=\"IMG-20150506-WA0016\" width=\"550\" height=\"480\" \/><\/a><\/p>\n<p>Desde bien temprano se vio las manos de los compa\u00f1eros jubilados trabajando para tener el locro listo y humeante para el mediod\u00eda. Mientras, tras bambalinas, un grupo de danza folkl\u00f3rica formado en el taller que se realiza en el centro, prepar\u00f3 sus ropas para un espect\u00e1culo de m\u00fasica y danza alegr\u00f3 la velada.<\/p>\n<p><a href=\"http:\/\/www.atecordoba.org\/wp-content\/uploads\/2015\/05\/IMG-20150506-WA0011-e1430938538207.jpg\"><img loading=\"lazy\" decoding=\"async\" class=\"aligncenter size-full wp-image-5210\" src=\"http:\/\/www.atecordoba.org\/wp-content\/uploads\/2015\/05\/IMG-20150506-WA0011-e1430938538207.jpg\" alt=\"IMG-20150506-WA0011\" width=\"550\" height=\"413\" \/><\/a><\/p>\n<p>&nbsp;<\/p>\n<p>Fue una buena ocasi\u00f3n para que Don Z\u00e1rate, presidente del Centro de Jubilados, recorra su gesti\u00f3n, que este 2015\u00a0cumple cuatro a\u00f1os. Barcena lo destac\u00f3, al se\u00f1alar que &#8220;tenemos que hacerle un reconocimiento a Don Z\u00e1rate y a toda la comisi\u00f3n que lo acompa\u00f1\u00f3 en este per\u00edodo. Generaron mucha confianza, tanto a nivel del trabajo que desarrollaron como a nivel pol\u00edtico. Formaron un equipo transparente, humilde y honesto que debe continuar con el mismo esp\u00edritu durante la pr\u00f3xima gesti\u00f3n que se elige en las elecciones de este a\u00f1o, sumando nuevos compa\u00f1eros como Norma Navarro y el resto que se van a integrar a la comisi\u00f3n&#8221;,\u00a0afirm\u00f3 el dirigente.<\/p>\n<p><a href=\"http:\/\/www.atecordoba.org\/wp-content\/uploads\/2015\/05\/IMG-20150506-WA0010-e1430938525565.jpg\"><img loading=\"lazy\" decoding=\"async\" class=\"aligncenter size-full wp-image-5209\" src=\"http:\/\/www.atecordoba.org\/wp-content\/uploads\/2015\/05\/IMG-20150506-WA0010-e1430938525565.jpg\" alt=\"IMG-20150506-WA0010\" width=\"550\" height=\"413\" \/><\/a><\/p>\n<p>&nbsp;<\/p>\n<p>El clima de fraternidad y camarader\u00eda se extendi\u00f3 hasta bien entrada la tarde. La comida, el baile y el esp\u00edritu militante hicieron el resto.<\/p>\n<p><a href=\"http:\/\/www.atecordoba.org\/wp-content\/uploads\/2015\/05\/IMG-20150506-WA0008-e1430938515100.jpg\"><img loading=\"lazy\" decoding=\"async\" class=\"aligncenter size-full wp-image-5208\" src=\"http:\/\/www.atecordoba.org\/wp-content\/uploads\/2015\/05\/IMG-20150506-WA0008-e1430938515100.jpg\" alt=\"IMG-20150506-WA0008\" width=\"550\" height=\"413\" \/><\/a><\/p>\n<p><a href=\"http:\/\/www.atecordoba.org\/wp-content\/uploads\/2015\/05\/IMG-20150506-WA0007-e1430938506585.jpg\"><img loading=\"lazy\" decoding=\"async\" class=\"aligncenter size-full wp-image-5207\" src=\"http:\/\/www.atecordoba.org\/wp-content\/uploads\/2015\/05\/IMG-20150506-WA0007-e1430938506585.jpg\" alt=\"IMG-20150506-WA0007\" width=\"550\" height=\"413\" \/><\/a><\/p>\n<p><a href=\"http:\/\/www.atecordoba.org\/wp-content\/uploads\/2015\/05\/IMG-20150506-WA0006-e1430938495298.jpg\"><img loading=\"lazy\" decoding=\"async\" class=\"aligncenter size-full wp-image-5206\" src=\"http:\/\/www.atecordoba.org\/wp-content\/uploads\/2015\/05\/IMG-20150506-WA0006-e1430938495298.jpg\" alt=\"IMG-20150506-WA0006\" width=\"550\" height=\"413\" \/><\/a><\/p>\n<p><a href=\"http:\/\/www.atecordoba.org\/wp-content\/uploads\/2015\/05\/IMG-20150506-WA0005.jpg\"><img loading=\"lazy\" decoding=\"async\" class=\"aligncenter size-full wp-image-5205\" src=\"http:\/\/www.atecordoba.org\/wp-content\/uploads\/2015\/05\/IMG-20150506-WA0005-e1430938486280.jpg\" alt=\"IMG-20150506-WA0005\" width=\"550\" height=\"413\" \/><\/a><\/p>\n<p><a href=\"http:\/\/www.atecordoba.org\/wp-content\/uploads\/2015\/05\/IMG-20150506-WA0004-e1430938476549.jpg\"><img loading=\"lazy\" decoding=\"async\" class=\"aligncenter size-full wp-image-5204\" src=\"http:\/\/www.atecordoba.org\/wp-content\/uploads\/2015\/05\/IMG-20150506-WA0004-e1430938476549.jpg\" alt=\"IMG-20150506-WA0004\" width=\"550\" height=\"413\" \/><\/a><\/p>\n<p><a href=\"http:\/\/www.atecordoba.org\/wp-content\/uploads\/2015\/05\/IMG-20150506-WA0003-e1430938465965.jpg\"><img loading=\"lazy\" decoding=\"async\" class=\"aligncenter size-full wp-image-5203\" src=\"http:\/\/www.atecordoba.org\/wp-content\/uploads\/2015\/05\/IMG-20150506-WA0003-e1430938465965.jpg\" alt=\"IMG-20150506-WA0003\" width=\"550\" height=\"413\" \/><\/a><\/p>\n<p><a href=\"http:\/\/www.atecordoba.org\/wp-content\/uploads\/2015\/05\/IMG-20150506-WA0002-e1430938455514.jpg\"><img loading=\"lazy\" decoding=\"async\" class=\"aligncenter size-full wp-image-5202\" src=\"http:\/\/www.atecordoba.org\/wp-content\/uploads\/2015\/05\/IMG-20150506-WA0002-e1430938455514.jpg\" alt=\"IMG-20150506-WA0002\" width=\"550\" height=\"413\" \/><\/a><\/p>\n<p><a href=\"http:\/\/www.atecordoba.org\/wp-content\/uploads\/2015\/05\/IMG-20150506-WA0001-e1430938445781.jpg\"><img loading=\"lazy\" decoding=\"async\" class=\"aligncenter size-full wp-image-5201\" src=\"http:\/\/www.atecordoba.org\/wp-content\/uploads\/2015\/05\/IMG-20150506-WA0001-e1430938445781.jpg\" alt=\"IMG-20150506-WA0001\" width=\"550\" height=\"413\" \/><\/a><a href=\"http:\/\/www.atecordoba.org\/wp-content\/uploads\/2015\/05\/IMG-20150506-WA0000-e1430938434499.jpg\"><img loading=\"lazy\" decoding=\"async\" class=\"aligncenter size-full wp-image-5200\" src=\"http:\/\/www.atecordoba.org\/wp-content\/uploads\/2015\/05\/IMG-20150506-WA0000-e1430938434499.jpg\" alt=\"IMG-20150506-WA0000\" width=\"550\" height=\"480\" \/><\/a><\/p>\n<p><a href=\"http:\/\/www.atecordoba.org\/wp-content\/uploads\/2015\/05\/IMG-20150502-WA0002-1-e1430868325577.jpg\"><img loading=\"lazy\" decoding=\"async\" class=\"aligncenter size-full wp-image-5194\" src=\"http:\/\/www.atecordoba.org\/wp-content\/uploads\/2015\/05\/IMG-20150502-WA0002-1-e1430868325577.jpg\" alt=\"IMG-20150502-WA0002 (1)\" width=\"550\" height=\"413\" \/><\/a><\/p>\n<p>&nbsp;<\/p>\n","protected":false},"excerpt":{"rendered":"<p>Con gran presencia de afiliados y compa\u00f1eros activos, el Centro de Jubilados de ATE en San Francisco celebr\u00f3 el pasado 1\u00ba de mayo con un locrazo en su local. En la oportunidad estuvieron presentes el secretario de Interior y secretario Adjunto de la CTA provincial, Luis Barcena, y el delegado regional del Departamento San Justo, [&hellip;]<\/p>\n","protected":false},"author":1,"featured_media":19220,"comment_status":"open","ping_status":"open","sticky":false,"template":"","format":"standard","meta":{"_exactmetrics_skip_tracking":false,"_exactmetrics_sitenote_active":false,"_exactmetrics_sitenote_note":"","_exactmetrics_sitenote_category":0,"jnews-multi-image_gallery":[],"jnews_single_post":[],"jnews_primary_category":[],"jnews_social_meta":[],"jnews_review":[],"enable_review":"","type":"","name":"","summary":"","brand":"","sku":"","good":[],"bad":[],"score_override":"","override_value":"","rating":[],"price":[],"jnews_override_counter":[],"jnews_post_split":[],"footnotes":""},"categories":[22],"tags":[],"class_list":["post-5192","post","type-post","status-publish","format-standard","has-post-thumbnail","hentry","category-jubilados"],"jetpack_featured_media_url":"https:\/\/atecordoba.org\/wp-content\/uploads\/2020\/05\/logo-nuevochico-e1561581322808.png","_links":{"self":[{"href":"https:\/\/atecordoba.org\/index.php?rest_route=\/wp\/v2\/posts\/5192","targetHints":{"allow":["GET"]}}],"collection":[{"href":"https:\/\/atecordoba.org\/index.php?rest_route=\/wp\/v2\/posts"}],"about":[{"href":"https:\/\/atecordoba.org\/index.php?rest_route=\/wp\/v2\/types\/post"}],"author":[{"embeddable":true,"href":"https:\/\/atecordoba.org\/index.php?rest_route=\/wp\/v2\/users\/1"}],"replies":[{"embeddable":true,"href":"https:\/\/atecordoba.org\/index.php?rest_route=%2Fwp%2Fv2%2Fcomments&post=5192"}],"version-history":[{"count":0,"href":"https:\/\/atecordoba.org\/index.php?rest_route=\/wp\/v2\/posts\/5192\/revisions"}],"wp:featuredmedia":[{"embeddable":true,"href":"https:\/\/atecordoba.org\/index.php?rest_route=\/wp\/v2\/media\/19220"}],"wp:attachment":[{"href":"https:\/\/atecordoba.org\/index.php?rest_route=%2Fwp%2Fv2%2Fmedia&parent=5192"}],"wp:term":[{"taxonomy":"category","embeddable":true,"href":"https:\/\/atecordoba.org\/index.php?rest_route=%2Fwp%2Fv2%2Fcategories&post=5192"},{"taxonomy":"post_tag","embeddable":true,"href":"https:\/\/atecordoba.org\/index.php?rest_route=%2Fwp%2Fv2%2Ftags&post=5192"}],"curies":[{"name":"wp","href":"https:\/\/api.w.org\/{rel}","templated":true}]}}