{"id":51917,"date":"2025-12-10T10:30:24","date_gmt":"2025-12-10T13:30:24","guid":{"rendered":"https:\/\/atecordoba.org\/?p=51917"},"modified":"2025-12-10T11:22:04","modified_gmt":"2025-12-10T14:22:04","slug":"giuliani-lo-que-no-cambiaron-las-elecciones-lo-va-a-cambiar-la-calle-en-argentina","status":"publish","type":"post","link":"https:\/\/atecordoba.org\/?p=51917","title":{"rendered":"Giuliani: \u201cLo que no cambiaron las elecciones lo va a cambiar la calle en Argentina\u201d"},"content":{"rendered":"<p><img loading=\"lazy\" decoding=\"async\" class=\"alignright wp-image-51918 \" src=\"https:\/\/atecordoba.org\/wp-content\/uploads\/2025\/12\/fede-vasco-2-712x1024.jpeg\" alt=\"\" width=\"371\" height=\"534\" \/>En una entrevista concedida a la agencia vasca NAIZ, el secretario General de ATE C\u00f3rdoba, Federico Giuliani, brind\u00f3 su mirada respecto a la situaci\u00f3n actual de Argentina y de nuestra provincia.<\/p>\n<p>Giuliani se encuentra en estos momentos visitando de maneras temporales en Martin Etxea, el espacio de acogida para personas migrantes y defensoras de derechos humanos perseguidas en sus pa\u00edses de origen.<\/p>\n<p><strong>-\u00bfQu\u00e9 le ha tra\u00eddo hasta Martin Etxea?<\/strong><\/p>\n<p>\u2013 Tiene que ver con un contexto de criminalizaci\u00f3n de la protesta social y la judicializaci\u00f3n de los luchadores populares que se da en la Argentina. No solamente desde el Gobierno Federal que conduce el fascismo de Javier Milei, sino a partir de un proceso de desintegraci\u00f3n nacional que est\u00e1 sucediendo en donde las provincias terminan siendo territorios feudales, es decir, es decir, gobiernan los partidos tradicionales, a trav\u00e9s del partido de Milei pero con las mismas pr\u00e1cticas.<\/p>\n<p>Ellos consideran que luchar es un delito, cuando en realidad es un derecho. Creo que, de hecho, es el derecho madre del resto. En este contexto, en mi provincia en particular, en C\u00f3rdoba, hoy gobierna el Partido Justicialista, aliado a sectores conservadores de derecha muy vinculado a los grupos econ\u00f3micos, que son el poder real en mi provincia.<\/p>\n<p>Venimos en un proceso de lucha desde ya poco m\u00e1s de 2 a\u00f1os y a m\u00ed me toca conducir una central obrera que, como es de nuevo tipo sindical, tambi\u00e9n organiza las barriadas populares. En esa pelea constante que hay con el poder pol\u00edtico y con el poder econ\u00f3mico, hace ya dos a\u00f1os que me persigue la Justicia cordobesa. Una Justicia que est\u00e1 totalmente adoctrinada y servil al poder pol\u00edtico y no es independiente. Entonces, te van acumulando causas: cortar una calle, resistencia a la autoridad, desacato a la autoridad\u2026<\/p>\n<p>El hecho m\u00e1s grave fue el 28 de agosto. En una protesta recibimos una emboscada policial. Nos reprimieron, a m\u00ed me fracturaron el brazo durante la detenci\u00f3n, me mantuvieron esposado en una cama durante mi atenci\u00f3n en un hospital p\u00fablico, que est\u00e1 prohibido por ley, salvo que seas capo del narco, y despu\u00e9s pas\u00e9 a una c\u00e1rcel de m\u00e1xima seguridad, en un pabell\u00f3n de presos comunes. A partir de ah\u00ed se da esta posibilidad del contacto con Martin Etxea, que es una organizaci\u00f3n que acoge a personas perseguidas y refugiados pol\u00edticos que en sus Estados est\u00e1n siendo acosados por realizar su lucha pol\u00edtica.<\/p>\n<p>Es despu\u00e9s de las elecciones de medio t\u00e9rmino del 26 octubre que vengo a Euskal Herria, a Gallarta, a Martin Etxea.<\/p>\n<p><strong>-\u00bfC\u00f3mo est\u00e1 siendo su estancia en Euskal Herria?<\/strong><\/p>\n<p>-Compartiendo la lucha de los pueblos que termina siendo la causa com\u00fan. En mi caso, mi estad\u00eda es eventual, estar\u00e9 hasta Navidad. Por un lado, descomprimo en Argentina, pero tambi\u00e9n queremos aprovechar para hacer incidencia internacionalista. Es decir, me considero un dirigente sindical combativo que no vino aqu\u00ed de paseo, sino a visibilizar las graves condiciones pol\u00edticas y sociales que se viven en Argentina. Y pude confirmar que Euskal Herria es un territorio solidario, luchador y muy generoso con las luchas\u00a0 internacionales. Y lo destaco porque ante un mundo que est\u00e1 todo el tiempo hostigando a las minor\u00edas, a quienes pensamos distinto, aqu\u00ed he encontrado un pueblo en general politizado, con mucha militancia.<\/p>\n<p>Tambi\u00e9n me parece que hay poca informaci\u00f3n de qu\u00e9 es lo que pasa en Argentina.<\/p>\n<p><strong>-\u00bfEn qu\u00e9 situaci\u00f3n se encuentra tu pa\u00eds?<\/strong><\/p>\n<p>-Lo que sucede es un experimento pol\u00edtico, econ\u00f3mico y social que est\u00e1 llevando adelante el imperio yanqui, con el sionismo. Con el voto popular el fascismo accedi\u00f3 al Gobierno, no como una facci\u00f3n, sino conduciendo el Estado. Y gobierna beneficiando a la oligarqu\u00eda, con la perspectiva de darle mayor rentabilidad con el modelo econ\u00f3mico que aplica. De hecho, lo de Milei es un fascismo a la inversa del europeo. Mientras en Europa la ultraderecha es proteccionista, tiene una mirada de Naci\u00f3n, en la Argentina eso no sucede. El objetivo es pasar \u00a0de ser un pa\u00eds soberano a una colonia totalmente dependiente.<\/p>\n<blockquote><p>\u201cLo que sucede en Argentina es un experimento pol\u00edtico, econ\u00f3mico y social que est\u00e1 llevando adelante el imperio econ\u00f3mico y social que est\u00e1 llevando adelante el imperio yanqui con el sionismo\u201d<\/p><\/blockquote>\n<p>De hecho, los \u00faltimos acuerdos de pr\u00e9stamos que gener\u00f3 Milei no son con el FMI o con fondos buitres, sino con el Tesoro Norteamericano. El \u00faltimo es impagable, de 20.000 millones de d\u00f3lares, y significa que Argentina se somete a las condiciones pol\u00edticas de saqueo de Estados Unidos. Es, directamente, haberle entregado la llave del Ministerio de Econom\u00eda para que desde los centros burs\u00e1tiles y financieros se digiten nuestras pol\u00edticas econ\u00f3micas. Argentina vuelve a ser el patio trasero de los yanquis.<\/p>\n<p><strong>-En este contexto, \u00bfc\u00f3mo pudo volver a ganar las elecciones Javier Milei? <\/strong><\/p>\n<p>-Lo que ocurre en mi pa\u00eds hoy es una dictadura blanda, por primera vez no ha sido necesaria una dictadura militar para hacer un experimento de este tipo. Lo que se ha perdido no es una elecci\u00f3n, es una batalla cultural, y por goleada. La clase trabajadora que vot\u00f3 a su verdugo no tiene conciencia de clase. Est\u00e1 rota la sociedad, la comunidad, el tejido social.<\/p>\n<p>En ese marco, Milei gan\u00f3 la elecci\u00f3n presidencial sin un solo gobernador ni un solo concejal, solo un pu\u00f1ado de diputados. Para nosotros, iba a durar a poco pero no se cay\u00f3, el tipo se fortaleci\u00f3 y venimos de una elecci\u00f3n de medio t\u00e9rmino en la que arras\u00f3. Hay gobernadores que tienen su responsabilidad porque le han dado gobernabilidad, le votaron todo en el Congreso. Como la Ley Bases, la madre del avance en la p\u00e9rdida de derechos de la clase trabajadora que ahora se va a concretar con la Reforma Laboral a lo [Jair] Bolsonaro. Esto significa que podr\u00edamos literalmente perder\u00a0 todos los derechos conquistados.<\/p>\n<p>En este experimento, que est\u00e1 muy bien construido en EEUU, juega claramente la estrategia pol\u00edtica del poder. Milei no es un outsider, es un producto moldeado en terminales americanas, preparado durante mucho tiempo. No es un experimento criollo, no es \u00fanicamente argentino: es americano y sionista. Se hace todo lo que Israel y Estados Unidos piden, como por ejemplo haber votado en contra de Cuba, cosa que no suced\u00eda ni en las peores experiencias pol\u00edticas de nuestro pa\u00eds, ni con [Mauricio] Macri.<\/p>\n<h5>Contexto y democracia de baja intensidad<\/h5>\n<p>Argentina recuper\u00f3 la democracia hace 42 a\u00f1os, despu\u00e9s de una larga dictadura militar genocida. Pero este sistema democr\u00e1tico que hoy tenemos sigue siendo de muy baja intensidad. Es una democracia ultraliberal. Salvo algunos par\u00e9ntesis de Gobiernos progresistas m\u00e1s populares, no ha habido un cambio de esquema real en la estructura de la distribuci\u00f3n de la riqueza. El peronismo, por ejemplo, ten\u00eda los gobiernos pero no ten\u00eda el poder, lo segu\u00edan teniendo los grupos econ\u00f3micos que produjeron el golpe de 1976. La crisis de representatividad que hay es muy grande en los partidos, los sindicatos, las dirigencias sociales, las organizaciones de la sociedad civil, los centros vecinales, los clubes de barrio, los clubes de f\u00fatbol. Hay un gran descreimiento del pueblo hacia la pol\u00edtica y esa falta de credibilidad se tradujo en una gran crisis social y econ\u00f3mica.<\/p>\n<blockquote><p>\u201cNuestro rol como dirigentes es potenciar la conflictividad social y generar todas las condiciones de insurrecci\u00f3n\u00a0 popular que hagan que este Gobierno se vaya cuanto antes\u201d<\/p><\/blockquote>\n<p>Venimos de un Gobierno peronista, como el que ten\u00edamos con Alberto Fern\u00e1ndez, que fue nefasto, dej\u00f3 m\u00e1s pobres de los que hab\u00eda recibido y no pudo controlar la inflaci\u00f3n, ese recuerdo est\u00e1 muy fresco todav\u00eda. Adem\u00e1s, en la Argentina la corrupci\u00f3n es un problema estructural, no cambi\u00f3 ni siquiera con los gobiernos de nuestro palo. Donald Trump tambi\u00e9n jug\u00f3 fuerte en la elecci\u00f3n, de una manera extorsiva dijo \u2018si no lo votan a Milei Argentina vuela por los aires y no van los 20.000 millones de d\u00f3lares de pr\u00e9stamo\u2019. La clase media argentina, sobre todo, siempre est\u00e1 muy pendiente de esto del precio del d\u00f3lar y ese voto condicionado por el miedo influy\u00f3. Hay otro dato interesante, la del 26 de octubre pasada fue la elecci\u00f3n con menos participaci\u00f3n popular desde que la Argentina recuperara la democracia. Votaron solo seis de cada 10 argentinos, cuando en la Argentina nunca baja del 80%. No creo en los liderazgos individuales ni en los h\u00e9roes individuales, s\u00ed creo en los h\u00e9roes colectivos. Est\u00e1 cuestionada la dirigencia pol\u00edtica en general, en la que me incluyo. Hoy, el enemigo nos viene ganando por la fragmentaci\u00f3n. En Argentina todav\u00eda los dirigentes discuten d\u00f3nde vamos a poner la bombilla en el agujero del mate y, mientras eso sucede, en los barrios populares se come salteado. Si almuerzo no ceno, no se alcanzan las tres y cuatro breves comidas para sobrevivir.<\/p>\n<p><strong>-Aunque no sea compartida, \u00bfexiste una hoja de ruta para hacer frente a Milei? <\/strong><\/p>\n<p>-Lamentablemente, todav\u00eda hay algunos legalistas que dicen: \u2018No, que Milei termine su mandato en el 2027\u2019. Yo te digo que no, que cada l\u00e1grima que derramaron mis compa\u00f1eros despedidos, que siguen sin trabajo y muri\u00e9ndose de hambre, pele\u00e1ndole a la vida para sobrevivir, cada jubilado que fue golpeado, tienen que convertirse en las pesadillas de ellos. Por eso digo que lo que no cambiaron las elecciones lo va a cambiar la calle. Nuestro rol como dirigentes es potenciar la conflictividad social y generar todas las condiciones de insurrecci\u00f3n popular que hagan que este Gobierno se vaya cuanto antes, porque dos a\u00f1os nos quedan muy lejos y, claramente, no somos legalistas, al menos desde ATE.\u00a0 Como dice un refr\u00e1n en la Argentina, el cambio va a ser con los dirigentes a la cabeza o va a ser con la cabeza de los dirigentes, porque la gente va a salir igual. No s\u00e9 cu\u00e1ndo, porque tampoco hay una vanguardia que vaya a encabezar ese estallido, pero va a ser el propio pueblo.<\/p>\n<blockquote><p>\u201cConfirmo que Euskal Herria es un territorio solidario, combativo y muy generoso con las luchas internacionales\u201d.<\/p><\/blockquote>\n<p><strong>-Este experimento del que habla, \u00bfes extrapolable a otras partes del mundo? <\/strong><\/p>\n<p>-S\u00ed, porque detr\u00e1s est\u00e1n el imperialismo yanqui y el sionismo. Los mismos opresores que tienen intereses en Europa son los que nosotros tenemos hoy queri\u00e9ndonos pisar la cabeza en Am\u00e9rica Latina. El enemigo no es un hombre, no es Milei, no es [Nayib] Bukele. Es la pr\u00e1ctica fascista, es el capitalismo. Entonces, nosotros lo que estamos obligados a hacer resistir a pesar de las diferencias y matices, priorizar las coincidencias y no permitirles a estos tipos que sean Gobierno.<\/p>\n","protected":false},"excerpt":{"rendered":"<p>En una entrevista concedida a la agencia vasca NAIZ, el secretario General de ATE C\u00f3rdoba, Federico Giuliani, brind\u00f3 su mirada respecto a la situaci\u00f3n actual de Argentina y de nuestra provincia. Giuliani se encuentra en estos momentos visitando de maneras temporales en Martin Etxea, el espacio de acogida para personas migrantes y defensoras de derechos [&hellip;]<\/p>\n","protected":false},"author":7,"featured_media":51918,"comment_status":"open","ping_status":"open","sticky":false,"template":"","format":"standard","meta":{"_exactmetrics_skip_tracking":false,"_exactmetrics_sitenote_active":false,"_exactmetrics_sitenote_note":"","_exactmetrics_sitenote_category":0,"jnews-multi-image_gallery":[],"jnews_single_post":{"format":"standard","override":[{"template":"1","parallax":"1","fullscreen":"1","layout":"no-sidebar-narrow","sidebar":"default-sidebar","second_sidebar":"default-sidebar","sticky_sidebar":"1","share_position":"bottom","share_float_style":"share-monocrhome","show_share_counter":"1","show_view_counter":"1","show_post_meta":"1","show_post_author_image":"1","show_post_date":"1","post_date_format":"default","post_date_format_custom":"Y\/m\/d","show_post_category":"1","show_post_reading_time":"0","post_reading_time_wpm":"300","post_calculate_word_method":"str_word_count","show_zoom_button":"0","zoom_button_out_step":"2","zoom_button_in_step":"3","show_post_tag":"1","number_popup_post":"1","show_post_related":"1","show_inline_post_related":"0"}],"image_override":[{"single_post_thumbnail_size":"crop-500","single_post_gallery_size":"crop-500"}],"trending_post_position":"meta","trending_post_label":"Trending","sponsored_post_label":"Sponsored by","disable_ad":"0"},"jnews_primary_category":[],"jnews_social_meta":[],"jnews_review":[],"enable_review":"","type":"percentage","name":"","summary":"","brand":"","sku":"","good":[],"bad":[],"score_override":"","override_value":"","rating":[],"price":[],"jnews_override_counter":{"view_counter_number":"0","share_counter_number":"0","like_counter_number":"0","dislike_counter_number":"0"},"jnews_post_split":{"post_split":[{"template":"1","tag":"h2","numbering":"asc","mode":"normal","first":"0","enable_toc":"0","toc_type":"normal"}]},"footnotes":""},"categories":[10],"tags":[],"class_list":["post-51917","post","type-post","status-publish","format-standard","has-post-thumbnail","hentry","category-accion-politica"],"jetpack_featured_media_url":"https:\/\/atecordoba.org\/wp-content\/uploads\/2025\/12\/fede-vasco-2-e1765376516560.jpeg","_links":{"self":[{"href":"https:\/\/atecordoba.org\/index.php?rest_route=\/wp\/v2\/posts\/51917","targetHints":{"allow":["GET"]}}],"collection":[{"href":"https:\/\/atecordoba.org\/index.php?rest_route=\/wp\/v2\/posts"}],"about":[{"href":"https:\/\/atecordoba.org\/index.php?rest_route=\/wp\/v2\/types\/post"}],"author":[{"embeddable":true,"href":"https:\/\/atecordoba.org\/index.php?rest_route=\/wp\/v2\/users\/7"}],"replies":[{"embeddable":true,"href":"https:\/\/atecordoba.org\/index.php?rest_route=%2Fwp%2Fv2%2Fcomments&post=51917"}],"version-history":[{"count":3,"href":"https:\/\/atecordoba.org\/index.php?rest_route=\/wp\/v2\/posts\/51917\/revisions"}],"predecessor-version":[{"id":51921,"href":"https:\/\/atecordoba.org\/index.php?rest_route=\/wp\/v2\/posts\/51917\/revisions\/51921"}],"wp:featuredmedia":[{"embeddable":true,"href":"https:\/\/atecordoba.org\/index.php?rest_route=\/wp\/v2\/media\/51918"}],"wp:attachment":[{"href":"https:\/\/atecordoba.org\/index.php?rest_route=%2Fwp%2Fv2%2Fmedia&parent=51917"}],"wp:term":[{"taxonomy":"category","embeddable":true,"href":"https:\/\/atecordoba.org\/index.php?rest_route=%2Fwp%2Fv2%2Fcategories&post=51917"},{"taxonomy":"post_tag","embeddable":true,"href":"https:\/\/atecordoba.org\/index.php?rest_route=%2Fwp%2Fv2%2Ftags&post=51917"}],"curies":[{"name":"wp","href":"https:\/\/api.w.org\/{rel}","templated":true}]}}