{"id":51891,"date":"2025-12-09T15:23:19","date_gmt":"2025-12-09T18:23:19","guid":{"rendered":"https:\/\/atecordoba.org\/?p=51891"},"modified":"2025-12-09T15:23:19","modified_gmt":"2025-12-09T18:23:19","slug":"paro-nacional-ate-cordoba-se-movilizo-contra-la-reforma-laboral-y-reclamo-junto-a-gremios-en-rechazo-de-aumento-del-aporte-previsional-de-municipales-y-provinciales","status":"publish","type":"post","link":"https:\/\/atecordoba.org\/?p=51891","title":{"rendered":"Paro Nacional: ATE C\u00f3rdoba se moviliz\u00f3 contra la Reforma Laboral y reclam\u00f3 junto a gremios en rechazo de aumento del aporte previsional de municipales y provinciales"},"content":{"rendered":"<p><img loading=\"lazy\" decoding=\"async\" class=\"aligncenter wp-image-51893 \" src=\"https:\/\/atecordoba.org\/wp-content\/uploads\/2025\/12\/IMG_20251209_104254230-scaled-e1765304086356-1024x543.jpg\" alt=\"\" width=\"614\" height=\"326\" srcset=\"https:\/\/atecordoba.org\/wp-content\/uploads\/2025\/12\/IMG_20251209_104254230-scaled-e1765304086356-1024x543.jpg 1024w, https:\/\/atecordoba.org\/wp-content\/uploads\/2025\/12\/IMG_20251209_104254230-scaled-e1765304086356-300x159.jpg 300w, https:\/\/atecordoba.org\/wp-content\/uploads\/2025\/12\/IMG_20251209_104254230-scaled-e1765304086356-768x407.jpg 768w, https:\/\/atecordoba.org\/wp-content\/uploads\/2025\/12\/IMG_20251209_104254230-scaled-e1765304086356-1536x814.jpg 1536w, https:\/\/atecordoba.org\/wp-content\/uploads\/2025\/12\/IMG_20251209_104254230-scaled-e1765304086356-2048x1086.jpg 2048w, https:\/\/atecordoba.org\/wp-content\/uploads\/2025\/12\/IMG_20251209_104254230-scaled-e1765304086356-750x398.jpg 750w, https:\/\/atecordoba.org\/wp-content\/uploads\/2025\/12\/IMG_20251209_104254230-scaled-e1765304086356-1140x604.jpg 1140w\" sizes=\"auto, (max-width: 614px) 100vw, 614px\" \/>En el marco del paro naci\u00f3n que ATE llev\u00f3 adelante hoy en todo el pa\u00eds, como protestas y movilizaciones las principales ciudades, ATE C\u00f3rdoba march\u00f3 hoy en repudio a la Reforma Laboral de Milei, que intenta arrasar con el r\u00e9gimen de protecci\u00f3n legal de las y los trabajadores del sector privado, pero que tambi\u00e9n afecta a los miles de trabajadores precarizados del Estado que est\u00e1n encuadrados en la Ley de Contrato de Trabajo.<\/p>\n<p>En esa l\u00ednea, la movilizaci\u00f3n de estatales en C\u00f3rdoba confluy\u00f3 con gremios privados y organizaciones territoriales, por el rechazo al aumento de los aportes previsionales que pretende imponer por ley el Gobernador Mart\u00edn Llaryora este mes. La manifestaci\u00f3n se concentr\u00f3 a una cuadra de la Legislatura, custodiada por un fuerte cerco policial. <img loading=\"lazy\" decoding=\"async\" class=\"aligncenter wp-image-51894 \" src=\"https:\/\/atecordoba.org\/wp-content\/uploads\/2025\/12\/IMG_20251209_105457923_MFNR-scaled-e1765304145988-1024x613.jpg\" alt=\"\" width=\"621\" height=\"372\" srcset=\"https:\/\/atecordoba.org\/wp-content\/uploads\/2025\/12\/IMG_20251209_105457923_MFNR-scaled-e1765304145988-1024x613.jpg 1024w, https:\/\/atecordoba.org\/wp-content\/uploads\/2025\/12\/IMG_20251209_105457923_MFNR-scaled-e1765304145988-300x180.jpg 300w, https:\/\/atecordoba.org\/wp-content\/uploads\/2025\/12\/IMG_20251209_105457923_MFNR-scaled-e1765304145988-768x460.jpg 768w, https:\/\/atecordoba.org\/wp-content\/uploads\/2025\/12\/IMG_20251209_105457923_MFNR-scaled-e1765304145988-1536x919.jpg 1536w, https:\/\/atecordoba.org\/wp-content\/uploads\/2025\/12\/IMG_20251209_105457923_MFNR-scaled-e1765304145988-2048x1226.jpg 2048w, https:\/\/atecordoba.org\/wp-content\/uploads\/2025\/12\/IMG_20251209_105457923_MFNR-scaled-e1765304145988-750x449.jpg 750w, https:\/\/atecordoba.org\/wp-content\/uploads\/2025\/12\/IMG_20251209_105457923_MFNR-scaled-e1765304145988-1140x682.jpg 1140w\" sizes=\"auto, (max-width: 621px) 100vw, 621px\" \/><\/p>\n<p>&#8220;ATE se esta movilizando en todo el pa\u00eds y el Consejo Directivo Provincial est\u00e1 en las calles de C\u00f3rdoba, junto a las seccionales.\u00a0No solo venimos a la Legislatura en rechazo a la Reforma Laboral de Milei, que es regresiva y atenta contra los derechos de los y las trabajadoras, sino tambi\u00e9n porque el Gobierno de Mart\u00edn Llaryora atenta igualmente contra los compa\u00f1eros provinciales y municipales aportantes a la Caja de Jubilaciones y con la estafa de la Apross&#8221;, remarc\u00f3 la secretaria Adjunto de ATE C\u00f3rdoba, Gabriela Alcoba.<\/p>\n<p>La menci\u00f3n a la Apross (obra social provincial) hace referencia al aumento de los aportes que Llaryora ya impuso a provinciales y municipales, en otro ejemplo de ajuste que el Gobierno de C\u00f3rdoba aplica en sinton\u00eda a la gesti\u00f3n libertaria.<\/p>\n<p>Por eso Alcoba fustig\u00f3 al cordobesismo, al se\u00f1alar que &#8220;entendemos que hay gobernadores y legisladores que son c\u00f3mplices del Gobierno Nacional, d\u00e1ndole al gobernabilidad para que siga los designios de EE.UU&#8221;.<img loading=\"lazy\" decoding=\"async\" class=\"aligncenter wp-image-51895 \" src=\"https:\/\/atecordoba.org\/wp-content\/uploads\/2025\/12\/IMG_20251209_111555940_MFNR-scaled-e1765304207154-1024x811.jpg\" alt=\"\" width=\"614\" height=\"486\" srcset=\"https:\/\/atecordoba.org\/wp-content\/uploads\/2025\/12\/IMG_20251209_111555940_MFNR-scaled-e1765304207154-1024x811.jpg 1024w, https:\/\/atecordoba.org\/wp-content\/uploads\/2025\/12\/IMG_20251209_111555940_MFNR-scaled-e1765304207154-300x238.jpg 300w, https:\/\/atecordoba.org\/wp-content\/uploads\/2025\/12\/IMG_20251209_111555940_MFNR-scaled-e1765304207154-768x608.jpg 768w, https:\/\/atecordoba.org\/wp-content\/uploads\/2025\/12\/IMG_20251209_111555940_MFNR-scaled-e1765304207154-1536x1216.jpg 1536w, https:\/\/atecordoba.org\/wp-content\/uploads\/2025\/12\/IMG_20251209_111555940_MFNR-scaled-e1765304207154-2048x1622.jpg 2048w, https:\/\/atecordoba.org\/wp-content\/uploads\/2025\/12\/IMG_20251209_111555940_MFNR-scaled-e1765304207154-750x594.jpg 750w, https:\/\/atecordoba.org\/wp-content\/uploads\/2025\/12\/IMG_20251209_111555940_MFNR-scaled-e1765304207154-1140x903.jpg 1140w\" sizes=\"auto, (max-width: 614px) 100vw, 614px\" \/><\/p>\n<p>La dirigente desatac\u00f3 que la marcha cont\u00f3 tambi\u00e9n con la participaci\u00f3n de las compa\u00f1eras de la Federaci\u00f3n nacional Territorial (FeNaT-CTAA), &#8220;!detenidas procesadas por la protesta del 28 de agosto, solicitando a la Municipalidad comida para los comederos populares. Por eso le decimos a Llaryora que no habr\u00e1 navidad en paz si no se entrega lo que corresponde a quienes sostienen en\u00a0 los barrios la alimentaci\u00f3n de las y los vecinos de las barriadas de C\u00f3rdoba Capital&#8221;.<\/p>\n<p><img loading=\"lazy\" decoding=\"async\" class=\"aligncenter wp-image-51896 \" src=\"https:\/\/atecordoba.org\/wp-content\/uploads\/2025\/12\/IMG_20251209_112021494_MFNR-scaled-e1765304296240-1024x884.jpg\" alt=\"\" width=\"617\" height=\"532\" srcset=\"https:\/\/atecordoba.org\/wp-content\/uploads\/2025\/12\/IMG_20251209_112021494_MFNR-scaled-e1765304296240-1024x884.jpg 1024w, https:\/\/atecordoba.org\/wp-content\/uploads\/2025\/12\/IMG_20251209_112021494_MFNR-scaled-e1765304296240-300x259.jpg 300w, https:\/\/atecordoba.org\/wp-content\/uploads\/2025\/12\/IMG_20251209_112021494_MFNR-scaled-e1765304296240-768x663.jpg 768w, https:\/\/atecordoba.org\/wp-content\/uploads\/2025\/12\/IMG_20251209_112021494_MFNR-scaled-e1765304296240-1536x1326.jpg 1536w, https:\/\/atecordoba.org\/wp-content\/uploads\/2025\/12\/IMG_20251209_112021494_MFNR-scaled-e1765304296240-2048x1768.jpg 2048w, https:\/\/atecordoba.org\/wp-content\/uploads\/2025\/12\/IMG_20251209_112021494_MFNR-scaled-e1765304296240-750x647.jpg 750w, https:\/\/atecordoba.org\/wp-content\/uploads\/2025\/12\/IMG_20251209_112021494_MFNR-scaled-e1765304296240-1140x984.jpg 1140w\" sizes=\"auto, (max-width: 617px) 100vw, 617px\" \/><\/p>\n<p>Alcoba, que estuvo en el palco del acto frente a la Legislatura, advirti\u00f3 que &#8220;sabemos de la intenci\u00f3n de Milei\u00a0 de profundizar el ajuste con las amenazas de despidos de estatales nacionales a partir de 31 de diciembre pr\u00f3ximo&#8221;, por lo que adelant\u00f3 que ATE seguir\u00e1 movilizado. &#8220;Necesitamos estar en la calle. ATE ha confrontado desde el primer d\u00eda del gobierno de Milei, el 11 de diciembre de 2023. Este diciembre vamos a continuar con la protestas sorpresivas porque entendemos que la protesta callejera es la manera de dar vuelta la tortilla&#8221;, concluy\u00f3.<\/p>\n<div id='gallery_1' class='gallery galleryid-51891 gallery-columns-3 gallery-size-thumbnail'><figure class='gallery-item'>\n                <div class='gallery-icon portrait'>\n                    <a href='https:\/\/atecordoba.org\/wp-content\/uploads\/2025\/12\/Captura-de-pantalla-2025-12-09-124053.png'><img loading=\"lazy\" decoding=\"async\" width=\"150\" height=\"150\" src=\"\" class=\"attachment-thumbnail size-thumbnail lazyload\" alt=\"\" data-src=\"https:\/\/atecordoba.org\/wp-content\/uploads\/2025\/12\/Captura-de-pantalla-2025-12-09-124053-150x150.png\" data-sizes=\"auto\" data-srcset=\"https:\/\/atecordoba.org\/wp-content\/uploads\/2025\/12\/Captura-de-pantalla-2025-12-09-124053-150x150.png 150w, https:\/\/atecordoba.org\/wp-content\/uploads\/2025\/12\/Captura-de-pantalla-2025-12-09-124053-560x560.png 560w, https:\/\/atecordoba.org\/wp-content\/uploads\/2025\/12\/Captura-de-pantalla-2025-12-09-124053-75x75.png 75w, https:\/\/atecordoba.org\/wp-content\/uploads\/2025\/12\/Captura-de-pantalla-2025-12-09-124053-350x350.png 350w\" data-expand=\"700\" \/><\/a>\n                <\/div><\/figure><figure class='gallery-item'>\n                <div class='gallery-icon portrait'>\n                    <a href='https:\/\/atecordoba.org\/wp-content\/uploads\/2025\/12\/Captura-de-pantalla-2025-12-09-124123.png'><img loading=\"lazy\" decoding=\"async\" width=\"150\" height=\"150\" src=\"\" class=\"attachment-thumbnail size-thumbnail lazyload\" alt=\"\" data-src=\"https:\/\/atecordoba.org\/wp-content\/uploads\/2025\/12\/Captura-de-pantalla-2025-12-09-124123-150x150.png\" data-sizes=\"auto\" data-srcset=\"https:\/\/atecordoba.org\/wp-content\/uploads\/2025\/12\/Captura-de-pantalla-2025-12-09-124123-150x150.png 150w, https:\/\/atecordoba.org\/wp-content\/uploads\/2025\/12\/Captura-de-pantalla-2025-12-09-124123-560x560.png 560w, https:\/\/atecordoba.org\/wp-content\/uploads\/2025\/12\/Captura-de-pantalla-2025-12-09-124123-75x75.png 75w, https:\/\/atecordoba.org\/wp-content\/uploads\/2025\/12\/Captura-de-pantalla-2025-12-09-124123-350x350.png 350w\" data-expand=\"700\" \/><\/a>\n                <\/div><\/figure><figure class='gallery-item'>\n                <div class='gallery-icon portrait'>\n                    <a href='https:\/\/atecordoba.org\/wp-content\/uploads\/2025\/12\/Captura-de-pantalla-2025-12-09-124141.png'><img loading=\"lazy\" decoding=\"async\" width=\"150\" height=\"150\" src=\"\" class=\"attachment-thumbnail size-thumbnail lazyload\" alt=\"\" data-src=\"https:\/\/atecordoba.org\/wp-content\/uploads\/2025\/12\/Captura-de-pantalla-2025-12-09-124141-150x150.png\" data-sizes=\"auto\" data-srcset=\"https:\/\/atecordoba.org\/wp-content\/uploads\/2025\/12\/Captura-de-pantalla-2025-12-09-124141-150x150.png 150w, https:\/\/atecordoba.org\/wp-content\/uploads\/2025\/12\/Captura-de-pantalla-2025-12-09-124141-560x560.png 560w, https:\/\/atecordoba.org\/wp-content\/uploads\/2025\/12\/Captura-de-pantalla-2025-12-09-124141-75x75.png 75w, https:\/\/atecordoba.org\/wp-content\/uploads\/2025\/12\/Captura-de-pantalla-2025-12-09-124141-350x350.png 350w\" data-expand=\"700\" \/><\/a>\n                <\/div><\/figure><br style=\"clear: both\" \/><figure class='gallery-item'>\n                <div class='gallery-icon landscape'>\n                    <a href='https:\/\/atecordoba.org\/wp-content\/uploads\/2025\/12\/Captura-de-pantalla-2025-12-09-124201.png'><img loading=\"lazy\" decoding=\"async\" width=\"150\" height=\"150\" src=\"\" class=\"attachment-thumbnail size-thumbnail lazyload\" alt=\"\" data-src=\"https:\/\/atecordoba.org\/wp-content\/uploads\/2025\/12\/Captura-de-pantalla-2025-12-09-124201-150x150.png\" data-sizes=\"auto\" data-srcset=\"https:\/\/atecordoba.org\/wp-content\/uploads\/2025\/12\/Captura-de-pantalla-2025-12-09-124201-150x150.png 150w, https:\/\/atecordoba.org\/wp-content\/uploads\/2025\/12\/Captura-de-pantalla-2025-12-09-124201-75x75.png 75w, https:\/\/atecordoba.org\/wp-content\/uploads\/2025\/12\/Captura-de-pantalla-2025-12-09-124201-350x350.png 350w\" data-expand=\"700\" \/><\/a>\n                <\/div><\/figure><figure class='gallery-item'>\n                <div class='gallery-icon landscape'>\n                    <a href='https:\/\/atecordoba.org\/wp-content\/uploads\/2025\/12\/Captura-de-pantalla-2025-12-09-124216.png'><img loading=\"lazy\" decoding=\"async\" width=\"150\" height=\"150\" src=\"\" class=\"attachment-thumbnail size-thumbnail lazyload\" alt=\"\" data-src=\"https:\/\/atecordoba.org\/wp-content\/uploads\/2025\/12\/Captura-de-pantalla-2025-12-09-124216-150x150.png\" data-sizes=\"auto\" data-srcset=\"https:\/\/atecordoba.org\/wp-content\/uploads\/2025\/12\/Captura-de-pantalla-2025-12-09-124216-150x150.png 150w, https:\/\/atecordoba.org\/wp-content\/uploads\/2025\/12\/Captura-de-pantalla-2025-12-09-124216-75x75.png 75w, https:\/\/atecordoba.org\/wp-content\/uploads\/2025\/12\/Captura-de-pantalla-2025-12-09-124216-350x350.png 350w\" data-expand=\"700\" \/><\/a>\n                <\/div><\/figure><figure class='gallery-item'>\n                <div class='gallery-icon portrait'>\n                    <a href='https:\/\/atecordoba.org\/wp-content\/uploads\/2025\/12\/Captura-de-pantalla-2025-12-09-124233.png'><img loading=\"lazy\" decoding=\"async\" width=\"150\" height=\"150\" src=\"\" class=\"attachment-thumbnail size-thumbnail lazyload\" alt=\"\" data-src=\"https:\/\/atecordoba.org\/wp-content\/uploads\/2025\/12\/Captura-de-pantalla-2025-12-09-124233-150x150.png\" data-sizes=\"auto\" data-srcset=\"https:\/\/atecordoba.org\/wp-content\/uploads\/2025\/12\/Captura-de-pantalla-2025-12-09-124233-150x150.png 150w, https:\/\/atecordoba.org\/wp-content\/uploads\/2025\/12\/Captura-de-pantalla-2025-12-09-124233-560x560.png 560w, https:\/\/atecordoba.org\/wp-content\/uploads\/2025\/12\/Captura-de-pantalla-2025-12-09-124233-75x75.png 75w, https:\/\/atecordoba.org\/wp-content\/uploads\/2025\/12\/Captura-de-pantalla-2025-12-09-124233-350x350.png 350w\" data-expand=\"700\" \/><\/a>\n                <\/div><\/figure><br style=\"clear: both\" \/><figure class='gallery-item'>\n                <div class='gallery-icon landscape'>\n                    <a href='https:\/\/atecordoba.org\/wp-content\/uploads\/2025\/12\/Captura-de-pantalla-2025-12-09-124252.png'><img loading=\"lazy\" decoding=\"async\" width=\"150\" height=\"150\" src=\"\" class=\"attachment-thumbnail size-thumbnail lazyload\" alt=\"\" data-src=\"https:\/\/atecordoba.org\/wp-content\/uploads\/2025\/12\/Captura-de-pantalla-2025-12-09-124252-150x150.png\" data-sizes=\"auto\" data-srcset=\"https:\/\/atecordoba.org\/wp-content\/uploads\/2025\/12\/Captura-de-pantalla-2025-12-09-124252-150x150.png 150w, https:\/\/atecordoba.org\/wp-content\/uploads\/2025\/12\/Captura-de-pantalla-2025-12-09-124252-75x75.png 75w, https:\/\/atecordoba.org\/wp-content\/uploads\/2025\/12\/Captura-de-pantalla-2025-12-09-124252-350x350.png 350w\" data-expand=\"700\" \/><\/a>\n                <\/div><\/figure><figure class='gallery-item'>\n                <div class='gallery-icon landscape'>\n                    <a href='https:\/\/atecordoba.org\/wp-content\/uploads\/2025\/12\/Captura-de-pantalla-2025-12-09-124307.png'><img loading=\"lazy\" decoding=\"async\" width=\"150\" height=\"150\" src=\"\" class=\"attachment-thumbnail size-thumbnail lazyload\" alt=\"\" data-src=\"https:\/\/atecordoba.org\/wp-content\/uploads\/2025\/12\/Captura-de-pantalla-2025-12-09-124307-150x150.png\" data-sizes=\"auto\" data-srcset=\"https:\/\/atecordoba.org\/wp-content\/uploads\/2025\/12\/Captura-de-pantalla-2025-12-09-124307-150x150.png 150w, https:\/\/atecordoba.org\/wp-content\/uploads\/2025\/12\/Captura-de-pantalla-2025-12-09-124307-75x75.png 75w, https:\/\/atecordoba.org\/wp-content\/uploads\/2025\/12\/Captura-de-pantalla-2025-12-09-124307-350x350.png 350w\" data-expand=\"700\" \/><\/a>\n                <\/div><\/figure><figure class='gallery-item'>\n                <div class='gallery-icon landscape'>\n                    <a href='https:\/\/atecordoba.org\/wp-content\/uploads\/2025\/12\/Captura-de-pantalla-2025-12-09-124327.png'><img loading=\"lazy\" decoding=\"async\" width=\"150\" height=\"150\" src=\"\" class=\"attachment-thumbnail size-thumbnail lazyload\" alt=\"\" data-src=\"https:\/\/atecordoba.org\/wp-content\/uploads\/2025\/12\/Captura-de-pantalla-2025-12-09-124327-150x150.png\" data-sizes=\"auto\" data-srcset=\"https:\/\/atecordoba.org\/wp-content\/uploads\/2025\/12\/Captura-de-pantalla-2025-12-09-124327-150x150.png 150w, https:\/\/atecordoba.org\/wp-content\/uploads\/2025\/12\/Captura-de-pantalla-2025-12-09-124327-75x75.png 75w, https:\/\/atecordoba.org\/wp-content\/uploads\/2025\/12\/Captura-de-pantalla-2025-12-09-124327-350x350.png 350w\" data-expand=\"700\" \/><\/a>\n                <\/div><\/figure><br style=\"clear: both\" \/><figure class='gallery-item'>\n                <div class='gallery-icon landscape'>\n                    <a href='https:\/\/atecordoba.org\/wp-content\/uploads\/2025\/12\/Captura-de-pantalla-2025-12-09-124346.png'><img loading=\"lazy\" decoding=\"async\" width=\"150\" height=\"150\" src=\"\" class=\"attachment-thumbnail size-thumbnail lazyload\" alt=\"\" data-src=\"https:\/\/atecordoba.org\/wp-content\/uploads\/2025\/12\/Captura-de-pantalla-2025-12-09-124346-150x150.png\" data-sizes=\"auto\" data-srcset=\"https:\/\/atecordoba.org\/wp-content\/uploads\/2025\/12\/Captura-de-pantalla-2025-12-09-124346-150x150.png 150w, https:\/\/atecordoba.org\/wp-content\/uploads\/2025\/12\/Captura-de-pantalla-2025-12-09-124346-75x75.png 75w, https:\/\/atecordoba.org\/wp-content\/uploads\/2025\/12\/Captura-de-pantalla-2025-12-09-124346-350x350.png 350w\" data-expand=\"700\" \/><\/a>\n                <\/div><\/figure><figure class='gallery-item'>\n                <div class='gallery-icon landscape'>\n                    <a href='https:\/\/atecordoba.org\/wp-content\/uploads\/2025\/12\/IMG_20251209_105900567_HDR-scaled.jpg'><img loading=\"lazy\" decoding=\"async\" width=\"150\" height=\"150\" src=\"\" class=\"attachment-thumbnail size-thumbnail lazyload\" alt=\"\" data-src=\"https:\/\/atecordoba.org\/wp-content\/uploads\/2025\/12\/IMG_20251209_105900567_HDR-150x150.jpg\" data-sizes=\"auto\" data-srcset=\"https:\/\/atecordoba.org\/wp-content\/uploads\/2025\/12\/IMG_20251209_105900567_HDR-150x150.jpg 150w, https:\/\/atecordoba.org\/wp-content\/uploads\/2025\/12\/IMG_20251209_105900567_HDR-300x300.jpg 300w, https:\/\/atecordoba.org\/wp-content\/uploads\/2025\/12\/IMG_20251209_105900567_HDR-1024x1024.jpg 1024w, https:\/\/atecordoba.org\/wp-content\/uploads\/2025\/12\/IMG_20251209_105900567_HDR-768x768.jpg 768w, https:\/\/atecordoba.org\/wp-content\/uploads\/2025\/12\/IMG_20251209_105900567_HDR-1536x1536.jpg 1536w, https:\/\/atecordoba.org\/wp-content\/uploads\/2025\/12\/IMG_20251209_105900567_HDR-2048x2048.jpg 2048w, https:\/\/atecordoba.org\/wp-content\/uploads\/2025\/12\/IMG_20251209_105900567_HDR-560x560.jpg 560w, https:\/\/atecordoba.org\/wp-content\/uploads\/2025\/12\/IMG_20251209_105900567_HDR-75x75.jpg 75w, https:\/\/atecordoba.org\/wp-content\/uploads\/2025\/12\/IMG_20251209_105900567_HDR-350x350.jpg 350w, https:\/\/atecordoba.org\/wp-content\/uploads\/2025\/12\/IMG_20251209_105900567_HDR-750x750.jpg 750w, https:\/\/atecordoba.org\/wp-content\/uploads\/2025\/12\/IMG_20251209_105900567_HDR-1140x1140.jpg 1140w\" data-expand=\"700\" \/><\/a>\n                <\/div><\/figure><figure class='gallery-item'>\n                <div class='gallery-icon landscape'>\n                    <a href='https:\/\/atecordoba.org\/wp-content\/uploads\/2025\/12\/IMG_20251209_105916777_HDR-scaled.jpg'><img loading=\"lazy\" decoding=\"async\" width=\"150\" height=\"150\" src=\"\" class=\"attachment-thumbnail size-thumbnail lazyload\" alt=\"\" data-src=\"https:\/\/atecordoba.org\/wp-content\/uploads\/2025\/12\/IMG_20251209_105916777_HDR-150x150.jpg\" data-sizes=\"auto\" data-srcset=\"https:\/\/atecordoba.org\/wp-content\/uploads\/2025\/12\/IMG_20251209_105916777_HDR-150x150.jpg 150w, https:\/\/atecordoba.org\/wp-content\/uploads\/2025\/12\/IMG_20251209_105916777_HDR-300x300.jpg 300w, https:\/\/atecordoba.org\/wp-content\/uploads\/2025\/12\/IMG_20251209_105916777_HDR-1024x1024.jpg 1024w, https:\/\/atecordoba.org\/wp-content\/uploads\/2025\/12\/IMG_20251209_105916777_HDR-768x768.jpg 768w, https:\/\/atecordoba.org\/wp-content\/uploads\/2025\/12\/IMG_20251209_105916777_HDR-1536x1536.jpg 1536w, https:\/\/atecordoba.org\/wp-content\/uploads\/2025\/12\/IMG_20251209_105916777_HDR-2048x2048.jpg 2048w, https:\/\/atecordoba.org\/wp-content\/uploads\/2025\/12\/IMG_20251209_105916777_HDR-560x560.jpg 560w, https:\/\/atecordoba.org\/wp-content\/uploads\/2025\/12\/IMG_20251209_105916777_HDR-75x75.jpg 75w, https:\/\/atecordoba.org\/wp-content\/uploads\/2025\/12\/IMG_20251209_105916777_HDR-350x350.jpg 350w, https:\/\/atecordoba.org\/wp-content\/uploads\/2025\/12\/IMG_20251209_105916777_HDR-750x750.jpg 750w, https:\/\/atecordoba.org\/wp-content\/uploads\/2025\/12\/IMG_20251209_105916777_HDR-1140x1140.jpg 1140w\" data-expand=\"700\" \/><\/a>\n                <\/div><\/figure><br style=\"clear: both\" \/><figure class='gallery-item'>\n                <div class='gallery-icon landscape'>\n                    <a href='https:\/\/atecordoba.org\/wp-content\/uploads\/2025\/12\/IMG_20251209_111738993_MFNR-scaled.jpg'><img loading=\"lazy\" decoding=\"async\" width=\"150\" height=\"150\" src=\"\" class=\"attachment-thumbnail size-thumbnail lazyload\" alt=\"\" data-src=\"https:\/\/atecordoba.org\/wp-content\/uploads\/2025\/12\/IMG_20251209_111738993_MFNR-150x150.jpg\" data-sizes=\"auto\" data-srcset=\"https:\/\/atecordoba.org\/wp-content\/uploads\/2025\/12\/IMG_20251209_111738993_MFNR-150x150.jpg 150w, https:\/\/atecordoba.org\/wp-content\/uploads\/2025\/12\/IMG_20251209_111738993_MFNR-300x300.jpg 300w, https:\/\/atecordoba.org\/wp-content\/uploads\/2025\/12\/IMG_20251209_111738993_MFNR-1024x1024.jpg 1024w, https:\/\/atecordoba.org\/wp-content\/uploads\/2025\/12\/IMG_20251209_111738993_MFNR-768x768.jpg 768w, https:\/\/atecordoba.org\/wp-content\/uploads\/2025\/12\/IMG_20251209_111738993_MFNR-1536x1536.jpg 1536w, https:\/\/atecordoba.org\/wp-content\/uploads\/2025\/12\/IMG_20251209_111738993_MFNR-2048x2048.jpg 2048w, https:\/\/atecordoba.org\/wp-content\/uploads\/2025\/12\/IMG_20251209_111738993_MFNR-560x560.jpg 560w, https:\/\/atecordoba.org\/wp-content\/uploads\/2025\/12\/IMG_20251209_111738993_MFNR-75x75.jpg 75w, https:\/\/atecordoba.org\/wp-content\/uploads\/2025\/12\/IMG_20251209_111738993_MFNR-350x350.jpg 350w, https:\/\/atecordoba.org\/wp-content\/uploads\/2025\/12\/IMG_20251209_111738993_MFNR-750x750.jpg 750w, https:\/\/atecordoba.org\/wp-content\/uploads\/2025\/12\/IMG_20251209_111738993_MFNR-1140x1140.jpg 1140w\" data-expand=\"700\" \/><\/a>\n                <\/div><\/figure><figure class='gallery-item'>\n                <div class='gallery-icon landscape'>\n                    <a href='https:\/\/atecordoba.org\/wp-content\/uploads\/2025\/12\/IMG_20251209_113224092_HDR-scaled.jpg'><img loading=\"lazy\" decoding=\"async\" width=\"150\" height=\"150\" src=\"\" class=\"attachment-thumbnail size-thumbnail lazyload\" alt=\"\" data-src=\"https:\/\/atecordoba.org\/wp-content\/uploads\/2025\/12\/IMG_20251209_113224092_HDR-150x150.jpg\" data-sizes=\"auto\" data-srcset=\"https:\/\/atecordoba.org\/wp-content\/uploads\/2025\/12\/IMG_20251209_113224092_HDR-150x150.jpg 150w, https:\/\/atecordoba.org\/wp-content\/uploads\/2025\/12\/IMG_20251209_113224092_HDR-300x300.jpg 300w, https:\/\/atecordoba.org\/wp-content\/uploads\/2025\/12\/IMG_20251209_113224092_HDR-1024x1024.jpg 1024w, https:\/\/atecordoba.org\/wp-content\/uploads\/2025\/12\/IMG_20251209_113224092_HDR-768x768.jpg 768w, https:\/\/atecordoba.org\/wp-content\/uploads\/2025\/12\/IMG_20251209_113224092_HDR-1536x1536.jpg 1536w, https:\/\/atecordoba.org\/wp-content\/uploads\/2025\/12\/IMG_20251209_113224092_HDR-2048x2048.jpg 2048w, https:\/\/atecordoba.org\/wp-content\/uploads\/2025\/12\/IMG_20251209_113224092_HDR-560x560.jpg 560w, https:\/\/atecordoba.org\/wp-content\/uploads\/2025\/12\/IMG_20251209_113224092_HDR-75x75.jpg 75w, https:\/\/atecordoba.org\/wp-content\/uploads\/2025\/12\/IMG_20251209_113224092_HDR-350x350.jpg 350w, https:\/\/atecordoba.org\/wp-content\/uploads\/2025\/12\/IMG_20251209_113224092_HDR-750x750.jpg 750w, https:\/\/atecordoba.org\/wp-content\/uploads\/2025\/12\/IMG_20251209_113224092_HDR-1140x1140.jpg 1140w\" data-expand=\"700\" \/><\/a>\n                <\/div><\/figure><figure class='gallery-item'>\n                <div class='gallery-icon landscape'>\n                    <a href='https:\/\/atecordoba.org\/wp-content\/uploads\/2025\/12\/IMG_20251209_111902637_MFNR-scaled.jpg'><img loading=\"lazy\" decoding=\"async\" width=\"150\" height=\"150\" src=\"\" class=\"attachment-thumbnail size-thumbnail lazyload\" alt=\"\" data-src=\"https:\/\/atecordoba.org\/wp-content\/uploads\/2025\/12\/IMG_20251209_111902637_MFNR-150x150.jpg\" data-sizes=\"auto\" data-srcset=\"https:\/\/atecordoba.org\/wp-content\/uploads\/2025\/12\/IMG_20251209_111902637_MFNR-150x150.jpg 150w, https:\/\/atecordoba.org\/wp-content\/uploads\/2025\/12\/IMG_20251209_111902637_MFNR-300x300.jpg 300w, https:\/\/atecordoba.org\/wp-content\/uploads\/2025\/12\/IMG_20251209_111902637_MFNR-1024x1024.jpg 1024w, https:\/\/atecordoba.org\/wp-content\/uploads\/2025\/12\/IMG_20251209_111902637_MFNR-768x768.jpg 768w, https:\/\/atecordoba.org\/wp-content\/uploads\/2025\/12\/IMG_20251209_111902637_MFNR-1536x1536.jpg 1536w, https:\/\/atecordoba.org\/wp-content\/uploads\/2025\/12\/IMG_20251209_111902637_MFNR-2048x2048.jpg 2048w, https:\/\/atecordoba.org\/wp-content\/uploads\/2025\/12\/IMG_20251209_111902637_MFNR-560x560.jpg 560w, https:\/\/atecordoba.org\/wp-content\/uploads\/2025\/12\/IMG_20251209_111902637_MFNR-75x75.jpg 75w, https:\/\/atecordoba.org\/wp-content\/uploads\/2025\/12\/IMG_20251209_111902637_MFNR-350x350.jpg 350w, https:\/\/atecordoba.org\/wp-content\/uploads\/2025\/12\/IMG_20251209_111902637_MFNR-750x750.jpg 750w, https:\/\/atecordoba.org\/wp-content\/uploads\/2025\/12\/IMG_20251209_111902637_MFNR-1140x1140.jpg 1140w\" data-expand=\"700\" \/><\/a>\n                <\/div><\/figure><br style=\"clear: both\" \/>\n            <\/div>\n\n<p>&nbsp;<\/p>\n","protected":false},"excerpt":{"rendered":"<p>En el marco del paro naci\u00f3n que ATE llev\u00f3 adelante hoy en todo el pa\u00eds, como protestas y movilizaciones las principales ciudades, ATE C\u00f3rdoba march\u00f3 hoy en repudio a la Reforma Laboral de Milei, que intenta arrasar con el r\u00e9gimen de protecci\u00f3n legal de las y los trabajadores del sector privado, pero que tambi\u00e9n afecta [&hellip;]<\/p>\n","protected":false},"author":7,"featured_media":51894,"comment_status":"open","ping_status":"open","sticky":false,"template":"","format":"standard","meta":{"_exactmetrics_skip_tracking":false,"_exactmetrics_sitenote_active":false,"_exactmetrics_sitenote_note":"","_exactmetrics_sitenote_category":0,"jnews-multi-image_gallery":[],"jnews_single_post":[],"jnews_primary_category":[],"jnews_social_meta":[],"jnews_review":[],"enable_review":"","type":"","name":"","summary":"","brand":"","sku":"","good":[],"bad":[],"score_override":"","override_value":"","rating":[],"price":[],"jnews_override_counter":[],"jnews_post_split":[],"footnotes":""},"categories":[341],"tags":[],"class_list":["post-51891","post","type-post","status-publish","format-standard","has-post-thumbnail","hentry","category-cdp"],"jetpack_featured_media_url":"https:\/\/atecordoba.org\/wp-content\/uploads\/2025\/12\/IMG_20251209_105457923_MFNR-scaled-e1765304145988.jpg","_links":{"self":[{"href":"https:\/\/atecordoba.org\/index.php?rest_route=\/wp\/v2\/posts\/51891","targetHints":{"allow":["GET"]}}],"collection":[{"href":"https:\/\/atecordoba.org\/index.php?rest_route=\/wp\/v2\/posts"}],"about":[{"href":"https:\/\/atecordoba.org\/index.php?rest_route=\/wp\/v2\/types\/post"}],"author":[{"embeddable":true,"href":"https:\/\/atecordoba.org\/index.php?rest_route=\/wp\/v2\/users\/7"}],"replies":[{"embeddable":true,"href":"https:\/\/atecordoba.org\/index.php?rest_route=%2Fwp%2Fv2%2Fcomments&post=51891"}],"version-history":[{"count":1,"href":"https:\/\/atecordoba.org\/index.php?rest_route=\/wp\/v2\/posts\/51891\/revisions"}],"predecessor-version":[{"id":51912,"href":"https:\/\/atecordoba.org\/index.php?rest_route=\/wp\/v2\/posts\/51891\/revisions\/51912"}],"wp:featuredmedia":[{"embeddable":true,"href":"https:\/\/atecordoba.org\/index.php?rest_route=\/wp\/v2\/media\/51894"}],"wp:attachment":[{"href":"https:\/\/atecordoba.org\/index.php?rest_route=%2Fwp%2Fv2%2Fmedia&parent=51891"}],"wp:term":[{"taxonomy":"category","embeddable":true,"href":"https:\/\/atecordoba.org\/index.php?rest_route=%2Fwp%2Fv2%2Fcategories&post=51891"},{"taxonomy":"post_tag","embeddable":true,"href":"https:\/\/atecordoba.org\/index.php?rest_route=%2Fwp%2Fv2%2Ftags&post=51891"}],"curies":[{"name":"wp","href":"https:\/\/api.w.org\/{rel}","templated":true}]}}