{"id":51874,"date":"2025-12-09T10:02:45","date_gmt":"2025-12-09T13:02:45","guid":{"rendered":"https:\/\/atecordoba.org\/?p=51874"},"modified":"2025-12-09T10:03:57","modified_gmt":"2025-12-09T13:03:57","slug":"un-estudio-identifico-mas-de-900-conflictos-laborales-en-cordoba-desde-que-asumio-milei","status":"publish","type":"post","link":"https:\/\/atecordoba.org\/?p=51874","title":{"rendered":"Un estudio identific\u00f3 m\u00e1s de 900 conflictos laborales en C\u00f3rdoba desde que asumi\u00f3 Milei"},"content":{"rendered":"<p><em>El Observatorio Social y Cultural para el Desarrollo Sostenible de la Universidad Nacional de C\u00f3rdoba registr\u00f3 la conflictividad laboral entre enero de 2023 y julio de 2025. El 59% corresponde al sector p\u00fablico y hay m\u00e1s reclamos por despidos, suspensiones y pagos adeudados. El 91% no tuvo respuestas de la patronal.<\/em><\/p>\n<p><img loading=\"lazy\" decoding=\"async\" class=\"aligncenter wp-image-51876 \" src=\"https:\/\/atecordoba.org\/wp-content\/uploads\/2025\/12\/goma-y-bandera-culiadazo-1024x1024.jpg\" alt=\"\" width=\"614\" height=\"614\" srcset=\"https:\/\/atecordoba.org\/wp-content\/uploads\/2025\/12\/goma-y-bandera-culiadazo-1024x1024.jpg 1024w, https:\/\/atecordoba.org\/wp-content\/uploads\/2025\/12\/goma-y-bandera-culiadazo-300x300.jpg 300w, https:\/\/atecordoba.org\/wp-content\/uploads\/2025\/12\/goma-y-bandera-culiadazo-150x150.jpg 150w, https:\/\/atecordoba.org\/wp-content\/uploads\/2025\/12\/goma-y-bandera-culiadazo-768x768.jpg 768w, https:\/\/atecordoba.org\/wp-content\/uploads\/2025\/12\/goma-y-bandera-culiadazo-560x560.jpg 560w, https:\/\/atecordoba.org\/wp-content\/uploads\/2025\/12\/goma-y-bandera-culiadazo-75x75.jpg 75w, https:\/\/atecordoba.org\/wp-content\/uploads\/2025\/12\/goma-y-bandera-culiadazo-350x350.jpg 350w, https:\/\/atecordoba.org\/wp-content\/uploads\/2025\/12\/goma-y-bandera-culiadazo-750x750.jpg 750w, https:\/\/atecordoba.org\/wp-content\/uploads\/2025\/12\/goma-y-bandera-culiadazo-1140x1140.jpg 1140w, https:\/\/atecordoba.org\/wp-content\/uploads\/2025\/12\/goma-y-bandera-culiadazo.jpg 1440w\" sizes=\"auto, (max-width: 614px) 100vw, 614px\" \/><\/p>\n<p>Un trabajo realizado por un equipo multidisciplinario de la Universidad Nacional de C\u00f3rdoba detect\u00f3 que entre enero de 2023 y julio de 2025 se visibilizaron 902 conflictos laborales. En 2023 fueron 297 conflictos. Esa cifra subi\u00f3 a 419 en 2024. Con datos hasta julio, en 2025 se registraron 186.<\/p>\n<p>El trabajo busca sostenerse en el tiempo y consolidar un monitoreo sistem\u00e1tico para establecer un observatorio de conflicto laboral en C\u00f3rdoba. Los datos completos y sistematizados se pueden consultar<a href=\"https:\/\/unciencia.unc.edu.ar\/economia\/conflictividad-laboral-como-por-que-y-quienes-protagonizan-los-reclamos-en-cordoba\/\"> ingresando aqu\u00ed<\/a>.<\/p>\n<p>\u201cEl an\u00e1lisis del conflicto, especialmente del conflicto de clases, permite indagar en la estructura, en la subjetividad, en la institucionalidad y en otras dimensiones de lo social. El conflicto social lo entendemos como disputa de grupos sociales por los recursos sociales y su distribuci\u00f3n\u201d, afirman los autores del trabajo.<\/p>\n<p><img loading=\"lazy\" decoding=\"async\" class=\"aligncenter wp-image-51875 \" src=\"https:\/\/atecordoba.org\/wp-content\/uploads\/2025\/12\/GRAFICOS-CL-cordoba-1024x465.png\" alt=\"\" width=\"897\" height=\"408\" srcset=\"https:\/\/atecordoba.org\/wp-content\/uploads\/2025\/12\/GRAFICOS-CL-cordoba-1024x465.png 1024w, https:\/\/atecordoba.org\/wp-content\/uploads\/2025\/12\/GRAFICOS-CL-cordoba-300x136.png 300w, https:\/\/atecordoba.org\/wp-content\/uploads\/2025\/12\/GRAFICOS-CL-cordoba-768x349.png 768w, https:\/\/atecordoba.org\/wp-content\/uploads\/2025\/12\/GRAFICOS-CL-cordoba-750x341.png 750w, https:\/\/atecordoba.org\/wp-content\/uploads\/2025\/12\/GRAFICOS-CL-cordoba-1140x518.png 1140w, https:\/\/atecordoba.org\/wp-content\/uploads\/2025\/12\/GRAFICOS-CL-cordoba.png 1536w\" sizes=\"auto, (max-width: 897px) 100vw, 897px\" \/><\/p>\n<p>El proyecto general se llama \u201cTrabajo e ingresos en la configuraci\u00f3n actual de la desigualdad social cordobesa\u201d y fue financiado por el Observatorio Social y Cultural para el Desarrollo Sostenible, que depende de la Secretar\u00eda de Ciencia y Tecnolog\u00eda (Secyt-UNC). Fue dirigido por Silvia Mor\u00f3n, de las facultades de Filosof\u00eda y Humanidades y de Ciencias Sociales. El cap\u00edtulo \u201cConflictividad laboral en C\u00f3rdoba\u201d fue coordinado por Susana Roitman, docente de la UNC y de la Universidad Nacional de Villa Mar\u00eda.<\/p>\n<p>Los principales datos que arroja el informe muestran que el sector p\u00fablico concentr\u00f3 el 59% de las problem\u00e1ticas (532 conflictos). Le siguen los sectores mixtos (17%), que lo integran empresas de car\u00e1cter p\u00fablico-privado (prensa, transporte, bancos, aeron\u00e1uticas) y el sector privado, que report\u00f3 el 10,8% de las protestas.<\/p>\n<p>\u201cSe advierte el destacado rol del Estado en sus distintos niveles y jurisdicciones situado como iniciador de los conflictos contra las\/los trabajadores\u201d, dice el trabajo.<\/p>\n<p><strong>Sector educativo<\/strong><\/p>\n<p>Seg\u00fan consigna la Agencia de Ciencia de la UNC \u00abUNCiencia\u00bb, dentro del sector p\u00fablico, la mitad de los conflictos correspondieron al sector educativo, ya sean protestas municipales, provinciales o de las universidades nacionales.<\/p>\n<p>Las paritarias del sector p\u00fablico fueron (y siguen siendo) el meollo de las acciones conflictivas, con el 60%. Suelen darse en los primeros meses del a\u00f1o y habitualmente vuelven para septiembre y octubre.<\/p>\n<p><strong>Sectores feminizados<\/strong><\/p>\n<p>En este punto, el reporte puntualiza: \u201cLos sectores de salud y educaci\u00f3n, altamente feminizados, suelen ser los m\u00e1s combativos, aunque su din\u00e1mica es diferente. En salud la representaci\u00f3n del SEP, \u00fanica reconocida por el gobierno provincial, es muy cuestionada por las bases que han buscado formas alternativas como gremios sin reconocimiento de \u00e1mbito por la negociaci\u00f3n o autoconvocatoria. Educaci\u00f3n se recuesta en un solo gremio reconocido, Uepc, pero con importantes disputas internas\u201d.<\/p>\n<p>Este cap\u00edtulo del proyecto del Observatorio fue realizado por Sergio Saiz Bonzano (FCS\/FFyH-UNC), Santiago Gerchunoff (FCS-UNC \/ Conicet), Federico Reche (FCS\/FFyH-UNC), \u00c9rika Schuster (FCS-UNC) y Ayel\u00e9n Branca (FCS-UNC).<\/p>\n","protected":false},"excerpt":{"rendered":"<p>El Observatorio Social y Cultural para el Desarrollo Sostenible de la Universidad Nacional de C\u00f3rdoba registr\u00f3 la conflictividad laboral entre enero de 2023 y julio de 2025. El 59% corresponde al sector p\u00fablico y hay m\u00e1s reclamos por despidos, suspensiones y pagos adeudados. El 91% no tuvo respuestas de la patronal. Un trabajo realizado por [&hellip;]<\/p>\n","protected":false},"author":7,"featured_media":51876,"comment_status":"open","ping_status":"open","sticky":false,"template":"","format":"standard","meta":{"_exactmetrics_skip_tracking":false,"_exactmetrics_sitenote_active":false,"_exactmetrics_sitenote_note":"","_exactmetrics_sitenote_category":0,"jnews-multi-image_gallery":[],"jnews_single_post":{"format":"standard","override":[{"template":"1","parallax":"1","fullscreen":"1","layout":"no-sidebar-narrow","sidebar":"default-sidebar","second_sidebar":"default-sidebar","sticky_sidebar":"1","share_position":"bottom","share_float_style":"share-monocrhome","show_share_counter":"1","show_view_counter":"1","show_post_meta":"1","show_post_author_image":"1","show_post_date":"1","post_date_format":"default","post_date_format_custom":"Y\/m\/d","show_post_category":"1","show_post_reading_time":"0","post_reading_time_wpm":"300","post_calculate_word_method":"str_word_count","show_zoom_button":"0","zoom_button_out_step":"2","zoom_button_in_step":"3","show_post_tag":"1","number_popup_post":"1","show_post_related":"1","show_inline_post_related":"0"}],"image_override":[{"single_post_thumbnail_size":"crop-500","single_post_gallery_size":"crop-500"}],"trending_post_position":"meta","trending_post_label":"Trending","sponsored_post_label":"Sponsored by","disable_ad":"0"},"jnews_primary_category":[],"jnews_social_meta":[],"jnews_review":[],"enable_review":"","type":"percentage","name":"","summary":"","brand":"","sku":"","good":[],"bad":[],"score_override":"","override_value":"","rating":[],"price":[],"jnews_override_counter":{"view_counter_number":"0","share_counter_number":"0","like_counter_number":"0","dislike_counter_number":"0"},"jnews_post_split":{"post_split":[{"template":"1","tag":"h2","numbering":"asc","mode":"normal","first":"0","enable_toc":"0","toc_type":"normal"}]},"footnotes":""},"categories":[341],"tags":[],"class_list":["post-51874","post","type-post","status-publish","format-standard","has-post-thumbnail","hentry","category-cdp"],"jetpack_featured_media_url":"https:\/\/atecordoba.org\/wp-content\/uploads\/2025\/12\/goma-y-bandera-culiadazo.jpg","_links":{"self":[{"href":"https:\/\/atecordoba.org\/index.php?rest_route=\/wp\/v2\/posts\/51874","targetHints":{"allow":["GET"]}}],"collection":[{"href":"https:\/\/atecordoba.org\/index.php?rest_route=\/wp\/v2\/posts"}],"about":[{"href":"https:\/\/atecordoba.org\/index.php?rest_route=\/wp\/v2\/types\/post"}],"author":[{"embeddable":true,"href":"https:\/\/atecordoba.org\/index.php?rest_route=\/wp\/v2\/users\/7"}],"replies":[{"embeddable":true,"href":"https:\/\/atecordoba.org\/index.php?rest_route=%2Fwp%2Fv2%2Fcomments&post=51874"}],"version-history":[{"count":2,"href":"https:\/\/atecordoba.org\/index.php?rest_route=\/wp\/v2\/posts\/51874\/revisions"}],"predecessor-version":[{"id":51878,"href":"https:\/\/atecordoba.org\/index.php?rest_route=\/wp\/v2\/posts\/51874\/revisions\/51878"}],"wp:featuredmedia":[{"embeddable":true,"href":"https:\/\/atecordoba.org\/index.php?rest_route=\/wp\/v2\/media\/51876"}],"wp:attachment":[{"href":"https:\/\/atecordoba.org\/index.php?rest_route=%2Fwp%2Fv2%2Fmedia&parent=51874"}],"wp:term":[{"taxonomy":"category","embeddable":true,"href":"https:\/\/atecordoba.org\/index.php?rest_route=%2Fwp%2Fv2%2Fcategories&post=51874"},{"taxonomy":"post_tag","embeddable":true,"href":"https:\/\/atecordoba.org\/index.php?rest_route=%2Fwp%2Fv2%2Ftags&post=51874"}],"curies":[{"name":"wp","href":"https:\/\/api.w.org\/{rel}","templated":true}]}}