{"id":51870,"date":"2025-12-09T09:50:17","date_gmt":"2025-12-09T12:50:17","guid":{"rendered":"https:\/\/atecordoba.org\/?p=51870"},"modified":"2025-12-09T09:50:17","modified_gmt":"2025-12-09T12:50:17","slug":"ate-va-al-paro-por-la-reforma-laboral-y-denuncia-a-los-gobernadores-son-complices-primarios","status":"publish","type":"post","link":"https:\/\/atecordoba.org\/?p=51870","title":{"rendered":"ATE va al paro por la reforma laboral y denuncia a los gobernadores: \u201cSon c\u00f3mplices primarios\u201d"},"content":{"rendered":"<p><img loading=\"lazy\" decoding=\"async\" class=\"aligncenter wp-image-51871 \" src=\"https:\/\/atecordoba.org\/wp-content\/uploads\/2025\/12\/flyer-paro-9-12-25-819x1024.jpeg\" alt=\"\" width=\"603\" height=\"754\" \/>ATE realizar\u00e1 este martes un Paro Nacional con protestas en todo el pa\u00eds, para rechazar la reforma laboral regresiva del Gobierno, exigir la inmediata reapertura de paritarias con una recomposici\u00f3n salarial de emergencia y en rechazo al intento de recorte del 10% de los trabajadores estatales.<\/p>\n<p>En C\u00f3rdoba estamos concentrando desde la 9 horas en la sede del Consejo Directivo Provincial, Entre R\u00edos 450,\u00a0 para movilizarnos a la Legislatura, en rechazo al aumento de los aportes a la Caja de Jubilaciones que pretende imponer el Gobernador Mart\u00edn Llaryora. En tanto, en Capital Federal ATE se movilizar\u00e1 al Congreso de la Naci\u00f3n a las 11 horas.<\/p>\n<p>Se prev\u00e9 que el Gobierno ingrese el proyecto de reforma laboral hoy y, en este marco, nuestro secretario General Rodolfo Aguiar, denunci\u00f3 que \u201cIntentar\u00e1n imponer una reforma regresiva, pero esta vez el \u00fanico responsable no ser\u00e1 Milei. Los gobernadores son part\u00edcipes necesarios, c\u00f3mplices primarios del mayor ataque en democracia a todos los derechos laborales. Algunos, incluso como el de Catamarca, juntaron votos en sus provincias hablando contra el ajuste nacional y ahora pretenden ser funcionales a esas pol\u00edticas. No descartamos movilizaciones nacionales a esos distritos\u201d.<\/p>\n<p>\u201cEn el sector p\u00fablico estamos en emergencia salarial. Con la ayuda de algunos pseudo gremialistas nuestros ingresos han sido destrozados. En los \u00faltimos 23 meses hemos perdido m\u00e1s de 33% de nuestro poder adquisitivo. El gobierno debe convocar a paritarias y otorgar una inmediata recomposici\u00f3n salarial\u201d, agreg\u00f3 el dirigente de ATE.<\/p>\n<p>Otro de los motivos de la medida de fuerza es la intenci\u00f3n del Gobierno de recortar la planta de trabajadores del Sector P\u00fablico. Por eso Aguiar apunt\u00f3 contra Milei y su s\u00e9quito: \u201cLa intenci\u00f3n de achicar el Estado un 10% se convierte en una utop\u00eda luego de que fueran rechazados por el Congreso los decretos de desregulaci\u00f3n de Sturzenegger. No pueden hacerlo. Ser\u00eda ilegal\u201d<\/p>\n<p>Entre los principales reclamos se encuentra el intento de recorte del 10% en el Estado que intenta el Gobierno, el cual apuntar\u00eda a los organismos descentralizados como la Oficina Anticorrupci\u00f3n, el Indec, el Conicet, la Coneau, el ARCA, el Archivo General de la Naci\u00f3n, la Anses, la Conadis, el Enargas, el Enre, el INTA, el INTI y el Enacom.<\/p>\n<p>&nbsp;<\/p>\n","protected":false},"excerpt":{"rendered":"<p>ATE realizar\u00e1 este martes un Paro Nacional con protestas en todo el pa\u00eds, para rechazar la reforma laboral regresiva del Gobierno, exigir la inmediata reapertura de paritarias con una recomposici\u00f3n salarial de emergencia y en rechazo al intento de recorte del 10% de los trabajadores estatales. En C\u00f3rdoba estamos concentrando desde la 9 horas en [&hellip;]<\/p>\n","protected":false},"author":7,"featured_media":51871,"comment_status":"open","ping_status":"open","sticky":false,"template":"","format":"standard","meta":{"_exactmetrics_skip_tracking":false,"_exactmetrics_sitenote_active":false,"_exactmetrics_sitenote_note":"","_exactmetrics_sitenote_category":0,"jnews-multi-image_gallery":[],"jnews_single_post":[],"jnews_primary_category":[],"jnews_social_meta":[],"jnews_review":[],"enable_review":"","type":"","name":"","summary":"","brand":"","sku":"","good":[],"bad":[],"score_override":"","override_value":"","rating":[],"price":[],"jnews_override_counter":[],"jnews_post_split":[],"footnotes":""},"categories":[756],"tags":[],"class_list":["post-51870","post","type-post","status-publish","format-standard","has-post-thumbnail","hentry","category-consejo-directivo-nacional-cdn"],"jetpack_featured_media_url":"https:\/\/atecordoba.org\/wp-content\/uploads\/2025\/12\/flyer-paro-9-12-25-e1765284610177.jpeg","_links":{"self":[{"href":"https:\/\/atecordoba.org\/index.php?rest_route=\/wp\/v2\/posts\/51870","targetHints":{"allow":["GET"]}}],"collection":[{"href":"https:\/\/atecordoba.org\/index.php?rest_route=\/wp\/v2\/posts"}],"about":[{"href":"https:\/\/atecordoba.org\/index.php?rest_route=\/wp\/v2\/types\/post"}],"author":[{"embeddable":true,"href":"https:\/\/atecordoba.org\/index.php?rest_route=\/wp\/v2\/users\/7"}],"replies":[{"embeddable":true,"href":"https:\/\/atecordoba.org\/index.php?rest_route=%2Fwp%2Fv2%2Fcomments&post=51870"}],"version-history":[{"count":1,"href":"https:\/\/atecordoba.org\/index.php?rest_route=\/wp\/v2\/posts\/51870\/revisions"}],"predecessor-version":[{"id":51872,"href":"https:\/\/atecordoba.org\/index.php?rest_route=\/wp\/v2\/posts\/51870\/revisions\/51872"}],"wp:featuredmedia":[{"embeddable":true,"href":"https:\/\/atecordoba.org\/index.php?rest_route=\/wp\/v2\/media\/51871"}],"wp:attachment":[{"href":"https:\/\/atecordoba.org\/index.php?rest_route=%2Fwp%2Fv2%2Fmedia&parent=51870"}],"wp:term":[{"taxonomy":"category","embeddable":true,"href":"https:\/\/atecordoba.org\/index.php?rest_route=%2Fwp%2Fv2%2Fcategories&post=51870"},{"taxonomy":"post_tag","embeddable":true,"href":"https:\/\/atecordoba.org\/index.php?rest_route=%2Fwp%2Fv2%2Ftags&post=51870"}],"curies":[{"name":"wp","href":"https:\/\/api.w.org\/{rel}","templated":true}]}}