{"id":51860,"date":"2025-12-05T12:25:12","date_gmt":"2025-12-05T15:25:12","guid":{"rendered":"https:\/\/atecordoba.org\/?p=51860"},"modified":"2025-12-05T13:56:18","modified_gmt":"2025-12-05T16:56:18","slug":"los-aromos-ate-exige-a-la-comuna-la-retencion-de-la-cuota-sindical-y-la-apertura-de-una-mesa-de-negociacion-laboral-por-los-recortes-salariales","status":"publish","type":"post","link":"https:\/\/atecordoba.org\/?p=51860","title":{"rendered":"Los Aromos: ATE exige a la Comuna la retenci\u00f3n de la cuota sindical y la apertura de una mesa de negociaci\u00f3n laboral por los recortes salariales"},"content":{"rendered":"<p><img loading=\"lazy\" decoding=\"async\" class=\"aligncenter wp-image-51861 \" src=\"https:\/\/atecordoba.org\/wp-content\/uploads\/2025\/12\/los-aromos-comuna.jpg\" alt=\"\" width=\"645\" height=\"440\" srcset=\"https:\/\/atecordoba.org\/wp-content\/uploads\/2025\/12\/los-aromos-comuna.jpg 696w, https:\/\/atecordoba.org\/wp-content\/uploads\/2025\/12\/los-aromos-comuna-300x205.jpg 300w\" sizes=\"auto, (max-width: 645px) 100vw, 645px\" \/><\/p>\n<p>En una nota dirigida a la Comuna de Los Aromos, ATE C\u00f3rdoba reclam\u00f3 al jefe comunal Daniel Pastorino que ejecute la retenci\u00f3n de la cuota sindical de nuestros afiliados y afiliadas del sector \u201cdado que es deber de la Comuna cumplir la normativa internacional, nacional y provincial vigente en materia de libre afiliaci\u00f3n. La misiva fue ingresada por la delegada de ATE Alta Gracia, Cintia Rosales, junto al compa\u00f1ero Javier L\u00f3pez..<\/p>\n<p>Nuestra organizaci\u00f3n advirti\u00f3 a la Comuna que esta legislaci\u00f3n \u201cno se cumplir\u00eda si existen regulaciones que coartan ese derecho constitucional\u201d.<\/p>\n<p>Rosales se reuni\u00f3n en la oportunidad con Javier Guti\u00e9rrez, Secretario por la Minor\u00eda de la Comuna, que hizo presentaciones sobre libertad y democracia sindical, reconocimiento de ATE y respaldando el reclamo por salarios dignos para los y las municipales de la localidad.<\/p>\n<p>ATE ya realiz\u00f3 numerosos reclamos respecto al incumplimiento de las obligaciones del Departamento Ejecutivo sobre la retenci\u00f3n de la cuota de las y los afiliados, en el marco del necesario reconocimiento del \u00e1mbito de representaci\u00f3n de ATE en Los Aromos, ya que que son los y las trabajadoras quienes eligen qu\u00e9 sindicato los represente.<img loading=\"lazy\" decoding=\"async\" class=\"alignright wp-image-51862 \" src=\"https:\/\/atecordoba.org\/wp-content\/uploads\/2025\/12\/WhatsApp-Image-2025-12-05-at-11.38.12-1024x767.jpeg\" alt=\"\" width=\"559\" height=\"419\" \/><\/p>\n<p>En ese marco, nuestro sindicato advirti\u00f3 a la Comuna que de incumplir con sus obligaciones inherentes, se realizar\u00e1n las acciones legales pertinentes, as\u00ed como la denuncia en el Ministerio de Trabajo de la Naci\u00f3n y la Provincia, dando inicio tambi\u00e9n a las medidas de acci\u00f3n correspondientes, dado que comienza la temporada de verano.<\/p>\n<p><strong>Rechazo a recortes salariales<\/strong><\/p>\n<p>A su vez, la comitiva de ATE acompa\u00f1\u00f3 el reclamo de la afiliada M\u00f3nica Fern\u00e1ndez, que sufre el descuento compulsivo y arbitrario de una buena parte de su salario, cuando Pasturino resolvi\u00f3 dejar de pagar un suplemento de haberes que Fern\u00e1ndez, as\u00ed como otras trabajadoras y trabajadores, ven\u00edan cobrando hace ya siete a\u00f1os, suplemento que significa un 22% del sueldo por lo que el da\u00f1o a los ingresos del sector es enorme.<\/p>\n<p>El descuento se realiz\u00f3 en base a la resoluci\u00f3n 1580\/2025, que inhabilita derechos adquiridos como el mencionado complemento de haberes.<\/p>\n<p>En tal sentido, ATE exigi\u00f3 la restituci\u00f3n del salario completo ya que \u201clos derechos no pueden verse restringidos ,ya que el derecho laboral no admite modificaciones para empeorar la situaci\u00f3n de trabajo, salario y beneficios econ\u00f3micos, sino por el contrario: los trabajadores tienen derecho a mantener el nivel de salario y los beneficios econ\u00f3micos que han obtenido a lo largo de su relaci\u00f3n laboral. Esto incluye sueldos, bonificaciones, comisiones y otros incentivos financieros\u201d.<\/p>\n<p>Cabe mencionar que en materia laboral, las medidas que se tomen nunca pueden ser en desmedro de la y el trabajador. Al percibir hace ya hace siete a\u00f1os el porcentaje del 22% referido a un suplemento por tareas especiales, este monto deber\u00eda constituir parte de un salario digno, cosa que no ocurre en la actualidad.<\/p>\n<div id='gallery_1' class='gallery galleryid-51860 gallery-columns-2 gallery-size-medium'><figure class='gallery-item'>\n                <div class='gallery-icon portrait'>\n                    <a href='https:\/\/atecordoba.org\/wp-content\/uploads\/2025\/12\/WhatsApp-Image-2025-12-05-at-11.38.13.jpeg'><img loading=\"lazy\" decoding=\"async\" width=\"225\" height=\"300\" src=\"\" class=\"attachment-medium size-medium lazyload\" alt=\"\" data-src=\"https:\/\/atecordoba.org\/wp-content\/uploads\/2025\/12\/WhatsApp-Image-2025-12-05-at-11.38.13-225x300.jpeg\" data-sizes=\"auto\" data-srcset=\"https:\/\/atecordoba.org\/wp-content\/uploads\/2025\/12\/WhatsApp-Image-2025-12-05-at-11.38.13-225x300.jpeg 225w, https:\/\/atecordoba.org\/wp-content\/uploads\/2025\/12\/WhatsApp-Image-2025-12-05-at-11.38.13-768x1024.jpeg 768w, https:\/\/atecordoba.org\/wp-content\/uploads\/2025\/12\/WhatsApp-Image-2025-12-05-at-11.38.13-750x1000.jpeg 750w, https:\/\/atecordoba.org\/wp-content\/uploads\/2025\/12\/WhatsApp-Image-2025-12-05-at-11.38.13.jpeg 960w\" data-expand=\"700\" \/><\/a>\n                <\/div><\/figure><figure class='gallery-item'>\n                <div class='gallery-icon portrait'>\n                    <a href='https:\/\/atecordoba.org\/wp-content\/uploads\/2025\/12\/WhatsApp-Image-2025-12-05-at-11.38.13-1.jpeg'><img loading=\"lazy\" decoding=\"async\" width=\"225\" height=\"300\" src=\"\" class=\"attachment-medium size-medium lazyload\" alt=\"\" data-src=\"https:\/\/atecordoba.org\/wp-content\/uploads\/2025\/12\/WhatsApp-Image-2025-12-05-at-11.38.13-1-225x300.jpeg\" data-sizes=\"auto\" data-srcset=\"https:\/\/atecordoba.org\/wp-content\/uploads\/2025\/12\/WhatsApp-Image-2025-12-05-at-11.38.13-1-225x300.jpeg 225w, https:\/\/atecordoba.org\/wp-content\/uploads\/2025\/12\/WhatsApp-Image-2025-12-05-at-11.38.13-1-768x1024.jpeg 768w, https:\/\/atecordoba.org\/wp-content\/uploads\/2025\/12\/WhatsApp-Image-2025-12-05-at-11.38.13-1-750x1000.jpeg 750w, https:\/\/atecordoba.org\/wp-content\/uploads\/2025\/12\/WhatsApp-Image-2025-12-05-at-11.38.13-1.jpeg 960w\" data-expand=\"700\" \/><\/a>\n                <\/div><\/figure><br style=\"clear: both\" \/>\n            <\/div>\n\n<p>Ate argument\u00f3 ante el Jefe Comunal que \u201cel reconocimiento de los derechos adquiridos en Argentina se basa en varios principios legales y constitucionales. La Constituci\u00f3n Nacional de Argentina, en su art\u00edculo 14 bis, establece que \u2018el trabajo en sus diversas formas gozar\u00e1 de la protecci\u00f3n de las leyes, las que asegurar\u00e1 al trabajador condiciones dignas y equitativas de labor\u2019. Este art\u00edculo sienta las bases para la protecci\u00f3n de los derechos laborales en el pa\u00eds\u201d.<\/p>\n<p>En consecuencia, reclam\u00f3 la devoluci\u00f3n del suplemento con car\u00e1cter retroactivo a todos los meses en que fue descontado y la apertura de una mesa de di\u00e1logo para abordar la problem\u00e1tica. Fern\u00e1ndez lleva 11 a\u00f1os de trabajo ininterrumpido en la Comuna Los Aromos.<\/p>\n","protected":false},"excerpt":{"rendered":"<p>En una nota dirigida a la Comuna de Los Aromos, ATE C\u00f3rdoba reclam\u00f3 al jefe comunal Daniel Pastorino que ejecute la retenci\u00f3n de la cuota sindical de nuestros afiliados y afiliadas del sector \u201cdado que es deber de la Comuna cumplir la normativa internacional, nacional y provincial vigente en materia de libre afiliaci\u00f3n. La misiva [&hellip;]<\/p>\n","protected":false},"author":7,"featured_media":51862,"comment_status":"open","ping_status":"open","sticky":false,"template":"","format":"standard","meta":{"_exactmetrics_skip_tracking":false,"_exactmetrics_sitenote_active":false,"_exactmetrics_sitenote_note":"","_exactmetrics_sitenote_category":0,"jnews-multi-image_gallery":[],"jnews_single_post":{"format":"standard","override":[{"template":"1","parallax":"1","fullscreen":"1","layout":"no-sidebar-narrow","sidebar":"default-sidebar","second_sidebar":"default-sidebar","sticky_sidebar":"1","share_position":"bottom","share_float_style":"share-monocrhome","show_share_counter":"1","show_view_counter":"1","show_post_meta":"1","show_post_author_image":"1","show_post_date":"1","post_date_format":"default","post_date_format_custom":"Y\/m\/d","show_post_category":"1","show_post_reading_time":"0","post_reading_time_wpm":"300","post_calculate_word_method":"str_word_count","show_zoom_button":"0","zoom_button_out_step":"2","zoom_button_in_step":"3","show_post_tag":"1","number_popup_post":"1","show_post_related":"1","show_inline_post_related":"0"}],"image_override":[{"single_post_thumbnail_size":"crop-500","single_post_gallery_size":"crop-500"}],"trending_post_position":"meta","trending_post_label":"Trending","sponsored_post_label":"Sponsored by","disable_ad":"0"},"jnews_primary_category":[],"jnews_social_meta":[],"jnews_review":[],"enable_review":"","type":"percentage","name":"","summary":"","brand":"","sku":"","good":[],"bad":[],"score_override":"","override_value":"","rating":[],"price":[],"jnews_override_counter":{"view_counter_number":"0","share_counter_number":"0","like_counter_number":"0","dislike_counter_number":"0"},"jnews_post_split":{"post_split":[{"template":"1","tag":"h2","numbering":"asc","mode":"normal","first":"0","enable_toc":"0","toc_type":"normal"}]},"footnotes":""},"categories":[20],"tags":[],"class_list":["post-51860","post","type-post","status-publish","format-standard","has-post-thumbnail","hentry","category-municipales"],"jetpack_featured_media_url":"https:\/\/atecordoba.org\/wp-content\/uploads\/2025\/12\/WhatsApp-Image-2025-12-05-at-11.38.12-e1764948305678.jpeg","_links":{"self":[{"href":"https:\/\/atecordoba.org\/index.php?rest_route=\/wp\/v2\/posts\/51860","targetHints":{"allow":["GET"]}}],"collection":[{"href":"https:\/\/atecordoba.org\/index.php?rest_route=\/wp\/v2\/posts"}],"about":[{"href":"https:\/\/atecordoba.org\/index.php?rest_route=\/wp\/v2\/types\/post"}],"author":[{"embeddable":true,"href":"https:\/\/atecordoba.org\/index.php?rest_route=\/wp\/v2\/users\/7"}],"replies":[{"embeddable":true,"href":"https:\/\/atecordoba.org\/index.php?rest_route=%2Fwp%2Fv2%2Fcomments&post=51860"}],"version-history":[{"count":4,"href":"https:\/\/atecordoba.org\/index.php?rest_route=\/wp\/v2\/posts\/51860\/revisions"}],"predecessor-version":[{"id":51869,"href":"https:\/\/atecordoba.org\/index.php?rest_route=\/wp\/v2\/posts\/51860\/revisions\/51869"}],"wp:featuredmedia":[{"embeddable":true,"href":"https:\/\/atecordoba.org\/index.php?rest_route=\/wp\/v2\/media\/51862"}],"wp:attachment":[{"href":"https:\/\/atecordoba.org\/index.php?rest_route=%2Fwp%2Fv2%2Fmedia&parent=51860"}],"wp:term":[{"taxonomy":"category","embeddable":true,"href":"https:\/\/atecordoba.org\/index.php?rest_route=%2Fwp%2Fv2%2Fcategories&post=51860"},{"taxonomy":"post_tag","embeddable":true,"href":"https:\/\/atecordoba.org\/index.php?rest_route=%2Fwp%2Fv2%2Ftags&post=51860"}],"curies":[{"name":"wp","href":"https:\/\/api.w.org\/{rel}","templated":true}]}}