{"id":51856,"date":"2025-12-05T09:41:47","date_gmt":"2025-12-05T12:41:47","guid":{"rendered":"https:\/\/atecordoba.org\/?p=51856"},"modified":"2025-12-05T09:41:47","modified_gmt":"2025-12-05T12:41:47","slug":"ate-suma-al-hospital-eva-peron-de-calamuchita-e-inicia-los-contactos-institucionales","status":"publish","type":"post","link":"https:\/\/atecordoba.org\/?p=51856","title":{"rendered":"ATE suma al Hospital Eva Per\u00f3n de Calamuchita e inicia los contactos institucionales"},"content":{"rendered":"<p><img loading=\"lazy\" decoding=\"async\" class=\"aligncenter wp-image-51857 \" src=\"https:\/\/atecordoba.org\/wp-content\/uploads\/2025\/12\/hosp-evca-peron-calamuchita-1024x394.jpg\" alt=\"\" width=\"605\" height=\"233\" srcset=\"https:\/\/atecordoba.org\/wp-content\/uploads\/2025\/12\/hosp-evca-peron-calamuchita-1024x394.jpg 1024w, https:\/\/atecordoba.org\/wp-content\/uploads\/2025\/12\/hosp-evca-peron-calamuchita-300x115.jpg 300w, https:\/\/atecordoba.org\/wp-content\/uploads\/2025\/12\/hosp-evca-peron-calamuchita-768x295.jpg 768w, https:\/\/atecordoba.org\/wp-content\/uploads\/2025\/12\/hosp-evca-peron-calamuchita-1536x590.jpg 1536w, https:\/\/atecordoba.org\/wp-content\/uploads\/2025\/12\/hosp-evca-peron-calamuchita-750x288.jpg 750w, https:\/\/atecordoba.org\/wp-content\/uploads\/2025\/12\/hosp-evca-peron-calamuchita-1140x438.jpg 1140w, https:\/\/atecordoba.org\/wp-content\/uploads\/2025\/12\/hosp-evca-peron-calamuchita.jpg 1600w\" sizes=\"auto, (max-width: 605px) 100vw, 605px\" \/>ATE ampli\u00f3 su base de representaci\u00f3n en la Provincia con la incorporaci\u00f3n de trabajadores y trabajadoras del Hospital Reional Eva Per\u00f3n, sumando afiliaciones y organizaci\u00f3n sindical a ese importante centro de salud del Valle de Calamuchita.<\/p>\n<p>En ese marco, la secretaria de Prensa de ATE C\u00f3rdoba, Julia Giuliani, envi\u00f3 una nota al director del nosocomio, dr. Hernan Gallero, a los fines de iniciar los contactos instituciones y plantear la agenda de reclamos gremiales del sector, tanto en t\u00e9rminos de falta de personal, condiciones de trabajo, salarios, infraestructura e insumos.<\/p>\n<p>De esta forma, nuestro gremio contin\u00faa creciendo en presencia en el Estado provincial, organizando a las y los compa\u00f1eros y canalizando los justos reclamos del sector.<\/p>\n<p>&nbsp;<\/p>\n","protected":false},"excerpt":{"rendered":"<p>ATE ampli\u00f3 su base de representaci\u00f3n en la Provincia con la incorporaci\u00f3n de trabajadores y trabajadoras del Hospital Reional Eva Per\u00f3n, sumando afiliaciones y organizaci\u00f3n sindical a ese importante centro de salud del Valle de Calamuchita. En ese marco, la secretaria de Prensa de ATE C\u00f3rdoba, Julia Giuliani, envi\u00f3 una nota al director del nosocomio, [&hellip;]<\/p>\n","protected":false},"author":7,"featured_media":51857,"comment_status":"open","ping_status":"open","sticky":false,"template":"","format":"standard","meta":{"_exactmetrics_skip_tracking":false,"_exactmetrics_sitenote_active":false,"_exactmetrics_sitenote_note":"","_exactmetrics_sitenote_category":0,"jnews-multi-image_gallery":[],"jnews_single_post":[],"jnews_primary_category":[],"jnews_social_meta":[],"jnews_review":[],"enable_review":"","type":"","name":"","summary":"","brand":"","sku":"","good":[],"bad":[],"score_override":"","override_value":"","rating":[],"price":[],"jnews_override_counter":[],"jnews_post_split":[],"footnotes":""},"categories":[8],"tags":[],"class_list":["post-51856","post","type-post","status-publish","format-standard","has-post-thumbnail","hentry","category-provinciales"],"jetpack_featured_media_url":"https:\/\/atecordoba.org\/wp-content\/uploads\/2025\/12\/hosp-evca-peron-calamuchita.jpg","_links":{"self":[{"href":"https:\/\/atecordoba.org\/index.php?rest_route=\/wp\/v2\/posts\/51856","targetHints":{"allow":["GET"]}}],"collection":[{"href":"https:\/\/atecordoba.org\/index.php?rest_route=\/wp\/v2\/posts"}],"about":[{"href":"https:\/\/atecordoba.org\/index.php?rest_route=\/wp\/v2\/types\/post"}],"author":[{"embeddable":true,"href":"https:\/\/atecordoba.org\/index.php?rest_route=\/wp\/v2\/users\/7"}],"replies":[{"embeddable":true,"href":"https:\/\/atecordoba.org\/index.php?rest_route=%2Fwp%2Fv2%2Fcomments&post=51856"}],"version-history":[{"count":1,"href":"https:\/\/atecordoba.org\/index.php?rest_route=\/wp\/v2\/posts\/51856\/revisions"}],"predecessor-version":[{"id":51858,"href":"https:\/\/atecordoba.org\/index.php?rest_route=\/wp\/v2\/posts\/51856\/revisions\/51858"}],"wp:featuredmedia":[{"embeddable":true,"href":"https:\/\/atecordoba.org\/index.php?rest_route=\/wp\/v2\/media\/51857"}],"wp:attachment":[{"href":"https:\/\/atecordoba.org\/index.php?rest_route=%2Fwp%2Fv2%2Fmedia&parent=51856"}],"wp:term":[{"taxonomy":"category","embeddable":true,"href":"https:\/\/atecordoba.org\/index.php?rest_route=%2Fwp%2Fv2%2Fcategories&post=51856"},{"taxonomy":"post_tag","embeddable":true,"href":"https:\/\/atecordoba.org\/index.php?rest_route=%2Fwp%2Fv2%2Ftags&post=51856"}],"curies":[{"name":"wp","href":"https:\/\/api.w.org\/{rel}","templated":true}]}}