{"id":51848,"date":"2025-12-04T10:48:32","date_gmt":"2025-12-04T13:48:32","guid":{"rendered":"https:\/\/atecordoba.org\/?p=51848"},"modified":"2025-12-04T12:34:15","modified_gmt":"2025-12-04T15:34:15","slug":"seguimos-impulsando-derechos-para-las-y-los-municipales-de-cordoba","status":"publish","type":"post","link":"https:\/\/atecordoba.org\/?p=51848","title":{"rendered":"Convenio Colectivo de Trabajo: Seguimos impulsando derechos para las y los municipales de C\u00f3rdoba"},"content":{"rendered":"<p><img loading=\"lazy\" decoding=\"async\" class=\"aligncenter wp-image-51849 \" src=\"https:\/\/atecordoba.org\/wp-content\/uploads\/2025\/12\/WhatsApp-Image-2025-12-04-at-10.20.59-1024x768.jpeg\" alt=\"\" width=\"605\" height=\"454\" srcset=\"https:\/\/atecordoba.org\/wp-content\/uploads\/2025\/12\/WhatsApp-Image-2025-12-04-at-10.20.59-1024x768.jpeg 1024w, https:\/\/atecordoba.org\/wp-content\/uploads\/2025\/12\/WhatsApp-Image-2025-12-04-at-10.20.59-300x225.jpeg 300w, https:\/\/atecordoba.org\/wp-content\/uploads\/2025\/12\/WhatsApp-Image-2025-12-04-at-10.20.59-768x576.jpeg 768w, https:\/\/atecordoba.org\/wp-content\/uploads\/2025\/12\/WhatsApp-Image-2025-12-04-at-10.20.59-750x563.jpeg 750w, https:\/\/atecordoba.org\/wp-content\/uploads\/2025\/12\/WhatsApp-Image-2025-12-04-at-10.20.59-1140x855.jpeg 1140w, https:\/\/atecordoba.org\/wp-content\/uploads\/2025\/12\/WhatsApp-Image-2025-12-04-at-10.20.59.jpeg 1288w\" sizes=\"auto, (max-width: 605px) 100vw, 605px\" \/>Nuestra secretaria de Prensa, Julia Giuliani, junto a nuestro secretario de Derechos Humanos, C\u00e9sar Theaux, mantuvieron una importante reuni\u00f3n con Natalio Graglia, Subsecretario de Municipios de la provincia de C\u00f3rdoba<\/p>\n<p>En el encuentro acercamos la propuesta de Convenio Colectivo de Trabajo Municipal, una iniciativa que venimos promoviendo en toda la provincia para garantizar igualdad, estabilidad y condiciones laborales dignas para las y los trabajadores del interior.<\/p>\n<p>Desde ATE C\u00f3rdoba seguimos construyendo organizaci\u00f3n, di\u00e1logo y avances concretos para jerarquizar el trabajo municipal.<\/p>\n<div id='gallery_1' class='gallery galleryid-51848 gallery-columns-3 gallery-size-thumbnail'><figure class='gallery-item'>\n                <div class='gallery-icon landscape'>\n                    <a href='https:\/\/atecordoba.org\/wp-content\/uploads\/2025\/12\/WhatsApp-Image-2025-12-04-at-10.20.56.jpeg'><img loading=\"lazy\" decoding=\"async\" width=\"150\" height=\"150\" src=\"\" class=\"attachment-thumbnail size-thumbnail lazyload\" alt=\"\" data-src=\"https:\/\/atecordoba.org\/wp-content\/uploads\/2025\/12\/WhatsApp-Image-2025-12-04-at-10.20.56-150x150.jpeg\" data-sizes=\"auto\" data-srcset=\"https:\/\/atecordoba.org\/wp-content\/uploads\/2025\/12\/WhatsApp-Image-2025-12-04-at-10.20.56-150x150.jpeg 150w, https:\/\/atecordoba.org\/wp-content\/uploads\/2025\/12\/WhatsApp-Image-2025-12-04-at-10.20.56-560x560.jpeg 560w, https:\/\/atecordoba.org\/wp-content\/uploads\/2025\/12\/WhatsApp-Image-2025-12-04-at-10.20.56-75x75.jpeg 75w, https:\/\/atecordoba.org\/wp-content\/uploads\/2025\/12\/WhatsApp-Image-2025-12-04-at-10.20.56-350x350.jpeg 350w\" data-expand=\"700\" \/><\/a>\n                <\/div><\/figure><figure class='gallery-item'>\n                <div class='gallery-icon landscape'>\n                    <a href='https:\/\/atecordoba.org\/wp-content\/uploads\/2025\/12\/WhatsApp-Image-2025-12-04-at-10.20.58-1.jpeg'><img loading=\"lazy\" decoding=\"async\" width=\"150\" height=\"150\" src=\"\" class=\"attachment-thumbnail size-thumbnail lazyload\" alt=\"\" data-src=\"https:\/\/atecordoba.org\/wp-content\/uploads\/2025\/12\/WhatsApp-Image-2025-12-04-at-10.20.58-1-150x150.jpeg\" data-sizes=\"auto\" data-srcset=\"https:\/\/atecordoba.org\/wp-content\/uploads\/2025\/12\/WhatsApp-Image-2025-12-04-at-10.20.58-1-150x150.jpeg 150w, https:\/\/atecordoba.org\/wp-content\/uploads\/2025\/12\/WhatsApp-Image-2025-12-04-at-10.20.58-1-560x560.jpeg 560w, https:\/\/atecordoba.org\/wp-content\/uploads\/2025\/12\/WhatsApp-Image-2025-12-04-at-10.20.58-1-75x75.jpeg 75w, https:\/\/atecordoba.org\/wp-content\/uploads\/2025\/12\/WhatsApp-Image-2025-12-04-at-10.20.58-1-350x350.jpeg 350w\" data-expand=\"700\" \/><\/a>\n                <\/div><\/figure><figure class='gallery-item'>\n                <div class='gallery-icon landscape'>\n                    <a href='https:\/\/atecordoba.org\/wp-content\/uploads\/2025\/12\/WhatsApp-Image-2025-12-04-at-10.20.58.jpeg'><img loading=\"lazy\" decoding=\"async\" width=\"150\" height=\"150\" src=\"\" class=\"attachment-thumbnail size-thumbnail lazyload\" alt=\"\" data-src=\"https:\/\/atecordoba.org\/wp-content\/uploads\/2025\/12\/WhatsApp-Image-2025-12-04-at-10.20.58-150x150.jpeg\" data-sizes=\"auto\" data-srcset=\"https:\/\/atecordoba.org\/wp-content\/uploads\/2025\/12\/WhatsApp-Image-2025-12-04-at-10.20.58-150x150.jpeg 150w, https:\/\/atecordoba.org\/wp-content\/uploads\/2025\/12\/WhatsApp-Image-2025-12-04-at-10.20.58-560x560.jpeg 560w, https:\/\/atecordoba.org\/wp-content\/uploads\/2025\/12\/WhatsApp-Image-2025-12-04-at-10.20.58-75x75.jpeg 75w, https:\/\/atecordoba.org\/wp-content\/uploads\/2025\/12\/WhatsApp-Image-2025-12-04-at-10.20.58-350x350.jpeg 350w\" data-expand=\"700\" \/><\/a>\n                <\/div><\/figure><br style=\"clear: both\" \/>\n            <\/div>\n\n","protected":false},"excerpt":{"rendered":"<p>Nuestra secretaria de Prensa, Julia Giuliani, junto a nuestro secretario de Derechos Humanos, C\u00e9sar Theaux, mantuvieron una importante reuni\u00f3n con Natalio Graglia, Subsecretario de Municipios de la provincia de C\u00f3rdoba En el encuentro acercamos la propuesta de Convenio Colectivo de Trabajo Municipal, una iniciativa que venimos promoviendo en toda la provincia para garantizar igualdad, estabilidad [&hellip;]<\/p>\n","protected":false},"author":7,"featured_media":51849,"comment_status":"open","ping_status":"open","sticky":false,"template":"","format":"standard","meta":{"_exactmetrics_skip_tracking":false,"_exactmetrics_sitenote_active":false,"_exactmetrics_sitenote_note":"","_exactmetrics_sitenote_category":0,"jnews-multi-image_gallery":[],"jnews_single_post":{"format":"standard","override":[{"template":"1","parallax":"1","fullscreen":"1","layout":"no-sidebar-narrow","sidebar":"default-sidebar","second_sidebar":"default-sidebar","sticky_sidebar":"1","share_position":"bottom","share_float_style":"share-monocrhome","show_share_counter":"1","show_view_counter":"1","show_post_meta":"1","show_post_author_image":"1","show_post_date":"1","post_date_format":"default","post_date_format_custom":"Y\/m\/d","show_post_category":"1","show_post_reading_time":"0","post_reading_time_wpm":"300","post_calculate_word_method":"str_word_count","show_zoom_button":"0","zoom_button_out_step":"2","zoom_button_in_step":"3","show_post_tag":"1","number_popup_post":"1","show_post_related":"1","show_inline_post_related":"0"}],"image_override":[{"single_post_thumbnail_size":"crop-500","single_post_gallery_size":"crop-500"}],"trending_post_position":"meta","trending_post_label":"Trending","sponsored_post_label":"Sponsored by","disable_ad":"0"},"jnews_primary_category":[],"jnews_social_meta":[],"jnews_review":[],"enable_review":"","type":"percentage","name":"","summary":"","brand":"","sku":"","good":[],"bad":[],"score_override":"","override_value":"","rating":[],"price":[],"jnews_override_counter":{"view_counter_number":"0","share_counter_number":"0","like_counter_number":"0","dislike_counter_number":"0"},"jnews_post_split":{"post_split":[{"template":"1","tag":"h2","numbering":"asc","mode":"normal","first":"0","enable_toc":"0","toc_type":"normal"}]},"footnotes":""},"categories":[20],"tags":[],"class_list":["post-51848","post","type-post","status-publish","format-standard","has-post-thumbnail","hentry","category-municipales"],"jetpack_featured_media_url":"https:\/\/atecordoba.org\/wp-content\/uploads\/2025\/12\/WhatsApp-Image-2025-12-04-at-10.20.59.jpeg","_links":{"self":[{"href":"https:\/\/atecordoba.org\/index.php?rest_route=\/wp\/v2\/posts\/51848","targetHints":{"allow":["GET"]}}],"collection":[{"href":"https:\/\/atecordoba.org\/index.php?rest_route=\/wp\/v2\/posts"}],"about":[{"href":"https:\/\/atecordoba.org\/index.php?rest_route=\/wp\/v2\/types\/post"}],"author":[{"embeddable":true,"href":"https:\/\/atecordoba.org\/index.php?rest_route=\/wp\/v2\/users\/7"}],"replies":[{"embeddable":true,"href":"https:\/\/atecordoba.org\/index.php?rest_route=%2Fwp%2Fv2%2Fcomments&post=51848"}],"version-history":[{"count":2,"href":"https:\/\/atecordoba.org\/index.php?rest_route=\/wp\/v2\/posts\/51848\/revisions"}],"predecessor-version":[{"id":51854,"href":"https:\/\/atecordoba.org\/index.php?rest_route=\/wp\/v2\/posts\/51848\/revisions\/51854"}],"wp:featuredmedia":[{"embeddable":true,"href":"https:\/\/atecordoba.org\/index.php?rest_route=\/wp\/v2\/media\/51849"}],"wp:attachment":[{"href":"https:\/\/atecordoba.org\/index.php?rest_route=%2Fwp%2Fv2%2Fmedia&parent=51848"}],"wp:term":[{"taxonomy":"category","embeddable":true,"href":"https:\/\/atecordoba.org\/index.php?rest_route=%2Fwp%2Fv2%2Fcategories&post=51848"},{"taxonomy":"post_tag","embeddable":true,"href":"https:\/\/atecordoba.org\/index.php?rest_route=%2Fwp%2Fv2%2Ftags&post=51848"}],"curies":[{"name":"wp","href":"https:\/\/api.w.org\/{rel}","templated":true}]}}