{"id":51837,"date":"2025-12-04T10:31:03","date_gmt":"2025-12-04T13:31:03","guid":{"rendered":"https:\/\/atecordoba.org\/?p=51837"},"modified":"2025-12-04T10:31:03","modified_gmt":"2025-12-04T13:31:03","slug":"caja-de-jubilaciones-ate-repudia-el-aumentos-de-los-aportes","status":"publish","type":"post","link":"https:\/\/atecordoba.org\/?p=51837","title":{"rendered":"Caja de Jubilaciones: ATE repudia el aumentos de los aportes"},"content":{"rendered":"<p><img loading=\"lazy\" decoding=\"async\" class=\"aligncenter wp-image-51839 \" src=\"https:\/\/atecordoba.org\/wp-content\/uploads\/2025\/12\/WhatsApp-Image-2020-09-23-at-10.56.24-1024x576.jpeg\" alt=\"\" width=\"608\" height=\"342\" srcset=\"https:\/\/atecordoba.org\/wp-content\/uploads\/2025\/12\/WhatsApp-Image-2020-09-23-at-10.56.24-1024x576.jpeg 1024w, https:\/\/atecordoba.org\/wp-content\/uploads\/2025\/12\/WhatsApp-Image-2020-09-23-at-10.56.24-300x169.jpeg 300w, https:\/\/atecordoba.org\/wp-content\/uploads\/2025\/12\/WhatsApp-Image-2020-09-23-at-10.56.24-768x432.jpeg 768w, https:\/\/atecordoba.org\/wp-content\/uploads\/2025\/12\/WhatsApp-Image-2020-09-23-at-10.56.24-750x422.jpeg 750w, https:\/\/atecordoba.org\/wp-content\/uploads\/2025\/12\/WhatsApp-Image-2020-09-23-at-10.56.24-1140x641.jpeg 1140w, https:\/\/atecordoba.org\/wp-content\/uploads\/2025\/12\/WhatsApp-Image-2020-09-23-at-10.56.24.jpeg 1280w\" sizes=\"auto, (max-width: 608px) 100vw, 608px\" \/>ATE rechaza el nuevo asalto al bolsillo de los y las trabajadoras provinciales y municipales que planea el gobernador Mart\u00edn Llaryora, al proyecto un aumento de los aportes previsionales del 4% a la Caja de Jubilaciones de la Provincia, medida que golpear\u00e1 a\u00fan m\u00e1s los alica\u00eddos ingresos del personal estatal aportante al sistema.<\/p>\n<p>El aumento se ensa\u00f1a con quienes trabajan diariamente en la Provincia y Municipios garantizando derechos a la poblaci\u00f3n, ya profundamente golpeada por el brutal ajuste del gobierno de Milei. Llaryora demuestra estar en la misma l\u00ednea de la gesti\u00f3n libertaria, tal como denunciamos a pesar que durante la campa\u00f1a electoral el cordobesismo pretendi\u00f3 vender otra versi\u00f3n de la realidad.<img loading=\"lazy\" decoding=\"async\" class=\"aligncenter wp-image-51840 \" src=\"https:\/\/atecordoba.org\/wp-content\/uploads\/2025\/12\/WhatsApp-Image-2020-09-23-at-10.56.20-2-1024x576.jpeg\" alt=\"\" width=\"610\" height=\"343\" srcset=\"https:\/\/atecordoba.org\/wp-content\/uploads\/2025\/12\/WhatsApp-Image-2020-09-23-at-10.56.20-2-1024x576.jpeg 1024w, https:\/\/atecordoba.org\/wp-content\/uploads\/2025\/12\/WhatsApp-Image-2020-09-23-at-10.56.20-2-300x169.jpeg 300w, https:\/\/atecordoba.org\/wp-content\/uploads\/2025\/12\/WhatsApp-Image-2020-09-23-at-10.56.20-2-768x432.jpeg 768w, https:\/\/atecordoba.org\/wp-content\/uploads\/2025\/12\/WhatsApp-Image-2020-09-23-at-10.56.20-2-750x422.jpeg 750w, https:\/\/atecordoba.org\/wp-content\/uploads\/2025\/12\/WhatsApp-Image-2020-09-23-at-10.56.20-2-1140x641.jpeg 1140w, https:\/\/atecordoba.org\/wp-content\/uploads\/2025\/12\/WhatsApp-Image-2020-09-23-at-10.56.20-2.jpeg 1280w\" sizes=\"auto, (max-width: 610px) 100vw, 610px\" \/><\/p>\n<p>El aumento de los aportes se producir\u00e1 en paralelo a la rebaja de impuestos que el Gobierno de C\u00f3rdoba aprob\u00f3 hace 20 d\u00edas a sectores como el rural, que pr\u00e1cticamente no aporta nada a la caja com\u00fan de los cordobeses, ya que el 98% de su cargo tributaria se direcciona al propio sector.<\/p>\n<p>Es decir, C\u00f3rdoba le quita a los trabajadores y la trabajadoras mientras beneficia a los estamentos m\u00e1s pudientes, favorecidos con 900 mil millones de pesos (600 millones de u$s), mientras los ingresos de jubilados y pensionados caen en su poder de compra mes a mes.<\/p>\n<p>En ese marco, ATE convoca a las organizaciones del campo popular a resistir en unidad este nuevo saqueo del sistema previsional de C\u00f3rdoba.<\/p>\n","protected":false},"excerpt":{"rendered":"<p>ATE rechaza el nuevo asalto al bolsillo de los y las trabajadoras provinciales y municipales que planea el gobernador Mart\u00edn Llaryora, al proyecto un aumento de los aportes previsionales del 4% a la Caja de Jubilaciones de la Provincia, medida que golpear\u00e1 a\u00fan m\u00e1s los alica\u00eddos ingresos del personal estatal aportante al sistema. El aumento [&hellip;]<\/p>\n","protected":false},"author":7,"featured_media":51839,"comment_status":"open","ping_status":"open","sticky":false,"template":"","format":"standard","meta":{"_exactmetrics_skip_tracking":false,"_exactmetrics_sitenote_active":false,"_exactmetrics_sitenote_note":"","_exactmetrics_sitenote_category":0,"jnews-multi-image_gallery":[],"jnews_single_post":[],"jnews_primary_category":[],"jnews_social_meta":[],"jnews_review":[],"enable_review":"","type":"","name":"","summary":"","brand":"","sku":"","good":[],"bad":[],"score_override":"","override_value":"","rating":[],"price":[],"jnews_override_counter":[],"jnews_post_split":[],"footnotes":""},"categories":[20,8],"tags":[],"class_list":["post-51837","post","type-post","status-publish","format-standard","has-post-thumbnail","hentry","category-municipales","category-provinciales"],"jetpack_featured_media_url":"https:\/\/atecordoba.org\/wp-content\/uploads\/2025\/12\/WhatsApp-Image-2020-09-23-at-10.56.24.jpeg","_links":{"self":[{"href":"https:\/\/atecordoba.org\/index.php?rest_route=\/wp\/v2\/posts\/51837","targetHints":{"allow":["GET"]}}],"collection":[{"href":"https:\/\/atecordoba.org\/index.php?rest_route=\/wp\/v2\/posts"}],"about":[{"href":"https:\/\/atecordoba.org\/index.php?rest_route=\/wp\/v2\/types\/post"}],"author":[{"embeddable":true,"href":"https:\/\/atecordoba.org\/index.php?rest_route=\/wp\/v2\/users\/7"}],"replies":[{"embeddable":true,"href":"https:\/\/atecordoba.org\/index.php?rest_route=%2Fwp%2Fv2%2Fcomments&post=51837"}],"version-history":[{"count":1,"href":"https:\/\/atecordoba.org\/index.php?rest_route=\/wp\/v2\/posts\/51837\/revisions"}],"predecessor-version":[{"id":51841,"href":"https:\/\/atecordoba.org\/index.php?rest_route=\/wp\/v2\/posts\/51837\/revisions\/51841"}],"wp:featuredmedia":[{"embeddable":true,"href":"https:\/\/atecordoba.org\/index.php?rest_route=\/wp\/v2\/media\/51839"}],"wp:attachment":[{"href":"https:\/\/atecordoba.org\/index.php?rest_route=%2Fwp%2Fv2%2Fmedia&parent=51837"}],"wp:term":[{"taxonomy":"category","embeddable":true,"href":"https:\/\/atecordoba.org\/index.php?rest_route=%2Fwp%2Fv2%2Fcategories&post=51837"},{"taxonomy":"post_tag","embeddable":true,"href":"https:\/\/atecordoba.org\/index.php?rest_route=%2Fwp%2Fv2%2Ftags&post=51837"}],"curies":[{"name":"wp","href":"https:\/\/api.w.org\/{rel}","templated":true}]}}