{"id":51836,"date":"2025-12-04T10:43:07","date_gmt":"2025-12-04T13:43:07","guid":{"rendered":"https:\/\/atecordoba.org\/?p=51836"},"modified":"2025-12-04T10:43:07","modified_gmt":"2025-12-04T13:43:07","slug":"el-cdp-cordoba-estuvo-en-capital-federal-y-recorrio-los-ministerios-de-defensa-y-seguridad-de-la-nacion","status":"publish","type":"post","link":"https:\/\/atecordoba.org\/?p=51836","title":{"rendered":"el CDP C\u00f3rdoba estuvo en Capital Federal y recorri\u00f3 los Ministerios de Defensa y Seguridad de la Naci\u00f3n"},"content":{"rendered":"<p><img loading=\"lazy\" decoding=\"async\" class=\"aligncenter wp-image-51843 \" src=\"https:\/\/atecordoba.org\/wp-content\/uploads\/2025\/12\/WhatsApp-Image-2025-12-04-at-09.25.13-1.jpeg\" alt=\"\" width=\"609\" height=\"397\" srcset=\"https:\/\/atecordoba.org\/wp-content\/uploads\/2025\/12\/WhatsApp-Image-2025-12-04-at-09.25.13-1.jpeg 963w, https:\/\/atecordoba.org\/wp-content\/uploads\/2025\/12\/WhatsApp-Image-2025-12-04-at-09.25.13-1-300x196.jpeg 300w, https:\/\/atecordoba.org\/wp-content\/uploads\/2025\/12\/WhatsApp-Image-2025-12-04-at-09.25.13-1-768x501.jpeg 768w, https:\/\/atecordoba.org\/wp-content\/uploads\/2025\/12\/WhatsApp-Image-2025-12-04-at-09.25.13-1-750x489.jpeg 750w\" sizes=\"auto, (max-width: 609px) 100vw, 609px\" \/>Un grupo de dirigentes de ATE C\u00f3rdoba, encabezado por el secretario de Organizaci\u00f3n del Consejo Directivo Provincial, Javier \u201cEl Mono\u201d Bracamonte, mantuvo esta ma\u00f1ana una reuni\u00f3n con el Director General de Recursos Humanos del Ministerio de Defensa, Fabi\u00e1n S\u00e1nchez, quien fue acompa\u00f1ado del Coordinador Nacional de Civiles del mismo Ministerio Lic. Macelo Palmieri.<\/p>\n<p>Bracamonte, quien se encontraba en compa\u00f1\u00eda del Revisor de Cuentas Estaban Iribarren y del Paritario Alejandro Charra, ambos del sectorial Civiles y Docentes Civiles de las Fuerzas Armadas y de Seguridad de la Naci\u00f3n y del IOSFA, le expuso al funcionario la necesidad de que se clarifique por parte de ese Ministerio cual es la correcta interpretaci\u00f3n y aplicaci\u00f3n del R\u00e9gimen de Licencias Justificaciones y Franquicias de la Administraci\u00f3n P\u00fablica Nacional (Dto. 3413\/79), sus modificatorias y ampliaciones) por parte espec\u00edficamente de la Fuerza A\u00e9rea Argentina en el caso de los y las Docentes Civiles, que discrepa respecto de que normativa aplican y como lo hacen tanto la Armada Argentina como el Ejercito.<img loading=\"lazy\" decoding=\"async\" class=\"aligncenter wp-image-51844 \" src=\"https:\/\/atecordoba.org\/wp-content\/uploads\/2025\/12\/WhatsApp-Image-2025-12-04-at-09.25.14-1024x770.jpeg\" alt=\"\" width=\"609\" height=\"458\" srcset=\"https:\/\/atecordoba.org\/wp-content\/uploads\/2025\/12\/WhatsApp-Image-2025-12-04-at-09.25.14-1024x770.jpeg 1024w, https:\/\/atecordoba.org\/wp-content\/uploads\/2025\/12\/WhatsApp-Image-2025-12-04-at-09.25.14-300x226.jpeg 300w, https:\/\/atecordoba.org\/wp-content\/uploads\/2025\/12\/WhatsApp-Image-2025-12-04-at-09.25.14-768x578.jpeg 768w, https:\/\/atecordoba.org\/wp-content\/uploads\/2025\/12\/WhatsApp-Image-2025-12-04-at-09.25.14-750x564.jpeg 750w, https:\/\/atecordoba.org\/wp-content\/uploads\/2025\/12\/WhatsApp-Image-2025-12-04-at-09.25.14-1140x858.jpeg 1140w, https:\/\/atecordoba.org\/wp-content\/uploads\/2025\/12\/WhatsApp-Image-2025-12-04-at-09.25.14.jpeg 1280w\" sizes=\"auto, (max-width: 609px) 100vw, 609px\" \/><\/p>\n<p>\u201cEl compa\u00f1ero Federico Giuliani me encomend\u00f3 la tarea de clarificar con el funcionario cual es la normativa aplicable, ya que la Fuerza A\u00e9rea aplica para este fin \u00fanicamente la ley 17.409 (Estatuto para el personal Docente Civil de las Fuerzas Armadas), omitiendo que, de ser m\u00e1s favorable para el o la trabajadora, se debe aplicar lo que dispone el Decreto 3413\/79\u201d, explic\u00f3 Bracamonte.<\/p>\n<p>En tanto Charra ampli\u00f3: \u201centendemos que es un error por parte de la Fuerza A\u00e9rea el hacer caso omiso al citado decreto, pero, por honesta que sea la confusi\u00f3n no deja de significar un retroceso de 20 a\u00f1os en materia de derechos para esa parte del Sectorial, que fuera incorporado en enero de 2006 a la Administraci\u00f3n Publica Nacional a trav\u00e9s del Anexo II del Decreto 214\/06. Mucho m\u00e1s a\u00fan en lo referido a materia de Genero ya que, aunque el r\u00e9gimen que aplica a toda la APN est\u00e1 en un decreto del a\u00f1o 79\u2019, gracias a la lucha de los compa\u00f1eros y las gestiones de los Paritarios de ATE, ha recibido m\u00faltiples modificaciones y agregados a lo largo de los a\u00f1os como lo son las extensiones de la Licencia por Maternidad (Excedencia) y la Licencia por Violencia de G\u00e9nero\u201d.<\/p>\n<p>La respuesta por parte del funcionario fue aclarar que no est\u00e1 en su potestad laudar en este entredicho ya que la Oficina Nacional de Empleo P\u00fablico (Autoridad de Aplicaci\u00f3n en todo lo que se refiera a los y las trabajadores y trabajadoras de la APN) ya ha emitido un dictamen respecto a la normativa aplicable que favorece la postura de la Asociaci\u00f3n Trabajadores del Estado (Dictamen de la Oficina Nacional de Empleo P\u00fablico N\u00ba 1747\/10), del cual entreg\u00f3 una copia a nuestra comitiva, dando por terminada la reuni\u00f3n y comprometi\u00e9ndose a instar a la Fuerza A\u00e9rea a ajustarse a la normativa vigente.<\/p>\n<p>Aprovechando la ocasi\u00f3n para estrechar los v\u00ednculos fraternos en estos momentos de avance tan marcado de nuestro enemigo de clase, la comitiva se dirigi\u00f3 entonces a las oficinas de la Junta Interna del Estado mayor del Ej\u00e9rcito y del Estado Mayor Conjunto, ubicadas en el primer piso del mismo Edificio Libertador, sede a la vez que de ambos organismos de las Fuerzas Armadas, en el mismo Ministerio de Defensa. All\u00ed fueron recibidos por el compa\u00f1ero Hugo Brizuela, miembro de dicha Junta Interna.<img loading=\"lazy\" decoding=\"async\" class=\"alignright wp-image-51845 \" src=\"https:\/\/atecordoba.org\/wp-content\/uploads\/2025\/12\/WhatsApp-Image-2025-12-04-at-09.25.13-1-1-1024x768.jpeg\" alt=\"\" width=\"416\" height=\"312\" srcset=\"https:\/\/atecordoba.org\/wp-content\/uploads\/2025\/12\/WhatsApp-Image-2025-12-04-at-09.25.13-1-1-1024x768.jpeg 1024w, https:\/\/atecordoba.org\/wp-content\/uploads\/2025\/12\/WhatsApp-Image-2025-12-04-at-09.25.13-1-1-300x225.jpeg 300w, https:\/\/atecordoba.org\/wp-content\/uploads\/2025\/12\/WhatsApp-Image-2025-12-04-at-09.25.13-1-1-768x576.jpeg 768w, https:\/\/atecordoba.org\/wp-content\/uploads\/2025\/12\/WhatsApp-Image-2025-12-04-at-09.25.13-1-1-1536x1152.jpeg 1536w, https:\/\/atecordoba.org\/wp-content\/uploads\/2025\/12\/WhatsApp-Image-2025-12-04-at-09.25.13-1-1-750x563.jpeg 750w, https:\/\/atecordoba.org\/wp-content\/uploads\/2025\/12\/WhatsApp-Image-2025-12-04-at-09.25.13-1-1-1140x855.jpeg 1140w, https:\/\/atecordoba.org\/wp-content\/uploads\/2025\/12\/WhatsApp-Image-2025-12-04-at-09.25.13-1-1.jpeg 1600w\" sizes=\"auto, (max-width: 416px) 100vw, 416px\" \/><\/p>\n<p>\u201cYo no conoc\u00eda la sede de la junta Interna de la sede central del Ej\u00e9rcito, donde nos recibi\u00f3 c\u00e1lida y fraternalmente el compa\u00f1ero Brizuela. Pero el buen momento nos dur\u00f3 muy poco, tanto a \u00e9l como a nosotros, ya que las im\u00e1genes de la represi\u00f3n a la protesta del INTI nos impactaron a los pocos minutos de llegar all\u00ed.\u00a0 Desde ya, aprovechamos el presente espacio\u00a0 para expresar nuestro m\u00e1s rotundo rechazo a la represi\u00f3n que este gobierno filo fascista ejerce sobre nuestros compa\u00f1eros y compa\u00f1eros que protestaban pac\u00edficamente por su fuente de trabajo\u201d, expres\u00f3 Esteban Iribarren.<\/p>\n<p><strong>En el Ministerio de Seguridad. <\/strong><\/p>\n<p>Seguidamente la comitiva de ATE C\u00f3rdoba se traslad\u00f3 a la sede del Ministerio de Seguridad, donde sostuvo una prolongada charla con el Director de Formaci\u00f3n y Desarrollo Profesional de la cartera, Jos\u00e9 Luis Parisi.<\/p>\n<p>\u201cVinimos a traer varias problem\u00e1ticas de los Docentes Civiles de la Escuela de Sub Oficiales de la Gendarmer\u00eda Nacional de Jes\u00fas Mar\u00eda. Nos vamos con algunas respuestas positivas, algunos compromisos y algunas propuestas por parte del funcionario que nos recibi\u00f3 de buen grado y se puso a disposici\u00f3n de resolver lo que est\u00e9 a su alcance para mejorar las condiciones de trabajo para nuestros compa\u00f1eros y compa\u00f1eras Docentes\u201d, resumi\u00f3 Iribarren al concluir la reuni\u00f3n.<\/p>\n<p>All\u00ed tambi\u00e9n, en fraterna unidad como clase trabajadora ante los avances de un gobierno anti obrero y pro imperialista, nuestra delegaci\u00f3n fue recibida por los compa\u00f1eros de la Junta Interna, con quienes compartieron la preocupaci\u00f3n por los hechos que acaecidos en la protesta del INTI.<\/p>\n","protected":false},"excerpt":{"rendered":"<p>Un grupo de dirigentes de ATE C\u00f3rdoba, encabezado por el secretario de Organizaci\u00f3n del Consejo Directivo Provincial, Javier \u201cEl Mono\u201d Bracamonte, mantuvo esta ma\u00f1ana una reuni\u00f3n con el Director General de Recursos Humanos del Ministerio de Defensa, Fabi\u00e1n S\u00e1nchez, quien fue acompa\u00f1ado del Coordinador Nacional de Civiles del mismo Ministerio Lic. Macelo Palmieri. Bracamonte, quien [&hellip;]<\/p>\n","protected":false},"author":7,"featured_media":51842,"comment_status":"open","ping_status":"open","sticky":false,"template":"","format":"standard","meta":{"_exactmetrics_skip_tracking":false,"_exactmetrics_sitenote_active":false,"_exactmetrics_sitenote_note":"","_exactmetrics_sitenote_category":0,"jnews-multi-image_gallery":[],"jnews_single_post":[],"jnews_primary_category":[],"jnews_social_meta":[],"jnews_review":[],"enable_review":"","type":"","name":"","summary":"","brand":"","sku":"","good":[],"bad":[],"score_override":"","override_value":"","rating":[],"price":[],"jnews_override_counter":[],"jnews_post_split":[],"footnotes":""},"categories":[18],"tags":[],"class_list":["post-51836","post","type-post","status-publish","format-standard","has-post-thumbnail","hentry","category-nacionales"],"jetpack_featured_media_url":"https:\/\/atecordoba.org\/wp-content\/uploads\/2025\/12\/WhatsApp-Image-2025-12-04-at-09.25.13-e1764855557110.jpeg","_links":{"self":[{"href":"https:\/\/atecordoba.org\/index.php?rest_route=\/wp\/v2\/posts\/51836","targetHints":{"allow":["GET"]}}],"collection":[{"href":"https:\/\/atecordoba.org\/index.php?rest_route=\/wp\/v2\/posts"}],"about":[{"href":"https:\/\/atecordoba.org\/index.php?rest_route=\/wp\/v2\/types\/post"}],"author":[{"embeddable":true,"href":"https:\/\/atecordoba.org\/index.php?rest_route=\/wp\/v2\/users\/7"}],"replies":[{"embeddable":true,"href":"https:\/\/atecordoba.org\/index.php?rest_route=%2Fwp%2Fv2%2Fcomments&post=51836"}],"version-history":[{"count":1,"href":"https:\/\/atecordoba.org\/index.php?rest_route=\/wp\/v2\/posts\/51836\/revisions"}],"predecessor-version":[{"id":51846,"href":"https:\/\/atecordoba.org\/index.php?rest_route=\/wp\/v2\/posts\/51836\/revisions\/51846"}],"wp:featuredmedia":[{"embeddable":true,"href":"https:\/\/atecordoba.org\/index.php?rest_route=\/wp\/v2\/media\/51842"}],"wp:attachment":[{"href":"https:\/\/atecordoba.org\/index.php?rest_route=%2Fwp%2Fv2%2Fmedia&parent=51836"}],"wp:term":[{"taxonomy":"category","embeddable":true,"href":"https:\/\/atecordoba.org\/index.php?rest_route=%2Fwp%2Fv2%2Fcategories&post=51836"},{"taxonomy":"post_tag","embeddable":true,"href":"https:\/\/atecordoba.org\/index.php?rest_route=%2Fwp%2Fv2%2Ftags&post=51836"}],"curies":[{"name":"wp","href":"https:\/\/api.w.org\/{rel}","templated":true}]}}