{"id":51831,"date":"2025-12-03T14:45:13","date_gmt":"2025-12-03T17:45:13","guid":{"rendered":"https:\/\/atecordoba.org\/?p=51831"},"modified":"2025-12-03T14:48:14","modified_gmt":"2025-12-03T17:48:14","slug":"saldan-ate-acordo-con-la-municipalidad-un-23-de-recomposicion-salarial-para-el-periodo-diciembre-abril","status":"publish","type":"post","link":"https:\/\/atecordoba.org\/?p=51831","title":{"rendered":"Sald\u00e1n: ATE acord\u00f3 con la Municipalidad un 23% de recomposici\u00f3n salarial para el periodo diciembre-abril"},"content":{"rendered":"<p><img loading=\"lazy\" decoding=\"async\" class=\"aligncenter wp-image-51832 \" src=\"https:\/\/atecordoba.org\/wp-content\/uploads\/2025\/12\/WhatsApp-Image-2025-12-03-at-12.53.55-1024x768.jpeg\" alt=\"\" width=\"602\" height=\"452\" srcset=\"https:\/\/atecordoba.org\/wp-content\/uploads\/2025\/12\/WhatsApp-Image-2025-12-03-at-12.53.55-1024x768.jpeg 1024w, https:\/\/atecordoba.org\/wp-content\/uploads\/2025\/12\/WhatsApp-Image-2025-12-03-at-12.53.55-300x225.jpeg 300w, https:\/\/atecordoba.org\/wp-content\/uploads\/2025\/12\/WhatsApp-Image-2025-12-03-at-12.53.55-768x576.jpeg 768w, https:\/\/atecordoba.org\/wp-content\/uploads\/2025\/12\/WhatsApp-Image-2025-12-03-at-12.53.55-750x563.jpeg 750w, https:\/\/atecordoba.org\/wp-content\/uploads\/2025\/12\/WhatsApp-Image-2025-12-03-at-12.53.55-1140x855.jpeg 1140w, https:\/\/atecordoba.org\/wp-content\/uploads\/2025\/12\/WhatsApp-Image-2025-12-03-at-12.53.55.jpeg 1152w\" sizes=\"auto, (max-width: 602px) 100vw, 602px\" \/>En una audiencia realizada hoy en el Ministerio de Trabajo de la provincia, ATE acord\u00f3 con la Municipalidad de Sald\u00e1n una recomposici\u00f3n salarial para el periodo que se extiende de diciembre de 2025 a abril de 2026, en su totalidad y por el impacto acumulativo, que alcanza el 23% aproximadamente.<\/p>\n<p>En la reuni\u00f3n convocada por la cartera laboral estuvieron presentes la intendenta Carolina Cristori y funcionarios, en tanto la representaci\u00f3n gremial de ATE estuvo integrada por el secretario Gremial Jorge Chalup y las\/os delegados Soledad Aliendro y Cristian Romero. Tambi\u00e9n acompa\u00f1aron la gesti\u00f3n la delegado de ATE en la Municipalidad de Mendiolaza, Angela G\u00f3mez,. y la integrante del Consejo Directivo Provincial Irina Silberman. Tambi\u00e9n particip\u00f3 el sindicato municipal local.<\/p>\n<p>El aumento se har\u00e1 efectivo a partir de un cronograma mensual organizado de la siguiente manera:<\/p>\n<ul>\n<li>Diciembre: 5% (2% remunerativo y 3% no remunerativo)<\/li>\n<li>Enero 2% remunerativo<\/li>\n<li>Febrero 2% remunerativo<\/li>\n<li>Marzo 5% remunerativo<\/li>\n<li>Abril 5% remunerativo. (el 3% no remunerativo de diciembre pasar\u00e1 al b\u00e1sico)<\/li>\n<\/ul>\n<p>Adem\u00e1s, se acord\u00f3, a propuesta del Ejecutivo, que el \u00edtem presentismo se transformar\u00e1 de un monto fijo a un porcentaje de los haberes fijado en 6.30% sobre el b\u00e1sico salarial, para la categor\u00eda 12 del escalaf\u00f3n, aunque conservando su car\u00e1cter no remunerativo.<\/p>\n<p>De esta manera, ATE logra plasmar con su participaci\u00f3n en la paritaria su presencia institucional en el Municipio, dando cuenta de la representatividad de nuestra organizaci\u00f3n entre las y los municipales de la localidad.<\/p>\n","protected":false},"excerpt":{"rendered":"<p>En una audiencia realizada hoy en el Ministerio de Trabajo de la provincia, ATE acord\u00f3 con la Municipalidad de Sald\u00e1n una recomposici\u00f3n salarial para el periodo que se extiende de diciembre de 2025 a abril de 2026, en su totalidad y por el impacto acumulativo, que alcanza el 23% aproximadamente. En la reuni\u00f3n convocada por [&hellip;]<\/p>\n","protected":false},"author":7,"featured_media":51832,"comment_status":"open","ping_status":"open","sticky":false,"template":"","format":"standard","meta":{"_exactmetrics_skip_tracking":false,"_exactmetrics_sitenote_active":false,"_exactmetrics_sitenote_note":"","_exactmetrics_sitenote_category":0,"jnews-multi-image_gallery":[],"jnews_single_post":{"format":"standard","override":[{"template":"1","parallax":"1","fullscreen":"1","layout":"no-sidebar-narrow","sidebar":"default-sidebar","second_sidebar":"default-sidebar","sticky_sidebar":"1","share_position":"bottom","share_float_style":"share-monocrhome","show_share_counter":"1","show_view_counter":"1","show_post_meta":"1","show_post_author_image":"1","show_post_date":"1","post_date_format":"default","post_date_format_custom":"Y\/m\/d","show_post_category":"1","show_post_reading_time":"0","post_reading_time_wpm":"300","post_calculate_word_method":"str_word_count","show_zoom_button":"0","zoom_button_out_step":"2","zoom_button_in_step":"3","show_post_tag":"1","number_popup_post":"1","show_post_related":"1","show_inline_post_related":"0"}],"image_override":[{"single_post_thumbnail_size":"crop-500","single_post_gallery_size":"crop-500"}],"trending_post_position":"meta","trending_post_label":"Trending","sponsored_post_label":"Sponsored by","disable_ad":"0"},"jnews_primary_category":[],"jnews_social_meta":[],"jnews_review":[],"enable_review":"","type":"percentage","name":"","summary":"","brand":"","sku":"","good":[],"bad":[],"score_override":"","override_value":"","rating":[],"price":[],"jnews_override_counter":{"view_counter_number":"0","share_counter_number":"0","like_counter_number":"0","dislike_counter_number":"0"},"jnews_post_split":{"post_split":[{"template":"1","tag":"h2","numbering":"asc","mode":"normal","first":"0","enable_toc":"0","toc_type":"normal"}]},"footnotes":""},"categories":[20],"tags":[],"class_list":["post-51831","post","type-post","status-publish","format-standard","has-post-thumbnail","hentry","category-municipales"],"jetpack_featured_media_url":"https:\/\/atecordoba.org\/wp-content\/uploads\/2025\/12\/WhatsApp-Image-2025-12-03-at-12.53.55.jpeg","_links":{"self":[{"href":"https:\/\/atecordoba.org\/index.php?rest_route=\/wp\/v2\/posts\/51831","targetHints":{"allow":["GET"]}}],"collection":[{"href":"https:\/\/atecordoba.org\/index.php?rest_route=\/wp\/v2\/posts"}],"about":[{"href":"https:\/\/atecordoba.org\/index.php?rest_route=\/wp\/v2\/types\/post"}],"author":[{"embeddable":true,"href":"https:\/\/atecordoba.org\/index.php?rest_route=\/wp\/v2\/users\/7"}],"replies":[{"embeddable":true,"href":"https:\/\/atecordoba.org\/index.php?rest_route=%2Fwp%2Fv2%2Fcomments&post=51831"}],"version-history":[{"count":3,"href":"https:\/\/atecordoba.org\/index.php?rest_route=\/wp\/v2\/posts\/51831\/revisions"}],"predecessor-version":[{"id":51835,"href":"https:\/\/atecordoba.org\/index.php?rest_route=\/wp\/v2\/posts\/51831\/revisions\/51835"}],"wp:featuredmedia":[{"embeddable":true,"href":"https:\/\/atecordoba.org\/index.php?rest_route=\/wp\/v2\/media\/51832"}],"wp:attachment":[{"href":"https:\/\/atecordoba.org\/index.php?rest_route=%2Fwp%2Fv2%2Fmedia&parent=51831"}],"wp:term":[{"taxonomy":"category","embeddable":true,"href":"https:\/\/atecordoba.org\/index.php?rest_route=%2Fwp%2Fv2%2Fcategories&post=51831"},{"taxonomy":"post_tag","embeddable":true,"href":"https:\/\/atecordoba.org\/index.php?rest_route=%2Fwp%2Fv2%2Ftags&post=51831"}],"curies":[{"name":"wp","href":"https:\/\/api.w.org\/{rel}","templated":true}]}}