{"id":5183,"date":"2015-05-05T20:03:04","date_gmt":"2015-05-05T23:03:04","guid":{"rendered":"http:\/\/www.atecordoba.org\/?p=5183"},"modified":"2015-05-05T20:03:04","modified_gmt":"2015-05-05T23:03:04","slug":"brigadistas-y-trabajadores-de-parques-nacionales-movilizaron-a-plaza-de-mayo","status":"publish","type":"post","link":"https:\/\/atecordoba.org\/?p=5183","title":{"rendered":"Brigadistas y trabajadores de Parques Nacionales movilizaron a Plaza de Mayo"},"content":{"rendered":"<p>Ayer 4 de mayo, D\u00eda Internacional del Combatiente de Incendios Forestales, cientos de compa\u00f1eros realizaron una contundente\u00a0movilizaci\u00f3n \u00a0en reclamo de estabilidad laboral y pase a planta, por un Convenio Colectivo para el sector, y por el desprocesamiento de 19 brigadistas y la reincorporaci\u00f3n de tres despedidos.<\/p>\n<p>(fuente: ATE Nacional)<\/p>\n<p><span style=\"font-style: inherit; font-weight: inherit;\">Avenida de Mayo y 9 de julio era la cita ayer\u00a04 de mayo, en el marco del D\u00eda Internacional del Combatiente de Incendios Forestales. All\u00ed concentraron cientos de compa\u00f1eros de los Parques Nacionales Calilegua, Pizarro, Otamendi, El Palmar e Iguaz\u00fa. Otros provenientes de las delegaciones regionales centro, casa central, Lago Puelo, Lan\u00edn, Nahuel Huapi, Los Alerces y Tierra del Fuego. C\u00f3rdoba estuvo presente con la participaci\u00f3n del secretario de Interior del CDP, Lu\u00eds B\u00e1rcena, y el delegado regional de la Regional Centro y delegado del sector, Leonardo Barrios Caro.<\/span><\/p>\n<p><a href=\"http:\/\/www.atecordoba.org\/wp-content\/uploads\/2015\/05\/mayo-e1430866764662.jpg\"><img loading=\"lazy\" decoding=\"async\" class=\"aligncenter size-full wp-image-5184\" src=\"http:\/\/www.atecordoba.org\/wp-content\/uploads\/2015\/05\/mayo-e1430866764662.jpg\" alt=\"mayo\" width=\"550\" height=\"365\" \/><\/a><\/p>\n<p><span style=\"font-style: inherit; font-weight: inherit;\"><span style=\"font-style: inherit; font-weight: inherit;\">La columna recorri\u00f3 Avenida de Mayo con la cl\u00e1sica batucada hasta la Plaza de Mayo, donde se realiz\u00f3 un acto. Las adhesiones, enumeradas una a una por Silvia Le\u00f3n, Secretaria de Organizaci\u00f3n de ATE, fueron numerosas y de m\u00faltiples sectores del Estado. All\u00ed, dando inicio a la actividad, los compa\u00f1eros del Coro Nacional de J\u00f3venes entonaron las estrofas del himno nacional argentino. Luego sigui\u00f3 \u201cAmarillos del monte\u201d, canci\u00f3n homenaje a los combatientes del fuego, interpretada por Veronica Mansilla, la \u00fanica mujer brigadista del Plan Nacional del Manejo del Fuego, con el acompa\u00f1amiento del Coro. A continuaci\u00f3n, se llev\u00f3 a cabo una interpretaci\u00f3n -a modo de parodia- a cargo del grupo art\u00edstico \u201cAl borde\u201d en la que se denunci\u00f3 la inacci\u00f3n gubernamental, adem\u00e1s de la corrupci\u00f3n y desidia de parte del funcionariado.<\/span><\/span><\/p>\n<p>&#8220;Venimos apoyar el reclamo de los compa\u00f1eros brigadistas, adem\u00e1s para reclamar que las autoridades de parques nacionales escuchen el pedido de convenio colectivo y el pase a planta de los brigadistas y de los compa\u00f1eros contratados resoluci\u00f3n 48. La precarizaci\u00f3n llega al punto que entre los dos sectores sumamos 800 trabajadores sin estabilidad laboral, 500 brigadistas y 300 contratados. Una vez que pasemos a planta, la prioridad es que discutamos un verdadero convenio que incluya a todos los trabajadores de la APN y no el convenio parcial actual que sobre incluye a los guardaparques&#8221;, explic\u00f3 Leonardo Barrios Caro.<\/p>\n<p><a href=\"http:\/\/www.atecordoba.org\/wp-content\/uploads\/2015\/05\/IMG-20150505-WA0016-e1430866806317.jpg\"><img loading=\"lazy\" decoding=\"async\" class=\"aligncenter size-full wp-image-5185\" src=\"http:\/\/www.atecordoba.org\/wp-content\/uploads\/2015\/05\/IMG-20150505-WA0016-e1430866806317.jpg\" alt=\"IMG-20150505-WA0016\" width=\"550\" height=\"413\" \/><\/a><\/p>\n<p><span style=\"font-style: inherit; font-weight: inherit;\"><span style=\"font-style: inherit; font-weight: inherit;\">\u00a0<\/span><\/span><b><strong style=\"font-style: inherit;\"><span style=\"font-style: inherit; font-weight: inherit;\">\u201cEs urgente el cese de la persecuci\u00f3n judicial\u201d<\/span><\/strong><\/b><\/p>\n<p><span style=\"font-style: inherit; font-weight: inherit;\"><span style=\"font-style: inherit; font-weight: inherit;\">\u201cHoy es un d\u00eda para conmemorar, no de festejo, porque se recuerda a los brigadistas que cayeron combatiendo el fuego\u201d, arranc\u00f3 Ignacio Fornia, delegado de ATE en el Parque Nacional Lanin, primer orador del acto.<\/span><\/span><\/p>\n<p><span style=\"font-style: inherit; font-weight: inherit;\"><span style=\"font-style: inherit; font-weight: inherit;\">\u201cNuestra misi\u00f3n es luchar contra los incendios, cuidando a los nuestros y el patrimonio de los argentinos. Por eso es que planteamos que la precarizaci\u00f3n laboral debe terminar y debe haber una carrera que nos reconozca como profesionales, porque as\u00ed es como nosotros nos tomamos nuestra tarea\u201d, afirm\u00f3 Fornia, y agreg\u00f3: \u201cTambi\u00e9n es urgente el cese de la persecuci\u00f3n judicial a los compa\u00f1eros que luchamos\u201d.<\/span><\/span><\/p>\n<p><span style=\"font-style: inherit; font-weight: inherit;\"><span style=\"font-style: inherit; font-weight: inherit;\">Luego, el delegado de ATE record\u00f3 una situaci\u00f3n que hoy afecta sobre todo a los habitantes de nuestra Patagonia: \u201cSoy de San Mart\u00edn de los Andes, una regi\u00f3n muy afectada por la erupci\u00f3n del volc\u00e1n Calbuco, y muchos de mis compa\u00f1eros hoy no pudieron estar ac\u00e1 porque est\u00e1n ayudando a limpiar los hospitales, casas, centros sanitarios, escuelas, aeropuertos, etc. Todo para que vuelva a funcionar la ciudad. Un saludo grande para todos ellos\u201d.<\/span><\/span><\/p>\n<p><a href=\"http:\/\/www.atecordoba.org\/wp-content\/uploads\/2015\/05\/plaza-de-mayo-e1430866845310.jpg\"><img loading=\"lazy\" decoding=\"async\" class=\"aligncenter size-full wp-image-5186\" src=\"http:\/\/www.atecordoba.org\/wp-content\/uploads\/2015\/05\/plaza-de-mayo-e1430866845310.jpg\" alt=\"plaza de mayo\" width=\"550\" height=\"365\" \/><\/a><\/p>\n<p><span style=\"font-style: inherit; font-weight: inherit;\"><span style=\"font-style: inherit; font-weight: inherit;\">\u201cAgradecemos a cada uno de los compa\u00f1eros que se acercaron de distintos rincones del pa\u00eds, que dejaron a su familia para, en algunos casos, viajar miles de kil\u00f3metros\u201d, cerr\u00f3 Fornia.<\/span><\/span><\/p>\n<p><span style=\"font-style: inherit; font-weight: inherit;\"><span style=\"font-style: inherit; font-weight: inherit;\">\u00a0<\/span><\/span><b><strong style=\"font-style: inherit;\"><span style=\"font-style: inherit; font-weight: inherit;\">\u201cTal como conseguimos entre todos la anualizaci\u00f3n de brigadistas, ahora vamos por m\u00e1s\u201d<\/span><\/strong><\/b><\/p>\n<p><span style=\"font-style: inherit; font-weight: inherit;\"><span style=\"font-style: inherit; font-weight: inherit;\">A continuaci\u00f3n fue el turno de Natalia P\u00e9rez, delegada general de ATE Parques Nacionales Casa Central, quien asever\u00f3: \u201cLas autoridades y funcionarios creen que nos van a dividir porque suponen que as\u00ed no vamos a conseguir lo que queremos. Sin embargo, los trabajadores de Casa Central nos solidarizamos con los brigadistas. Por eso estamos ac\u00e1, acompa\u00f1ando a los compa\u00f1eros, porque entendemos que pese a que estamos lejos de las \u00e1reas protegidas, somos todos agentes de conservaci\u00f3n\u201d.<\/span><\/span><\/p>\n<p><span style=\"font-style: inherit; font-weight: inherit;\"><span style=\"font-style: inherit; font-weight: inherit;\">\u201cQueremos el Convenio Colectivo y no mas precarizaci\u00f3n para nadie. Y tenemos que seguir peleando juntos ya que as\u00ed como conseguimos entre todos la anualizaci\u00f3n de brigadistas, tenemos que ir por m\u00e1s\u201d, lanz\u00f3 la compa\u00f1era.<\/span><\/span><\/p>\n<p><span style=\"font-style: inherit; font-weight: inherit;\"><span style=\"font-style: inherit; font-weight: inherit;\">\u00a0<\/span><\/span><b><strong style=\"font-style: inherit;\"><span style=\"font-style: inherit; font-weight: inherit;\">\u201cLos trabajadores somos uno, porque juntos podemos cambiar la realidad\u201d<\/span><\/strong><\/b><\/p>\n<p><span style=\"font-style: inherit; font-weight: inherit;\"><span style=\"font-style: inherit; font-weight: inherit;\">\u201cEs importante que nos hayamos hecho due\u00f1os de la Plaza de Mayo, y eso es gracias al esfuerzo de cada uno de ustedes. Por eso, nos tenemos que sentir orgullosos\u201d, resalt\u00f3 en su intervenci\u00f3n Eduardo Sotelo, delegado general ATE Parque Nacional Nahuel Huapi.<\/span><\/span><\/p>\n<p><a href=\"http:\/\/www.atecordoba.org\/wp-content\/uploads\/2015\/05\/IMG-20150505-WA0012-e1430866881305.jpg\"><img loading=\"lazy\" decoding=\"async\" class=\"aligncenter size-full wp-image-5187\" src=\"http:\/\/www.atecordoba.org\/wp-content\/uploads\/2015\/05\/IMG-20150505-WA0012-e1430866881305.jpg\" alt=\"IMG-20150505-WA0012\" width=\"550\" height=\"413\" \/><\/a><\/p>\n<p><span style=\"font-style: inherit; font-weight: inherit;\"><span style=\"font-style: inherit; font-weight: inherit;\">Luego, el compa\u00f1ero denunci\u00f3: \u201cEstamos ac\u00e1 para decirle a Carlos Corvalan (Presidente del Directorio de la APN) que no tiene que haber mas contratados en Parques Nacionales, que devuelva los d\u00edas que descont\u00f3. Le decimos tambi\u00e9n a su c\u00f3mplice Daniel Ramos (Presidente del Directorio de la APN) y su s\u00fabdito V\u00edctoriano Curuhual (director Nacional de Incendios de APN), que retiren la denuncia que realizaron a brigadistas por el simple hecho de reclamar lo que les corresponde\u201d.<\/span><\/span><\/p>\n<p><span style=\"font-style: inherit; font-weight: inherit;\"><span style=\"font-style: inherit; font-weight: inherit;\">\u201cTenemos que agradecer a la Conducci\u00f3n Nacional de ATE por la confianza y el respaldo en esta larga lucha. Lo mismo con los compa\u00f1eros de Parques Nacionales, quienes se solidarizaron en esta pelea\u201d, record\u00f3 Sotelo, quien areng\u00f3: \u201cLos trabajadores somos uno, y juntos podemos cambiar la realidad\u201d.<\/span><\/span><\/p>\n<p><span style=\"font-style: inherit; font-weight: inherit;\"><span style=\"font-style: inherit; font-weight: inherit;\">\u00a0<\/span><\/span><b><strong style=\"font-style: inherit;\"><span style=\"font-style: inherit; font-weight: inherit;\">\u201cEsta es una pelea de todos\u201d<\/span><\/strong><\/b><\/p>\n<p><span style=\"font-style: inherit; font-weight: inherit;\"><span style=\"font-style: inherit; font-weight: inherit;\">\u201cEste es un d\u00eda de conmemoraci\u00f3n, pero tambi\u00e9n de lucha\u201d, record\u00f3 el Hugo Godoy, Secretario Adjunto de ATE, en referencia a este 4 de mayo, D\u00eda Internacional del Combatiente de Incendios Forestales.<\/span><\/span><\/p>\n<p><span style=\"font-style: inherit; font-weight: inherit;\"><span style=\"font-style: inherit; font-weight: inherit;\">\u201cEsta jornada busca romper la invisibilidad a la que busca someternos el poder de turno y el poder. Queremos que la sociedad en conjunto tenga conciencia de que cuando un brigadista arriesga su vida en un incendio, lo est\u00e1 haciendo al servicio de todo el pueblo argentino\u201d, asegur\u00f3 el dirigente nacional.<\/span><\/span><\/p>\n<p><a href=\"http:\/\/www.atecordoba.org\/wp-content\/uploads\/2015\/05\/IMG-20150505-WA0009-e1430866919537.jpg\"><img loading=\"lazy\" decoding=\"async\" class=\"aligncenter size-full wp-image-5188\" src=\"http:\/\/www.atecordoba.org\/wp-content\/uploads\/2015\/05\/IMG-20150505-WA0009-e1430866919537.jpg\" alt=\"IMG-20150505-WA0009\" width=\"550\" height=\"413\" \/><\/a><\/p>\n<p><span style=\"font-style: inherit; font-weight: inherit;\"><span style=\"font-style: inherit; font-weight: inherit;\">\u201cLo que va a garantizar la victoria es mantener la lucha en unidad, con los trabajadores en la calle, para romper el intento de aislamiento y la estrategia de divisi\u00f3n que quiere imponer el Gobierno. Por eso, les digo que la pelea de los brigadistas es de todo ATE, sean nacionales, provinciales o de los municipios\u201d, lanz\u00f3 Godoy.<\/span><\/span><\/p>\n<p><span style=\"font-style: inherit; font-weight: inherit;\"><span style=\"font-style: inherit; font-weight: inherit;\">\u201cNo solamente son los brigadistas quienes est\u00e1n precarizados, tambi\u00e9n los rescatistas de monta\u00f1a, guardavidas en r\u00edos y mares, todos trabajadores que se juegan el pellejo por otro compatriota\u201d, dijo el Secretario Adjunto de ATE, y cerr\u00f3: \u201cEst\u00e1 es una pelea de todos. Veo la bandera del pueblo mapuche y siento que es necesario destacar que est\u00e1 es una naci\u00f3n con muchas naciones dentro. Por eso esta lucha tambi\u00e9n es porque la necesidad de construir un Estado plurinacional\u201d.<\/span><\/span><\/p>\n<p><span style=\"font-style: inherit; font-weight: inherit;\"><span style=\"font-style: inherit; font-weight: inherit;\">\u00a0<\/span><\/span><\/p>\n<p><span style=\"font-style: inherit; font-weight: inherit;\"><b><strong style=\"font-style: inherit;\"><span style=\"font-style: inherit; font-weight: inherit;\">\u201cQueremos salir de nuestros hogares a ganarnos el pan, no a jugarnos la vida\u201d<\/span><\/strong><\/b><\/span><\/p>\n<p><span style=\"font-style: inherit; font-weight: inherit;\"><span style=\"font-style: inherit; font-weight: inherit;\">El cierre del acto estuvo a cargo de Julio Fuentes, Secretario General de ATE: \u201cEn ATE tenemos una m\u00e1xima: Nosotros queremos salir de nuestros hogares a ganarnos el pan, no a jugarnos la vida. Claro, cuando se trata de un trabajo como el de ustedes, por m\u00e1s que existan todas las condiciones, ustedes salen a jugarse la vida cada vez que tienen que ir a su puesto de trabajo\u201d.<\/span><\/span><\/p>\n<p><a href=\"http:\/\/www.atecordoba.org\/wp-content\/uploads\/2015\/05\/IMG-20150505-WA0007-e1430866955162.jpg\"><img loading=\"lazy\" decoding=\"async\" class=\"aligncenter size-full wp-image-5189\" src=\"http:\/\/www.atecordoba.org\/wp-content\/uploads\/2015\/05\/IMG-20150505-WA0007-e1430866955162.jpg\" alt=\"IMG-20150505-WA0007\" width=\"550\" height=\"413\" \/><\/a><\/p>\n<p><span style=\"font-style: inherit; font-weight: inherit;\"><span style=\"font-style: inherit; font-weight: inherit;\">\u201cEl brigadista s\u00f3lo funciona si tiene confianza en el que est\u00e1 al lado. S\u00f3lo funciona si cree en su compa\u00f1ero o compa\u00f1era de al lado. No hay otra posibilidad. As\u00ed mismo funciona el sindicalismo. As\u00ed funciona la lucha de la clase trabajadora: S\u00f3lo funciona si tenemos confianza en el que est\u00e1 al lado, como cuando ustedes van a enfrentar al fuego. Es entonces muy importante lo que se ha hecho hoy: Conocerse, verse las caras, saber que por lo que se pelea en Lan\u00edn es lo mismo por lo que se pelea en Nahuel Huapi, en Pilcomayo, o en El Palmar. Estamos construyendo una fuerte unidad para lograr ese objetivo: Tener dignidad\u201d, afirm\u00f3.<\/span><\/span><\/p>\n<p><span style=\"font-style: inherit; font-weight: inherit;\"><span style=\"font-style: inherit; font-weight: inherit;\">\u201cNecesitamos estabilidad en el trabajo. No puede ser que los gobiernos pasen y que el 31 de diciembre a nosotros se nos venzan los contratos. A los brigadistas, a los de Parques Nacionales y a los 70 mil trabajadores nacionales a los que se les vence el contrato en diciembre. A los 600 mil trabajadores del Estado en todo el pa\u00eds que el 31 de diciembre se quedan sin contrato. Es una lucha dura, dif\u00edcil y compleja, pero la podemos dar en plena confianza\u201d, asegur\u00f3 Fuentes.<\/span><\/span><\/p>\n<p><span style=\"font-style: inherit; font-weight: inherit;\"><span style=\"font-style: inherit; font-weight: inherit;\">\u201cEl Convenio Colectivo es clave, compa\u00f1eros. Necesitamos un Convenio de Parques Nacionales, porque es el sector rector de la actividad. Si logramos tener la actividad nacional organizada, con misiones y funciones determinadas, con condiciones y sistemas de ascenso, con estabilidad, con licencias y capacitaciones, y con todo lo que un Convenio implica, vamos a lograr que sirva como ejemplo para los compa\u00f1eros brigadistas de las provincias, o para los compa\u00f1eros de la defensa civil de los municipios\u201d, cerr\u00f3.<\/span><\/span><\/p>\n","protected":false},"excerpt":{"rendered":"<p>Ayer 4 de mayo, D\u00eda Internacional del Combatiente de Incendios Forestales, cientos de compa\u00f1eros realizaron una contundente\u00a0movilizaci\u00f3n \u00a0en reclamo de estabilidad laboral y pase a planta, por un Convenio Colectivo para el sector, y por el desprocesamiento de 19 brigadistas y la reincorporaci\u00f3n de tres despedidos. (fuente: ATE Nacional) Avenida de Mayo y 9 de [&hellip;]<\/p>\n","protected":false},"author":1,"featured_media":19220,"comment_status":"open","ping_status":"open","sticky":false,"template":"","format":"standard","meta":{"_exactmetrics_skip_tracking":false,"_exactmetrics_sitenote_active":false,"_exactmetrics_sitenote_note":"","_exactmetrics_sitenote_category":0,"jnews-multi-image_gallery":[],"jnews_single_post":[],"jnews_primary_category":[],"jnews_social_meta":[],"jnews_review":[],"enable_review":"","type":"","name":"","summary":"","brand":"","sku":"","good":[],"bad":[],"score_override":"","override_value":"","rating":[],"price":[],"jnews_override_counter":[],"jnews_post_split":[],"footnotes":""},"categories":[18,96],"tags":[],"class_list":["post-5183","post","type-post","status-publish","format-standard","has-post-thumbnail","hentry","category-nacionales","category-parques-nacionales-2"],"jetpack_featured_media_url":"https:\/\/atecordoba.org\/wp-content\/uploads\/2020\/05\/logo-nuevochico-e1561581322808.png","_links":{"self":[{"href":"https:\/\/atecordoba.org\/index.php?rest_route=\/wp\/v2\/posts\/5183","targetHints":{"allow":["GET"]}}],"collection":[{"href":"https:\/\/atecordoba.org\/index.php?rest_route=\/wp\/v2\/posts"}],"about":[{"href":"https:\/\/atecordoba.org\/index.php?rest_route=\/wp\/v2\/types\/post"}],"author":[{"embeddable":true,"href":"https:\/\/atecordoba.org\/index.php?rest_route=\/wp\/v2\/users\/1"}],"replies":[{"embeddable":true,"href":"https:\/\/atecordoba.org\/index.php?rest_route=%2Fwp%2Fv2%2Fcomments&post=5183"}],"version-history":[{"count":0,"href":"https:\/\/atecordoba.org\/index.php?rest_route=\/wp\/v2\/posts\/5183\/revisions"}],"wp:featuredmedia":[{"embeddable":true,"href":"https:\/\/atecordoba.org\/index.php?rest_route=\/wp\/v2\/media\/19220"}],"wp:attachment":[{"href":"https:\/\/atecordoba.org\/index.php?rest_route=%2Fwp%2Fv2%2Fmedia&parent=5183"}],"wp:term":[{"taxonomy":"category","embeddable":true,"href":"https:\/\/atecordoba.org\/index.php?rest_route=%2Fwp%2Fv2%2Fcategories&post=5183"},{"taxonomy":"post_tag","embeddable":true,"href":"https:\/\/atecordoba.org\/index.php?rest_route=%2Fwp%2Fv2%2Ftags&post=5183"}],"curies":[{"name":"wp","href":"https:\/\/api.w.org\/{rel}","templated":true}]}}