{"id":51828,"date":"2025-12-03T13:18:09","date_gmt":"2025-12-03T16:18:09","guid":{"rendered":"https:\/\/atecordoba.org\/?p=51828"},"modified":"2025-12-03T13:18:09","modified_gmt":"2025-12-03T16:18:09","slug":"los-hornillos-acuerdo-con-la-comuna-pases-a-planta-y-aumentos-en-items-salariales","status":"publish","type":"post","link":"https:\/\/atecordoba.org\/?p=51828","title":{"rendered":"Los Hornillos: acuerdo con la Comuna pases a planta y aumentos en \u00edtems salariales"},"content":{"rendered":"<p><img loading=\"lazy\" decoding=\"async\" class=\"aligncenter wp-image-51829 \" src=\"https:\/\/atecordoba.org\/wp-content\/uploads\/2025\/12\/WhatsApp-Image-2025-08-13-at-14.09.53-2-1024x770.jpeg\" alt=\"\" width=\"605\" height=\"455\" srcset=\"https:\/\/atecordoba.org\/wp-content\/uploads\/2025\/12\/WhatsApp-Image-2025-08-13-at-14.09.53-2-1024x770.jpeg 1024w, https:\/\/atecordoba.org\/wp-content\/uploads\/2025\/12\/WhatsApp-Image-2025-08-13-at-14.09.53-2-300x226.jpeg 300w, https:\/\/atecordoba.org\/wp-content\/uploads\/2025\/12\/WhatsApp-Image-2025-08-13-at-14.09.53-2-768x578.jpeg 768w, https:\/\/atecordoba.org\/wp-content\/uploads\/2025\/12\/WhatsApp-Image-2025-08-13-at-14.09.53-2-750x564.jpeg 750w, https:\/\/atecordoba.org\/wp-content\/uploads\/2025\/12\/WhatsApp-Image-2025-08-13-at-14.09.53-2-1140x858.jpeg 1140w, https:\/\/atecordoba.org\/wp-content\/uploads\/2025\/12\/WhatsApp-Image-2025-08-13-at-14.09.53-2.jpeg 1280w\" sizes=\"auto, (max-width: 605px) 100vw, 605px\" \/>En una audiencia desarrollada hoy en la Delegaci\u00f3n Villa Dolores del Ministerio de Trabajo de la provincia, ATE y la Comuna de Los Hornillos acordaron cuatro pases a planta permanente de personal contratado.<\/p>\n<p>As\u00ed tambi\u00e9n las y los trabajadores municipales recibir\u00e1n con los haberes de diciembre pr\u00f3ximo aumentos en los \u00edtems salariales Insalubridad (15%), Asistencia y Puntualidad (12%) y Refrigerio (5%).<\/p>\n<p>Por otro lado, en t\u00e9rminos de condiciones laborales el personal se ver\u00e1 beneficiado con el goce de licencias anuales, establecidas de la siguiente manera:<\/p>\n<ul>\n<li>15 d\u00edas para el personal contratado.<\/li>\n<li>Personal de planta permanente, seg\u00fan lo establecido por la normativa vigencia conforme la antig\u00fcedad que cuenta cada trabajador y trabajadora.<\/li>\n<\/ul>\n<p>Por \u00faltimo, la Comuna har\u00e1 entrega de la muda de ropa de verano entre el 10 y el 20 de diciembre pr\u00f3ximo.<\/p>\n<p>Estuvieron presentes en la audiencia de la cartera laboral\u00a0 la jefa comunal Carolina Caballero, junto funcionarios, en tanto por ATE participaron el delegado sectorial Hugo Kastli y los referentes de ATE Traslasierra, Claudia Ortega y Nicol\u00e1s Gonz\u00e1lez.<\/p>\n<p>Por \u00faltimo, se estableci\u00f3 que la pr\u00f3xima audiencia se realizar\u00e1 en el mes de febrero, a los fines de abordar los reclamos de las y los trabajadores en material salarial.<\/p>\n","protected":false},"excerpt":{"rendered":"<p>En una audiencia desarrollada hoy en la Delegaci\u00f3n Villa Dolores del Ministerio de Trabajo de la provincia, ATE y la Comuna de Los Hornillos acordaron cuatro pases a planta permanente de personal contratado. As\u00ed tambi\u00e9n las y los trabajadores municipales recibir\u00e1n con los haberes de diciembre pr\u00f3ximo aumentos en los \u00edtems salariales Insalubridad (15%), Asistencia [&hellip;]<\/p>\n","protected":false},"author":7,"featured_media":51829,"comment_status":"open","ping_status":"open","sticky":false,"template":"","format":"standard","meta":{"_exactmetrics_skip_tracking":false,"_exactmetrics_sitenote_active":false,"_exactmetrics_sitenote_note":"","_exactmetrics_sitenote_category":0,"jnews-multi-image_gallery":[],"jnews_single_post":[],"jnews_primary_category":[],"jnews_social_meta":[],"jnews_review":[],"enable_review":"","type":"","name":"","summary":"","brand":"","sku":"","good":[],"bad":[],"score_override":"","override_value":"","rating":[],"price":[],"jnews_override_counter":[],"jnews_post_split":[],"footnotes":""},"categories":[20],"tags":[],"class_list":["post-51828","post","type-post","status-publish","format-standard","has-post-thumbnail","hentry","category-municipales"],"jetpack_featured_media_url":"https:\/\/atecordoba.org\/wp-content\/uploads\/2025\/12\/WhatsApp-Image-2025-08-13-at-14.09.53-2.jpeg","_links":{"self":[{"href":"https:\/\/atecordoba.org\/index.php?rest_route=\/wp\/v2\/posts\/51828","targetHints":{"allow":["GET"]}}],"collection":[{"href":"https:\/\/atecordoba.org\/index.php?rest_route=\/wp\/v2\/posts"}],"about":[{"href":"https:\/\/atecordoba.org\/index.php?rest_route=\/wp\/v2\/types\/post"}],"author":[{"embeddable":true,"href":"https:\/\/atecordoba.org\/index.php?rest_route=\/wp\/v2\/users\/7"}],"replies":[{"embeddable":true,"href":"https:\/\/atecordoba.org\/index.php?rest_route=%2Fwp%2Fv2%2Fcomments&post=51828"}],"version-history":[{"count":1,"href":"https:\/\/atecordoba.org\/index.php?rest_route=\/wp\/v2\/posts\/51828\/revisions"}],"predecessor-version":[{"id":51830,"href":"https:\/\/atecordoba.org\/index.php?rest_route=\/wp\/v2\/posts\/51828\/revisions\/51830"}],"wp:featuredmedia":[{"embeddable":true,"href":"https:\/\/atecordoba.org\/index.php?rest_route=\/wp\/v2\/media\/51829"}],"wp:attachment":[{"href":"https:\/\/atecordoba.org\/index.php?rest_route=%2Fwp%2Fv2%2Fmedia&parent=51828"}],"wp:term":[{"taxonomy":"category","embeddable":true,"href":"https:\/\/atecordoba.org\/index.php?rest_route=%2Fwp%2Fv2%2Fcategories&post=51828"},{"taxonomy":"post_tag","embeddable":true,"href":"https:\/\/atecordoba.org\/index.php?rest_route=%2Fwp%2Fv2%2Ftags&post=51828"}],"curies":[{"name":"wp","href":"https:\/\/api.w.org\/{rel}","templated":true}]}}