{"id":51812,"date":"2025-12-02T15:35:43","date_gmt":"2025-12-02T18:35:43","guid":{"rendered":"https:\/\/atecordoba.org\/?p=51812"},"modified":"2025-12-02T16:04:47","modified_gmt":"2025-12-02T19:04:47","slug":"taller-sobre-violencia-laboral-en-ate-rio-cuarto","status":"publish","type":"post","link":"https:\/\/atecordoba.org\/?p=51812","title":{"rendered":"Taller sobre violencia laboral en ATE R\u00edo Cuarto"},"content":{"rendered":"<p><img loading=\"lazy\" decoding=\"async\" class=\"aligncenter wp-image-51813 \" src=\"https:\/\/atecordoba.org\/wp-content\/uploads\/2025\/12\/WhatsApp-Image-2025-12-02-at-14.48.42-1024x576.jpeg\" alt=\"\" width=\"610\" height=\"343\" srcset=\"https:\/\/atecordoba.org\/wp-content\/uploads\/2025\/12\/WhatsApp-Image-2025-12-02-at-14.48.42-1024x576.jpeg 1024w, https:\/\/atecordoba.org\/wp-content\/uploads\/2025\/12\/WhatsApp-Image-2025-12-02-at-14.48.42-300x169.jpeg 300w, https:\/\/atecordoba.org\/wp-content\/uploads\/2025\/12\/WhatsApp-Image-2025-12-02-at-14.48.42-768x432.jpeg 768w, https:\/\/atecordoba.org\/wp-content\/uploads\/2025\/12\/WhatsApp-Image-2025-12-02-at-14.48.42-1536x864.jpeg 1536w, https:\/\/atecordoba.org\/wp-content\/uploads\/2025\/12\/WhatsApp-Image-2025-12-02-at-14.48.42-750x422.jpeg 750w, https:\/\/atecordoba.org\/wp-content\/uploads\/2025\/12\/WhatsApp-Image-2025-12-02-at-14.48.42-1140x641.jpeg 1140w, https:\/\/atecordoba.org\/wp-content\/uploads\/2025\/12\/WhatsApp-Image-2025-12-02-at-14.48.42.jpeg 1600w\" sizes=\"auto, (max-width: 610px) 100vw, 610px\" \/><\/p>\n<p>Hoy se desarroll\u00f3 en la sede de ATE R\u00edo Cuarto un taller de formaci\u00f3n sobre Violencia Laboral destinado a trabajadoras y trabajadores del Estado nacional, provincial y municipal.<\/p>\n<p>Encabezada por la secretaria General de la seccional, Rafaela Alcoba, y con el acompa\u00f1amiento de la secretaria de Prensa de ATE C\u00f3rdoba y vocal del Consejo directivo Nacional, Julia Giuliani, la actividad apunt\u00f3 a recuperar la formaci\u00f3n pol\u00edtica en la etapa que se viene, seg\u00fan explic\u00f3 la secretaria de Formaci\u00f3n de ATE R\u00edo Cuarto, Andrea Ferreyra.<img loading=\"lazy\" decoding=\"async\" class=\"alignleft wp-image-51814 \" src=\"https:\/\/atecordoba.org\/wp-content\/uploads\/2025\/12\/WhatsApp-Image-2025-12-02-at-14.34.15-3-768x1024.jpeg\" alt=\"\" width=\"275\" height=\"367\" srcset=\"https:\/\/atecordoba.org\/wp-content\/uploads\/2025\/12\/WhatsApp-Image-2025-12-02-at-14.34.15-3-768x1024.jpeg 768w, https:\/\/atecordoba.org\/wp-content\/uploads\/2025\/12\/WhatsApp-Image-2025-12-02-at-14.34.15-3-225x300.jpeg 225w, https:\/\/atecordoba.org\/wp-content\/uploads\/2025\/12\/WhatsApp-Image-2025-12-02-at-14.34.15-3-750x1000.jpeg 750w, https:\/\/atecordoba.org\/wp-content\/uploads\/2025\/12\/WhatsApp-Image-2025-12-02-at-14.34.15-3.jpeg 960w\" sizes=\"auto, (max-width: 275px) 100vw, 275px\" \/><\/p>\n<p>\u201cHay que destacar a Rafaela Alcoba que, como anfitriona, nos brind\u00f3 la posibilidad de estar presente al Consejo Directivo Provincial y volver a darle peso y valor a estos espacios, a encontrarnos, a dialogar, a formarnos, capacitarnos, informarnos\u201d, asegur\u00f3 Giuliani.<\/p>\n<p><strong>Sostener la agenda<\/strong><\/p>\n<p>En la oportunidad se facilit\u00f3 material bibliogr\u00e1fico sobre violencia laboral. \u201cEs importante poner el tema en la agenda, porque est\u00e1 naturalizado, normalizando un mont\u00f3n de situaciones que no corresponden, m\u00e1s en estos tiempos, en este contexto, en donde hay una violencia estructural, legitimada desde la m\u00e1xima conducci\u00f3n del pa\u00eds, como es el presidente para abajo\u201d, agreg\u00f3 la dirigente.<\/p>\n<p>Para luego apuntar que el saldo positivo es que la seccional va a generar los dispositivos necesarios para canalizare consultas, dudas y acompa\u00f1amiento para el momento que alg\u00fan trabajador o trabajadora estatal tenga que realizar alguna consulta al respecto, para hacer una denuncia, evacuar una consulta o solicitar asesoramiento.<\/p>\n<p>Tambi\u00e9n participaron los dirigentes de la CTAA R\u00edo Cuarto Ferm\u00edn Boloquy y Guadalupe Reynoso.<\/p>\n<p><strong>No naturalizar<\/strong><\/p>\n<p>\u201cSiempre se celebra cualquier instancia de formaci\u00f3n dentro de la organizaci\u00f3n del gremio, sobre todo viniendo de parte de compa\u00f1eros, hacia los mismos compa\u00f1eros y compa\u00f1eras. Est\u00e1 en nosotros replicarlo, hacer el caminito de hormiga, para que el trabajador o trabajadora se den cuenta que est\u00e1n naturalizando situaciones, derechos que se vienen vulnerando desde hace a\u00f1os\u201d, dijo Reynoso<img loading=\"lazy\" decoding=\"async\" class=\"alignright wp-image-51815 \" src=\"https:\/\/atecordoba.org\/wp-content\/uploads\/2025\/12\/WhatsApp-Image-2025-12-02-at-14.48.41-576x1024.jpeg\" alt=\"\" width=\"291\" height=\"518\" srcset=\"https:\/\/atecordoba.org\/wp-content\/uploads\/2025\/12\/WhatsApp-Image-2025-12-02-at-14.48.41-576x1024.jpeg 576w, https:\/\/atecordoba.org\/wp-content\/uploads\/2025\/12\/WhatsApp-Image-2025-12-02-at-14.48.41-169x300.jpeg 169w, https:\/\/atecordoba.org\/wp-content\/uploads\/2025\/12\/WhatsApp-Image-2025-12-02-at-14.48.41-768x1365.jpeg 768w, https:\/\/atecordoba.org\/wp-content\/uploads\/2025\/12\/WhatsApp-Image-2025-12-02-at-14.48.41-864x1536.jpeg 864w, https:\/\/atecordoba.org\/wp-content\/uploads\/2025\/12\/WhatsApp-Image-2025-12-02-at-14.48.41-750x1333.jpeg 750w, https:\/\/atecordoba.org\/wp-content\/uploads\/2025\/12\/WhatsApp-Image-2025-12-02-at-14.48.41.jpeg 900w\" sizes=\"auto, (max-width: 291px) 100vw, 291px\" \/><\/p>\n<p>Para la dirigente de la Central, la violencia laboral existe en el Estado y en el sector privado, para un trabajador jornalero, un trabajador de tribunales, una persona que limpia en casas particulares, una persona que hace cuidado de infancia. \u201cPor eso es necesario que todos conozcamos el Convenio 190 de la OIT,\u00a0 cada vez se ven m\u00e1s vulnerados todos los derechos que tenemos los trabajadores\u201d, afirm\u00f3 Reynoso.<\/p>\n<p>Y apunt\u00f3 que \u201chay una violencia planeada y ejercida de quien est\u00e1 arriba, que afecta la autoestima, la deja por el piso y genera que ir al trabajo solo tiene sentido ganarte el pan del d\u00eda y volver a tu casa. No importa qu\u00e9 costo, pero te ganaste el pan, no importa lo que te haga, no importa que te pisotee, no importa si son dos mangos: hay que volver a tu casa con esa plata y tener el plato de comida. Por eso me parece que m\u00e1s que necesario en estos momentos tener este tipo de formaci\u00f3n de manera urgente\u201d.<\/p>\n<p><strong>Conceptos accesibles<\/strong><\/p>\n<p>A su turno, Boloquy dijo que el taller fui significativo porque \u201cpropusimos un recorrido de manera sencilla y clara. Se pudo visibilizar aquellos aspectos estructurales que dan origen y sostienen la diferencia o las desigualdades entre las masculinidades y las feminidades, y que uno de esos aspectos fundantes es la divisi\u00f3n sexual del trabajo\u201d.<img loading=\"lazy\" decoding=\"async\" class=\"aligncenter wp-image-51816 \" src=\"https:\/\/atecordoba.org\/wp-content\/uploads\/2025\/12\/WhatsApp-Image-2025-12-02-at-14.48.42-2-1024x576.jpeg\" alt=\"\" width=\"594\" height=\"334\" srcset=\"https:\/\/atecordoba.org\/wp-content\/uploads\/2025\/12\/WhatsApp-Image-2025-12-02-at-14.48.42-2-1024x576.jpeg 1024w, https:\/\/atecordoba.org\/wp-content\/uploads\/2025\/12\/WhatsApp-Image-2025-12-02-at-14.48.42-2-300x169.jpeg 300w, https:\/\/atecordoba.org\/wp-content\/uploads\/2025\/12\/WhatsApp-Image-2025-12-02-at-14.48.42-2-768x432.jpeg 768w, https:\/\/atecordoba.org\/wp-content\/uploads\/2025\/12\/WhatsApp-Image-2025-12-02-at-14.48.42-2-1536x864.jpeg 1536w, https:\/\/atecordoba.org\/wp-content\/uploads\/2025\/12\/WhatsApp-Image-2025-12-02-at-14.48.42-2-750x422.jpeg 750w, https:\/\/atecordoba.org\/wp-content\/uploads\/2025\/12\/WhatsApp-Image-2025-12-02-at-14.48.42-2-1140x641.jpeg 1140w, https:\/\/atecordoba.org\/wp-content\/uploads\/2025\/12\/WhatsApp-Image-2025-12-02-at-14.48.42-2.jpeg 1600w\" sizes=\"auto, (max-width: 594px) 100vw, 594px\" \/><\/p>\n<p>Y explic\u00f3 que \u201cse puso \u00e9nfasis en el \u00e1mbito laboral y para ello se apel\u00f3 el Convenio 190 de la OIT, en el cual define qu\u00e9 es la violencia, cu\u00e1les son los tipos de violencia, desatac\u00e1ndose las legislaciones nacionales en la misma l\u00ednea que el Convenio\u201d.<\/p>\n<p>\u201cAdem\u00e1s de definir aquellos aspectos relacionados al concepto de la violencia, los tipos de violencia y sus modalidades, se puso a disposici\u00f3n de los y las participantes algunas herramientas que tiene el sindicato, en relaci\u00f3n a las estrategias que vienen elaborando para poder acompa\u00f1ar a las v\u00edctimas de situaciones de violencia\u201d, se\u00f1al\u00f3.<\/p>\n<p><img loading=\"lazy\" decoding=\"async\" class=\"aligncenter wp-image-51817 \" src=\"https:\/\/atecordoba.org\/wp-content\/uploads\/2025\/12\/WhatsApp-Image-2025-12-02-at-14.34.15-1024x768.jpeg\" alt=\"\" width=\"601\" height=\"451\" srcset=\"https:\/\/atecordoba.org\/wp-content\/uploads\/2025\/12\/WhatsApp-Image-2025-12-02-at-14.34.15-1024x768.jpeg 1024w, https:\/\/atecordoba.org\/wp-content\/uploads\/2025\/12\/WhatsApp-Image-2025-12-02-at-14.34.15-300x225.jpeg 300w, https:\/\/atecordoba.org\/wp-content\/uploads\/2025\/12\/WhatsApp-Image-2025-12-02-at-14.34.15-768x576.jpeg 768w, https:\/\/atecordoba.org\/wp-content\/uploads\/2025\/12\/WhatsApp-Image-2025-12-02-at-14.34.15-750x563.jpeg 750w, https:\/\/atecordoba.org\/wp-content\/uploads\/2025\/12\/WhatsApp-Image-2025-12-02-at-14.34.15-1140x855.jpeg 1140w, https:\/\/atecordoba.org\/wp-content\/uploads\/2025\/12\/WhatsApp-Image-2025-12-02-at-14.34.15.jpeg 1280w\" sizes=\"auto, (max-width: 601px) 100vw, 601px\" \/><\/p>\n<p>Como conclusi\u00f3n, Boloquy destac\u00f3 la posibilidad de reflexionar \u201ca partir de las experiencias personales en los puestos laborales de quienes participamos del taller. Pensamos conjuntamente sobre la importancia de seguir teniendo las instancias de formaci\u00f3n, contar con herramientas y poder acompa\u00f1arse dentro de los lugares de trabajo&#8221;.<\/p>\n<p>&#8220;Es importante reconocer c\u00f3mo el espacio geogr\u00e1fico o el nivel del Estado tambi\u00e9n influye en el ejercicio de nuestros derechos. Por caso, no es lo mismo el Estado Nacional que el municipio, que generalmente queda muy relegado en todos los aspectos y profundamente apartado en aquellas pol\u00edticas p\u00fablicas que est\u00e9n destinadas a erradicar la violencia o al desarrollo pleno de las personas, en un \u00e1mbito laboral libre de violencia. Por eso me parece que fue interesante, que fue productivo y estoy muy contento por haber estado participando\u201d, finaliz\u00f3 el dirigente.<\/p>\n<p><img loading=\"lazy\" decoding=\"async\" class=\"alignnone size-medium wp-image-51818\" src=\"https:\/\/atecordoba.org\/wp-content\/uploads\/2025\/12\/WhatsApp-Image-2025-12-02-at-14.48.42-2-1-300x169.jpeg\" alt=\"\" width=\"300\" height=\"169\" srcset=\"https:\/\/atecordoba.org\/wp-content\/uploads\/2025\/12\/WhatsApp-Image-2025-12-02-at-14.48.42-2-1-300x169.jpeg 300w, https:\/\/atecordoba.org\/wp-content\/uploads\/2025\/12\/WhatsApp-Image-2025-12-02-at-14.48.42-2-1-1024x576.jpeg 1024w, https:\/\/atecordoba.org\/wp-content\/uploads\/2025\/12\/WhatsApp-Image-2025-12-02-at-14.48.42-2-1-768x432.jpeg 768w, https:\/\/atecordoba.org\/wp-content\/uploads\/2025\/12\/WhatsApp-Image-2025-12-02-at-14.48.42-2-1-1536x864.jpeg 1536w, https:\/\/atecordoba.org\/wp-content\/uploads\/2025\/12\/WhatsApp-Image-2025-12-02-at-14.48.42-2-1-750x422.jpeg 750w, https:\/\/atecordoba.org\/wp-content\/uploads\/2025\/12\/WhatsApp-Image-2025-12-02-at-14.48.42-2-1-1140x641.jpeg 1140w, https:\/\/atecordoba.org\/wp-content\/uploads\/2025\/12\/WhatsApp-Image-2025-12-02-at-14.48.42-2-1.jpeg 1600w\" sizes=\"auto, (max-width: 300px) 100vw, 300px\" \/> <img loading=\"lazy\" decoding=\"async\" class=\"alignnone size-medium wp-image-51819\" src=\"https:\/\/atecordoba.org\/wp-content\/uploads\/2025\/12\/WhatsApp-Image-2025-12-02-at-14.34.15-1-300x225.jpeg\" alt=\"\" width=\"300\" height=\"225\" srcset=\"https:\/\/atecordoba.org\/wp-content\/uploads\/2025\/12\/WhatsApp-Image-2025-12-02-at-14.34.15-1-300x225.jpeg 300w, https:\/\/atecordoba.org\/wp-content\/uploads\/2025\/12\/WhatsApp-Image-2025-12-02-at-14.34.15-1-1024x768.jpeg 1024w, https:\/\/atecordoba.org\/wp-content\/uploads\/2025\/12\/WhatsApp-Image-2025-12-02-at-14.34.15-1-768x576.jpeg 768w, https:\/\/atecordoba.org\/wp-content\/uploads\/2025\/12\/WhatsApp-Image-2025-12-02-at-14.34.15-1-750x563.jpeg 750w, https:\/\/atecordoba.org\/wp-content\/uploads\/2025\/12\/WhatsApp-Image-2025-12-02-at-14.34.15-1-1140x855.jpeg 1140w, https:\/\/atecordoba.org\/wp-content\/uploads\/2025\/12\/WhatsApp-Image-2025-12-02-at-14.34.15-1.jpeg 1280w\" sizes=\"auto, (max-width: 300px) 100vw, 300px\" \/> <img loading=\"lazy\" decoding=\"async\" class=\"alignnone size-medium wp-image-51820\" src=\"https:\/\/atecordoba.org\/wp-content\/uploads\/2025\/12\/WhatsApp-Image-2025-12-02-at-14.34.15-2-300x225.jpeg\" alt=\"\" width=\"300\" height=\"225\" srcset=\"https:\/\/atecordoba.org\/wp-content\/uploads\/2025\/12\/WhatsApp-Image-2025-12-02-at-14.34.15-2-300x225.jpeg 300w, https:\/\/atecordoba.org\/wp-content\/uploads\/2025\/12\/WhatsApp-Image-2025-12-02-at-14.34.15-2-1024x768.jpeg 1024w, https:\/\/atecordoba.org\/wp-content\/uploads\/2025\/12\/WhatsApp-Image-2025-12-02-at-14.34.15-2-768x576.jpeg 768w, https:\/\/atecordoba.org\/wp-content\/uploads\/2025\/12\/WhatsApp-Image-2025-12-02-at-14.34.15-2-750x563.jpeg 750w, https:\/\/atecordoba.org\/wp-content\/uploads\/2025\/12\/WhatsApp-Image-2025-12-02-at-14.34.15-2-1140x855.jpeg 1140w, https:\/\/atecordoba.org\/wp-content\/uploads\/2025\/12\/WhatsApp-Image-2025-12-02-at-14.34.15-2.jpeg 1280w\" sizes=\"auto, (max-width: 300px) 100vw, 300px\" \/> <img loading=\"lazy\" decoding=\"async\" class=\"alignnone size-medium wp-image-51821\" src=\"https:\/\/atecordoba.org\/wp-content\/uploads\/2025\/12\/WhatsApp-Image-2025-12-02-at-14.48.41-1-169x300.jpeg\" alt=\"\" width=\"169\" height=\"300\" srcset=\"https:\/\/atecordoba.org\/wp-content\/uploads\/2025\/12\/WhatsApp-Image-2025-12-02-at-14.48.41-1-169x300.jpeg 169w, https:\/\/atecordoba.org\/wp-content\/uploads\/2025\/12\/WhatsApp-Image-2025-12-02-at-14.48.41-1-576x1024.jpeg 576w, https:\/\/atecordoba.org\/wp-content\/uploads\/2025\/12\/WhatsApp-Image-2025-12-02-at-14.48.41-1-768x1365.jpeg 768w, https:\/\/atecordoba.org\/wp-content\/uploads\/2025\/12\/WhatsApp-Image-2025-12-02-at-14.48.41-1-864x1536.jpeg 864w, https:\/\/atecordoba.org\/wp-content\/uploads\/2025\/12\/WhatsApp-Image-2025-12-02-at-14.48.41-1-750x1333.jpeg 750w, https:\/\/atecordoba.org\/wp-content\/uploads\/2025\/12\/WhatsApp-Image-2025-12-02-at-14.48.41-1.jpeg 900w\" sizes=\"auto, (max-width: 169px) 100vw, 169px\" \/> <img loading=\"lazy\" decoding=\"async\" class=\"alignnone size-medium wp-image-51822\" src=\"https:\/\/atecordoba.org\/wp-content\/uploads\/2025\/12\/WhatsApp-Image-2025-12-02-at-14.48.41-2-169x300.jpeg\" alt=\"\" width=\"169\" height=\"300\" srcset=\"https:\/\/atecordoba.org\/wp-content\/uploads\/2025\/12\/WhatsApp-Image-2025-12-02-at-14.48.41-2-169x300.jpeg 169w, https:\/\/atecordoba.org\/wp-content\/uploads\/2025\/12\/WhatsApp-Image-2025-12-02-at-14.48.41-2-576x1024.jpeg 576w, https:\/\/atecordoba.org\/wp-content\/uploads\/2025\/12\/WhatsApp-Image-2025-12-02-at-14.48.41-2-768x1365.jpeg 768w, https:\/\/atecordoba.org\/wp-content\/uploads\/2025\/12\/WhatsApp-Image-2025-12-02-at-14.48.41-2-864x1536.jpeg 864w, https:\/\/atecordoba.org\/wp-content\/uploads\/2025\/12\/WhatsApp-Image-2025-12-02-at-14.48.41-2-750x1333.jpeg 750w, https:\/\/atecordoba.org\/wp-content\/uploads\/2025\/12\/WhatsApp-Image-2025-12-02-at-14.48.41-2.jpeg 900w\" sizes=\"auto, (max-width: 169px) 100vw, 169px\" \/><\/p>\n","protected":false},"excerpt":{"rendered":"<p>Hoy se desarroll\u00f3 en la sede de ATE R\u00edo Cuarto un taller de formaci\u00f3n sobre Violencia Laboral destinado a trabajadoras y trabajadores del Estado nacional, provincial y municipal. Encabezada por la secretaria General de la seccional, Rafaela Alcoba, y con el acompa\u00f1amiento de la secretaria de Prensa de ATE C\u00f3rdoba y vocal del Consejo directivo [&hellip;]<\/p>\n","protected":false},"author":7,"featured_media":51813,"comment_status":"open","ping_status":"open","sticky":false,"template":"","format":"standard","meta":{"_exactmetrics_skip_tracking":false,"_exactmetrics_sitenote_active":false,"_exactmetrics_sitenote_note":"","_exactmetrics_sitenote_category":0,"jnews-multi-image_gallery":[],"jnews_single_post":{"format":"standard","override":[{"template":"1","parallax":"1","fullscreen":"1","layout":"no-sidebar-narrow","sidebar":"default-sidebar","second_sidebar":"default-sidebar","sticky_sidebar":"1","share_position":"bottom","share_float_style":"share-monocrhome","show_share_counter":"1","show_view_counter":"1","show_post_meta":"1","show_post_author_image":"1","show_post_date":"1","post_date_format":"default","post_date_format_custom":"Y\/m\/d","show_post_category":"1","show_post_reading_time":"0","post_reading_time_wpm":"300","post_calculate_word_method":"str_word_count","show_zoom_button":"0","zoom_button_out_step":"2","zoom_button_in_step":"3","show_post_tag":"1","number_popup_post":"1","show_post_related":"1","show_inline_post_related":"0"}],"image_override":[{"single_post_thumbnail_size":"crop-500","single_post_gallery_size":"crop-500"}],"trending_post_position":"meta","trending_post_label":"Trending","sponsored_post_label":"Sponsored by","disable_ad":"0"},"jnews_primary_category":[],"jnews_social_meta":[],"jnews_review":[],"enable_review":"","type":"percentage","name":"","summary":"","brand":"","sku":"","good":[],"bad":[],"score_override":"","override_value":"","rating":[],"price":[],"jnews_override_counter":{"view_counter_number":"0","share_counter_number":"0","like_counter_number":"0","dislike_counter_number":"0"},"jnews_post_split":{"post_split":[{"template":"1","tag":"h2","numbering":"asc","mode":"normal","first":"0","enable_toc":"0","toc_type":"normal"}]},"footnotes":""},"categories":[88],"tags":[],"class_list":["post-51812","post","type-post","status-publish","format-standard","has-post-thumbnail","hentry","category-formacion"],"jetpack_featured_media_url":"https:\/\/atecordoba.org\/wp-content\/uploads\/2025\/12\/WhatsApp-Image-2025-12-02-at-14.48.42.jpeg","_links":{"self":[{"href":"https:\/\/atecordoba.org\/index.php?rest_route=\/wp\/v2\/posts\/51812","targetHints":{"allow":["GET"]}}],"collection":[{"href":"https:\/\/atecordoba.org\/index.php?rest_route=\/wp\/v2\/posts"}],"about":[{"href":"https:\/\/atecordoba.org\/index.php?rest_route=\/wp\/v2\/types\/post"}],"author":[{"embeddable":true,"href":"https:\/\/atecordoba.org\/index.php?rest_route=\/wp\/v2\/users\/7"}],"replies":[{"embeddable":true,"href":"https:\/\/atecordoba.org\/index.php?rest_route=%2Fwp%2Fv2%2Fcomments&post=51812"}],"version-history":[{"count":4,"href":"https:\/\/atecordoba.org\/index.php?rest_route=\/wp\/v2\/posts\/51812\/revisions"}],"predecessor-version":[{"id":51826,"href":"https:\/\/atecordoba.org\/index.php?rest_route=\/wp\/v2\/posts\/51812\/revisions\/51826"}],"wp:featuredmedia":[{"embeddable":true,"href":"https:\/\/atecordoba.org\/index.php?rest_route=\/wp\/v2\/media\/51813"}],"wp:attachment":[{"href":"https:\/\/atecordoba.org\/index.php?rest_route=%2Fwp%2Fv2%2Fmedia&parent=51812"}],"wp:term":[{"taxonomy":"category","embeddable":true,"href":"https:\/\/atecordoba.org\/index.php?rest_route=%2Fwp%2Fv2%2Fcategories&post=51812"},{"taxonomy":"post_tag","embeddable":true,"href":"https:\/\/atecordoba.org\/index.php?rest_route=%2Fwp%2Fv2%2Ftags&post=51812"}],"curies":[{"name":"wp","href":"https:\/\/api.w.org\/{rel}","templated":true}]}}