{"id":51803,"date":"2025-12-02T10:39:40","date_gmt":"2025-12-02T13:39:40","guid":{"rendered":"https:\/\/atecordoba.org\/?p=51803"},"modified":"2025-12-02T10:39:40","modified_gmt":"2025-12-02T13:39:40","slug":"giuliani-la-reforma-laboral-de-milei-nos-hara-retroceder-100-anos-en-terminos-de-derechos","status":"publish","type":"post","link":"https:\/\/atecordoba.org\/?p=51803","title":{"rendered":"Giuliani: \u201cLa Reforma Laboral de Milei nos har\u00e1 retroceder 100 a\u00f1os en t\u00e9rminos de derechos\u201d"},"content":{"rendered":"<p><img loading=\"lazy\" decoding=\"async\" class=\"aligncenter wp-image-51805 size-full\" src=\"https:\/\/atecordoba.org\/wp-content\/uploads\/2025\/12\/giuliani-vasco.jpg\" alt=\"\" width=\"571\" height=\"707\" \/>El Secretario General de ATE y la CTA Aut\u00f3noma C\u00f3rdoba, Federico Giuliani, sostuvo en una entrevista con Radio La Ranchada que la reforma laboral del gobierno de Javier Milei busca liquidar derechos hist\u00f3ricos conquistados y replicar un modelo regresivo de ajuste salarial que beneficia a corporaciones internacionales.<\/p>\n<p>\u201cEl panorama laboral argentino se enfrenta a una Reforma Laboral de hecho que ya opera a trav\u00e9s del ajuste salarial, la precarizaci\u00f3n y las condiciones indignas de trabajo, sumado al pluriempleo. No obstante, el Gobierno de Javier Milei, avanza hacia un marco normativo cuyo objetivo es terminar con los derechos laborales que hoy garantizan un piso de dignidad al 40% de la fuerza laboral del pa\u00eds\u201d, afirma Federico Giuliani desde el Pa\u00eds Vasco -donde se encuentra realizando una incidencia internacional en la organizaci\u00f3n Martin Etxea- en \u201cLa Hora de las Villas y los Barrios\u201d que transmite la radio del sur de la capital provincial.<\/p>\n<p>Seg\u00fan el an\u00e1lisis, la propuesta implica un retroceso de m\u00e1s de 100 a\u00f1os, buscando volver al r\u00e9gimen laboral de principios del Siglo XX. Esto se evidencia en la intenci\u00f3n de eliminar los convenios colectivos de trabajo y las instancias paritarias. La reforma plantear\u00eda jornadas de 12 horas, en contramano de la tendencia global (como la de Espa\u00f1a, que busca reducir la jornada laboral).<\/p>\n<p>Giuliani afirm\u00f3 que la legislaci\u00f3n es una copia casi aut\u00e9ntica de la reforma laboral aplicada en Brasil en 2017 por Bolsonaro. Esta reforma, \u201cescrita en los escritorios de grandes estudios de abogados de corporaciones econ\u00f3micas yankis y sionistas, tiene como fin principal generar mayor rentabilidad y ganancias para las patronales, resultando en peores condiciones de trabajo y salarios m\u00e1s bajos para los trabajadores. El plan es generar una mano de obra cuasi esclava y barata para que los capitalistas sigan acumulando riqueza\u201d, asegura. Adem\u00e1s de la precarizaci\u00f3n, se busca cercenar los derechos a huelga y a asamblea, con la intenci\u00f3n de que estas \u00faltimas sean reguladas o autorizadas por el patr\u00f3n.<\/p>\n<p>El desaf\u00edo es doble, ya que el 60% de la fuerza laboral ya se encuentra en la informalidad y no goza de derechos como vacaciones pagas o l\u00edmites horarios. Ante la inminencia de que la ley sea tratada en el Parlamento -calculada para febrero de 2026 debido al receso de verano-, el Secretario General de ATE y la CTA-A C\u00f3rdoba hace un llamado a la acci\u00f3n: \u201cLo que no se logr\u00f3 electoralmente debe hacerse en la calle. Es necesario que los dirigentes dejen los escritorios, salgan al territorio a concientizar a los trabajadores, y construyan una resistencia que debe derivar en condiciones de insurrecci\u00f3n popular. La consigna es que la \u00fanica lucha que se pierde es la que se abandona\u201d.<\/p>\n","protected":false},"excerpt":{"rendered":"<p>El Secretario General de ATE y la CTA Aut\u00f3noma C\u00f3rdoba, Federico Giuliani, sostuvo en una entrevista con Radio La Ranchada que la reforma laboral del gobierno de Javier Milei busca liquidar derechos hist\u00f3ricos conquistados y replicar un modelo regresivo de ajuste salarial que beneficia a corporaciones internacionales. \u201cEl panorama laboral argentino se enfrenta a una [&hellip;]<\/p>\n","protected":false},"author":7,"featured_media":51805,"comment_status":"open","ping_status":"open","sticky":false,"template":"","format":"standard","meta":{"_exactmetrics_skip_tracking":false,"_exactmetrics_sitenote_active":false,"_exactmetrics_sitenote_note":"","_exactmetrics_sitenote_category":0,"jnews-multi-image_gallery":[],"jnews_single_post":[],"jnews_primary_category":[],"jnews_social_meta":[],"jnews_review":[],"enable_review":"","type":"","name":"","summary":"","brand":"","sku":"","good":[],"bad":[],"score_override":"","override_value":"","rating":[],"price":[],"jnews_override_counter":[],"jnews_post_split":[],"footnotes":""},"categories":[10],"tags":[],"class_list":["post-51803","post","type-post","status-publish","format-standard","has-post-thumbnail","hentry","category-accion-politica"],"jetpack_featured_media_url":"https:\/\/atecordoba.org\/wp-content\/uploads\/2025\/12\/giuliani-vasco-e1764682764162.jpg","_links":{"self":[{"href":"https:\/\/atecordoba.org\/index.php?rest_route=\/wp\/v2\/posts\/51803","targetHints":{"allow":["GET"]}}],"collection":[{"href":"https:\/\/atecordoba.org\/index.php?rest_route=\/wp\/v2\/posts"}],"about":[{"href":"https:\/\/atecordoba.org\/index.php?rest_route=\/wp\/v2\/types\/post"}],"author":[{"embeddable":true,"href":"https:\/\/atecordoba.org\/index.php?rest_route=\/wp\/v2\/users\/7"}],"replies":[{"embeddable":true,"href":"https:\/\/atecordoba.org\/index.php?rest_route=%2Fwp%2Fv2%2Fcomments&post=51803"}],"version-history":[{"count":1,"href":"https:\/\/atecordoba.org\/index.php?rest_route=\/wp\/v2\/posts\/51803\/revisions"}],"predecessor-version":[{"id":51806,"href":"https:\/\/atecordoba.org\/index.php?rest_route=\/wp\/v2\/posts\/51803\/revisions\/51806"}],"wp:featuredmedia":[{"embeddable":true,"href":"https:\/\/atecordoba.org\/index.php?rest_route=\/wp\/v2\/media\/51805"}],"wp:attachment":[{"href":"https:\/\/atecordoba.org\/index.php?rest_route=%2Fwp%2Fv2%2Fmedia&parent=51803"}],"wp:term":[{"taxonomy":"category","embeddable":true,"href":"https:\/\/atecordoba.org\/index.php?rest_route=%2Fwp%2Fv2%2Fcategories&post=51803"},{"taxonomy":"post_tag","embeddable":true,"href":"https:\/\/atecordoba.org\/index.php?rest_route=%2Fwp%2Fv2%2Ftags&post=51803"}],"curies":[{"name":"wp","href":"https:\/\/api.w.org\/{rel}","templated":true}]}}