{"id":51769,"date":"2025-12-01T10:03:22","date_gmt":"2025-12-01T13:03:22","guid":{"rendered":"https:\/\/atecordoba.org\/?p=51769"},"modified":"2025-12-01T10:04:28","modified_gmt":"2025-12-01T13:04:28","slug":"salsipuedes-ate-cierra-acuerdo-salarial-en-la-municipalidad-con-4-45-de-aumento-en-noviembre-y-2-5-para-el-trimestre-diciembre-febrero","status":"publish","type":"post","link":"https:\/\/atecordoba.org\/?p=51769","title":{"rendered":"Salsipuedes: ATE cierra acuerdo salarial en la Municipalidad con 4.45% de aumento en noviembre y 2.5% para el trimestre diciembre-febrero"},"content":{"rendered":"<p><img loading=\"lazy\" decoding=\"async\" class=\"aligncenter wp-image-51770 \" src=\"https:\/\/atecordoba.org\/wp-content\/uploads\/2025\/12\/WhatsApp-Image-2025-12-01-at-09.02.28-2-e1764594137939-1024x747.jpeg\" alt=\"\" width=\"617\" height=\"450\" srcset=\"https:\/\/atecordoba.org\/wp-content\/uploads\/2025\/12\/WhatsApp-Image-2025-12-01-at-09.02.28-2-e1764594137939-1024x747.jpeg 1024w, https:\/\/atecordoba.org\/wp-content\/uploads\/2025\/12\/WhatsApp-Image-2025-12-01-at-09.02.28-2-e1764594137939-300x219.jpeg 300w, https:\/\/atecordoba.org\/wp-content\/uploads\/2025\/12\/WhatsApp-Image-2025-12-01-at-09.02.28-2-e1764594137939-768x560.jpeg 768w, https:\/\/atecordoba.org\/wp-content\/uploads\/2025\/12\/WhatsApp-Image-2025-12-01-at-09.02.28-2-e1764594137939-750x547.jpeg 750w, https:\/\/atecordoba.org\/wp-content\/uploads\/2025\/12\/WhatsApp-Image-2025-12-01-at-09.02.28-2-e1764594137939-1140x831.jpeg 1140w, https:\/\/atecordoba.org\/wp-content\/uploads\/2025\/12\/WhatsApp-Image-2025-12-01-at-09.02.28-2-e1764594137939.jpeg 1200w\" sizes=\"auto, (max-width: 617px) 100vw, 617px\" \/>En una audiencia con el Departamento Ejecutivo de la Municipalidad de Salsipuedes, realizada el viernes pasado, ATE cerr\u00f3 la discusi\u00f3n salarial para los y las trabajadoras de la localidad para el tramo noviembre-febrero de 2026.<\/p>\n<p>De esta forma, el personal recibir\u00e1 una recomposici\u00f3n de haberes del 4.45% en el sueldo b\u00e1sico, que se suma a un 2.5% acumulativo mensual de diciembre a febrero pr\u00f3ximo inclusive.<\/p>\n<p>En otro logro de la representaci\u00f3n gremial en el municipio, se acord\u00f3 incorporar el valor del &#8220;adicional fijo no remunerativo&#8221; de 50 mil pesos al \u00edtem refrigerio.<\/p>\n<p>Tambi\u00e9n se confirm\u00f3 mantener el adicional no remunerativo abonado con el salario de octubre, correspondiente a lo laudado por el Ministerio de Trabajo como un monto fijo no remunerativo.<\/p>\n<p>En la oportunidad, estuvieron presentes en la audiencia los delegados de ATE Luis Tapia y Vladimir Su\u00e1rez, en tanto por la Municipalidad particip\u00f3 el secretario General de Gobierno Jos\u00e9 Combina.<\/p>\n<p>El acuerdo salarial fue previamente aprobado por la asamblea de trabajadores y trabajadoras municipales, tal como habitualmente procede nuestra organizaci\u00f3n sindical.<\/p>\n<div id='gallery_1' class='gallery galleryid-51769 gallery-columns-3 gallery-size-thumbnail'><figure class='gallery-item'>\n                <div class='gallery-icon portrait'>\n                    <a href='https:\/\/atecordoba.org\/wp-content\/uploads\/2025\/12\/WhatsApp-Image-2025-12-01-at-09.02.28.jpeg'><img loading=\"lazy\" decoding=\"async\" width=\"150\" height=\"150\" src=\"\" class=\"attachment-thumbnail size-thumbnail lazyload\" alt=\"\" data-src=\"https:\/\/atecordoba.org\/wp-content\/uploads\/2025\/12\/WhatsApp-Image-2025-12-01-at-09.02.28-150x150.jpeg\" data-sizes=\"auto\" data-srcset=\"https:\/\/atecordoba.org\/wp-content\/uploads\/2025\/12\/WhatsApp-Image-2025-12-01-at-09.02.28-150x150.jpeg 150w, https:\/\/atecordoba.org\/wp-content\/uploads\/2025\/12\/WhatsApp-Image-2025-12-01-at-09.02.28-560x560.jpeg 560w, https:\/\/atecordoba.org\/wp-content\/uploads\/2025\/12\/WhatsApp-Image-2025-12-01-at-09.02.28-75x75.jpeg 75w, https:\/\/atecordoba.org\/wp-content\/uploads\/2025\/12\/WhatsApp-Image-2025-12-01-at-09.02.28-350x350.jpeg 350w\" data-expand=\"700\" \/><\/a>\n                <\/div><\/figure><figure class='gallery-item'>\n                <div class='gallery-icon portrait'>\n                    <a href='https:\/\/atecordoba.org\/wp-content\/uploads\/2025\/12\/WhatsApp-Image-2025-12-01-at-09.02.28-1.jpeg'><img loading=\"lazy\" decoding=\"async\" width=\"150\" height=\"150\" src=\"\" class=\"attachment-thumbnail size-thumbnail lazyload\" alt=\"\" data-src=\"https:\/\/atecordoba.org\/wp-content\/uploads\/2025\/12\/WhatsApp-Image-2025-12-01-at-09.02.28-1-150x150.jpeg\" data-sizes=\"auto\" data-srcset=\"https:\/\/atecordoba.org\/wp-content\/uploads\/2025\/12\/WhatsApp-Image-2025-12-01-at-09.02.28-1-150x150.jpeg 150w, https:\/\/atecordoba.org\/wp-content\/uploads\/2025\/12\/WhatsApp-Image-2025-12-01-at-09.02.28-1-560x560.jpeg 560w, https:\/\/atecordoba.org\/wp-content\/uploads\/2025\/12\/WhatsApp-Image-2025-12-01-at-09.02.28-1-75x75.jpeg 75w, https:\/\/atecordoba.org\/wp-content\/uploads\/2025\/12\/WhatsApp-Image-2025-12-01-at-09.02.28-1-350x350.jpeg 350w\" data-expand=\"700\" \/><\/a>\n                <\/div><\/figure><figure class='gallery-item'>\n                <div class='gallery-icon portrait'>\n                    <a href='https:\/\/atecordoba.org\/wp-content\/uploads\/2025\/12\/WhatsApp-Image-2025-12-01-at-09.02.18.jpeg'><img loading=\"lazy\" decoding=\"async\" width=\"150\" height=\"150\" src=\"\" class=\"attachment-thumbnail size-thumbnail lazyload\" alt=\"\" data-src=\"https:\/\/atecordoba.org\/wp-content\/uploads\/2025\/12\/WhatsApp-Image-2025-12-01-at-09.02.18-150x150.jpeg\" data-sizes=\"auto\" data-srcset=\"https:\/\/atecordoba.org\/wp-content\/uploads\/2025\/12\/WhatsApp-Image-2025-12-01-at-09.02.18-150x150.jpeg 150w, https:\/\/atecordoba.org\/wp-content\/uploads\/2025\/12\/WhatsApp-Image-2025-12-01-at-09.02.18-560x560.jpeg 560w, https:\/\/atecordoba.org\/wp-content\/uploads\/2025\/12\/WhatsApp-Image-2025-12-01-at-09.02.18-75x75.jpeg 75w, https:\/\/atecordoba.org\/wp-content\/uploads\/2025\/12\/WhatsApp-Image-2025-12-01-at-09.02.18-350x350.jpeg 350w\" data-expand=\"700\" \/><\/a>\n                <\/div><\/figure><br style=\"clear: both\" \/>\n            <\/div>\n\n","protected":false},"excerpt":{"rendered":"<p>En una audiencia con el Departamento Ejecutivo de la Municipalidad de Salsipuedes, realizada el viernes pasado, ATE cerr\u00f3 la discusi\u00f3n salarial para los y las trabajadoras de la localidad para el tramo noviembre-febrero de 2026. De esta forma, el personal recibir\u00e1 una recomposici\u00f3n de haberes del 4.45% en el sueldo b\u00e1sico, que se suma a [&hellip;]<\/p>\n","protected":false},"author":7,"featured_media":51770,"comment_status":"open","ping_status":"open","sticky":false,"template":"","format":"standard","meta":{"_exactmetrics_skip_tracking":false,"_exactmetrics_sitenote_active":false,"_exactmetrics_sitenote_note":"","_exactmetrics_sitenote_category":0,"jnews-multi-image_gallery":[],"jnews_single_post":{"format":"standard","override":[{"template":"1","parallax":"1","fullscreen":"1","layout":"no-sidebar-narrow","sidebar":"default-sidebar","second_sidebar":"default-sidebar","sticky_sidebar":"1","share_position":"bottom","share_float_style":"share-monocrhome","show_share_counter":"1","show_view_counter":"1","show_post_meta":"1","show_post_author_image":"1","show_post_date":"1","post_date_format":"default","post_date_format_custom":"Y\/m\/d","show_post_category":"1","show_post_reading_time":"0","post_reading_time_wpm":"300","post_calculate_word_method":"str_word_count","show_zoom_button":"0","zoom_button_out_step":"2","zoom_button_in_step":"3","show_post_tag":"1","number_popup_post":"1","show_post_related":"1","show_inline_post_related":"0"}],"image_override":[{"single_post_thumbnail_size":"crop-500","single_post_gallery_size":"crop-500"}],"trending_post_position":"meta","trending_post_label":"Trending","sponsored_post_label":"Sponsored by","disable_ad":"0"},"jnews_primary_category":[],"jnews_social_meta":[],"jnews_review":[],"enable_review":"","type":"percentage","name":"","summary":"","brand":"","sku":"","good":[],"bad":[],"score_override":"","override_value":"","rating":[],"price":[],"jnews_override_counter":{"view_counter_number":"0","share_counter_number":"0","like_counter_number":"0","dislike_counter_number":"0"},"jnews_post_split":{"post_split":[{"template":"1","tag":"h2","numbering":"asc","mode":"normal","first":"0","enable_toc":"0","toc_type":"normal"}]},"footnotes":""},"categories":[20],"tags":[],"class_list":["post-51769","post","type-post","status-publish","format-standard","has-post-thumbnail","hentry","category-municipales"],"jetpack_featured_media_url":"https:\/\/atecordoba.org\/wp-content\/uploads\/2025\/12\/WhatsApp-Image-2025-12-01-at-09.02.28-2-e1764594137939.jpeg","_links":{"self":[{"href":"https:\/\/atecordoba.org\/index.php?rest_route=\/wp\/v2\/posts\/51769","targetHints":{"allow":["GET"]}}],"collection":[{"href":"https:\/\/atecordoba.org\/index.php?rest_route=\/wp\/v2\/posts"}],"about":[{"href":"https:\/\/atecordoba.org\/index.php?rest_route=\/wp\/v2\/types\/post"}],"author":[{"embeddable":true,"href":"https:\/\/atecordoba.org\/index.php?rest_route=\/wp\/v2\/users\/7"}],"replies":[{"embeddable":true,"href":"https:\/\/atecordoba.org\/index.php?rest_route=%2Fwp%2Fv2%2Fcomments&post=51769"}],"version-history":[{"count":3,"href":"https:\/\/atecordoba.org\/index.php?rest_route=\/wp\/v2\/posts\/51769\/revisions"}],"predecessor-version":[{"id":51776,"href":"https:\/\/atecordoba.org\/index.php?rest_route=\/wp\/v2\/posts\/51769\/revisions\/51776"}],"wp:featuredmedia":[{"embeddable":true,"href":"https:\/\/atecordoba.org\/index.php?rest_route=\/wp\/v2\/media\/51770"}],"wp:attachment":[{"href":"https:\/\/atecordoba.org\/index.php?rest_route=%2Fwp%2Fv2%2Fmedia&parent=51769"}],"wp:term":[{"taxonomy":"category","embeddable":true,"href":"https:\/\/atecordoba.org\/index.php?rest_route=%2Fwp%2Fv2%2Fcategories&post=51769"},{"taxonomy":"post_tag","embeddable":true,"href":"https:\/\/atecordoba.org\/index.php?rest_route=%2Fwp%2Fv2%2Ftags&post=51769"}],"curies":[{"name":"wp","href":"https:\/\/api.w.org\/{rel}","templated":true}]}}