{"id":51767,"date":"2025-11-28T12:22:18","date_gmt":"2025-11-28T15:22:18","guid":{"rendered":"https:\/\/atecordoba.org\/?p=51767"},"modified":"2025-11-28T12:22:18","modified_gmt":"2025-11-28T15:22:18","slug":"salsacate-se-concreto-la-reunion-con-la-municipalidad-y-ate-pidio-30-de-aumento-para-el-bimestre-noviembre-diciembre","status":"publish","type":"post","link":"https:\/\/atecordoba.org\/?p=51767","title":{"rendered":"Salsacate: se concret\u00f3 la reuni\u00f3n con la Municipalidad y ATE pidi\u00f3 30% de aumento para el bimestre noviembre-diciembre"},"content":{"rendered":"<p><img loading=\"lazy\" decoding=\"async\" class=\"aligncenter wp-image-51766 \" src=\"https:\/\/atecordoba.org\/wp-content\/uploads\/2025\/11\/WhatsApp-Image-2025-11-28-at-11.40.37-1024x768.jpeg\" alt=\"\" width=\"615\" height=\"462\" srcset=\"https:\/\/atecordoba.org\/wp-content\/uploads\/2025\/11\/WhatsApp-Image-2025-11-28-at-11.40.37-1024x768.jpeg 1024w, https:\/\/atecordoba.org\/wp-content\/uploads\/2025\/11\/WhatsApp-Image-2025-11-28-at-11.40.37-300x225.jpeg 300w, https:\/\/atecordoba.org\/wp-content\/uploads\/2025\/11\/WhatsApp-Image-2025-11-28-at-11.40.37-768x576.jpeg 768w, https:\/\/atecordoba.org\/wp-content\/uploads\/2025\/11\/WhatsApp-Image-2025-11-28-at-11.40.37-750x563.jpeg 750w, https:\/\/atecordoba.org\/wp-content\/uploads\/2025\/11\/WhatsApp-Image-2025-11-28-at-11.40.37-1140x855.jpeg 1140w, https:\/\/atecordoba.org\/wp-content\/uploads\/2025\/11\/WhatsApp-Image-2025-11-28-at-11.40.37.jpeg 1280w\" sizes=\"auto, (max-width: 615px) 100vw, 615px\" \/>Tras numerosos desencuentros, ATE mantuvo hoy una audiencia con la Municipalidad de Salsacate que logr\u00f3 canalizar institucionalmente las demandas de las y los municipales de la localidad del Valle de Traslasierra.<\/p>\n<p>En la oportunidad, ATE solicit\u00f3 un incremento salarial del 30%, distribuido entre 18% remunerativo y 12% no remunerativo, aplicable a los meses de noviembre y diciembre del corriente a\u00f1o. Al mismo tiempo, requiri\u00f3 la recategorizaci\u00f3n a los empleados pronto a jubilarse incluyendo los montos no remunerativos.<\/p>\n<p>La comitiva estatal que particip\u00f3 del c\u00f3nclave estuvo integrada por los delegados Roberto Castro y Jorge Salinas, y los referentes de ATE Traslasierra Milagros Sozzi y Nicol\u00e1s Gonz\u00e1lez, en tanto por el Departamento Ejecutivo fueron de la partida la intendenta Karina Figueroa y la secretaria de Coordinaci\u00f3n de Ingresos P\u00fablicos Emilse Castro.<\/p>\n<p>Otros puntos tratados fueron los \u00edtems Asistencia y Puntualidad, donde ATE solicit\u00f3 que se incorporen al b\u00e1sico salarial; sobre Refrigerio se pidi\u00f3 un incremento del 15%.<\/p>\n<p>Ante todas estas propuestas, el Ejecutivo se comprometi\u00f3 a evaluar las propuestas y dar una respuesta.<\/p>\n<p>Por otro lado, se abord\u00f3 la implementaci\u00f3n de la licencia sanitaria propuesta por ATE, respondiendo Figueroa que considera viable su aplicaci\u00f3n, por lo que se analizar\u00e1 la normativa correspondiente.<\/p>\n<p>En el \u00faltimo punto tratado, el Ejecutivo se comprometi\u00f3 a analizar la implementaci\u00f3n de la Licencia por Violencia de G\u00e9nero, estudiando la experiencia de otros municipios para evaluar su aplicaci\u00f3n local.<\/p>\n<p>De esta manera, ATE avanza en los contactos institucionales a los fines de representar las demandas de las y los trabajadores municipales de Salsacate.<\/p>\n","protected":false},"excerpt":{"rendered":"<p>Tras numerosos desencuentros, ATE mantuvo hoy una audiencia con la Municipalidad de Salsacate que logr\u00f3 canalizar institucionalmente las demandas de las y los municipales de la localidad del Valle de Traslasierra. En la oportunidad, ATE solicit\u00f3 un incremento salarial del 30%, distribuido entre 18% remunerativo y 12% no remunerativo, aplicable a los meses de noviembre [&hellip;]<\/p>\n","protected":false},"author":7,"featured_media":51766,"comment_status":"open","ping_status":"open","sticky":false,"template":"","format":"standard","meta":{"_exactmetrics_skip_tracking":false,"_exactmetrics_sitenote_active":false,"_exactmetrics_sitenote_note":"","_exactmetrics_sitenote_category":0,"jnews-multi-image_gallery":[],"jnews_single_post":[],"jnews_primary_category":[],"jnews_social_meta":[],"jnews_review":[],"enable_review":"","type":"","name":"","summary":"","brand":"","sku":"","good":[],"bad":[],"score_override":"","override_value":"","rating":[],"price":[],"jnews_override_counter":[],"jnews_post_split":[],"footnotes":""},"categories":[20],"tags":[],"class_list":["post-51767","post","type-post","status-publish","format-standard","has-post-thumbnail","hentry","category-municipales"],"jetpack_featured_media_url":"https:\/\/atecordoba.org\/wp-content\/uploads\/2025\/11\/WhatsApp-Image-2025-11-28-at-11.40.37.jpeg","_links":{"self":[{"href":"https:\/\/atecordoba.org\/index.php?rest_route=\/wp\/v2\/posts\/51767","targetHints":{"allow":["GET"]}}],"collection":[{"href":"https:\/\/atecordoba.org\/index.php?rest_route=\/wp\/v2\/posts"}],"about":[{"href":"https:\/\/atecordoba.org\/index.php?rest_route=\/wp\/v2\/types\/post"}],"author":[{"embeddable":true,"href":"https:\/\/atecordoba.org\/index.php?rest_route=\/wp\/v2\/users\/7"}],"replies":[{"embeddable":true,"href":"https:\/\/atecordoba.org\/index.php?rest_route=%2Fwp%2Fv2%2Fcomments&post=51767"}],"version-history":[{"count":1,"href":"https:\/\/atecordoba.org\/index.php?rest_route=\/wp\/v2\/posts\/51767\/revisions"}],"predecessor-version":[{"id":51768,"href":"https:\/\/atecordoba.org\/index.php?rest_route=\/wp\/v2\/posts\/51767\/revisions\/51768"}],"wp:featuredmedia":[{"embeddable":true,"href":"https:\/\/atecordoba.org\/index.php?rest_route=\/wp\/v2\/media\/51766"}],"wp:attachment":[{"href":"https:\/\/atecordoba.org\/index.php?rest_route=%2Fwp%2Fv2%2Fmedia&parent=51767"}],"wp:term":[{"taxonomy":"category","embeddable":true,"href":"https:\/\/atecordoba.org\/index.php?rest_route=%2Fwp%2Fv2%2Fcategories&post=51767"},{"taxonomy":"post_tag","embeddable":true,"href":"https:\/\/atecordoba.org\/index.php?rest_route=%2Fwp%2Fv2%2Ftags&post=51767"}],"curies":[{"name":"wp","href":"https:\/\/api.w.org\/{rel}","templated":true}]}}