{"id":51758,"date":"2025-11-28T11:43:49","date_gmt":"2025-11-28T14:43:49","guid":{"rendered":"https:\/\/atecordoba.org\/?p=51758"},"modified":"2025-11-28T11:43:49","modified_gmt":"2025-11-28T14:43:49","slug":"en-el-marco-del-industricidio-y-el-cientificidio-avanza-el-vaciamiento-de-conae-y-veng-la-destruccion-del-sector-espacial-nacional-avanza","status":"publish","type":"post","link":"https:\/\/atecordoba.org\/?p=51758","title":{"rendered":"En el marco del industricidio y el cientificidio, avanza el vaciamiento de CONAE y VENG: La destrucci\u00f3n del Sector Espacial Nacional Avanza"},"content":{"rendered":"<p><img loading=\"lazy\" decoding=\"async\" class=\"aligncenter wp-image-51761 size-full\" src=\"https:\/\/atecordoba.org\/wp-content\/uploads\/2025\/11\/WhatsApp-Image-2025-11-28-at-11.00.03.jpeg\" alt=\"\" width=\"535\" height=\"671\" srcset=\"https:\/\/atecordoba.org\/wp-content\/uploads\/2025\/11\/WhatsApp-Image-2025-11-28-at-11.00.03.jpeg 535w, https:\/\/atecordoba.org\/wp-content\/uploads\/2025\/11\/WhatsApp-Image-2025-11-28-at-11.00.03-239x300.jpeg 239w\" sizes=\"auto, (max-width: 535px) 100vw, 535px\" \/>Desde ATE CONAE repudiamos los nuevos despidos en la empresa VENG S.A., parte fundamental de lo que supo ser el Plan Nacional Espacial\u00a0 y que hoy es una sombra de lo que fue, por exclusiva responsabilidad de la actual gesti\u00f3n del gobierno nacional encabezada por Javier Milei.<\/p>\n<p>En particular, Manuel Adorni y Dar\u00edo Genua son quienes est\u00e1n a cargo del \u00e1rea de la cual dependen la empresa VENG y la CONAE. Poco despu\u00e9s de asumido el gobierno comenzaron a repartirse la empresa como bot\u00edn de guerra, hasta llegar a la conformaci\u00f3n actual, donde su gerente general es Laureano Quiroga y el gerente de RRHH y Administraci\u00f3n es Alberto Jaure, mientras que la presidencia la ocupa Roberto Yasielsky, siendo la primera vez en la historia de la empresa que dicho cargo es rentado.<\/p>\n<p>Esta informaci\u00f3n se obtuvo en el pedido de informes realizado el a\u00f1o pasado durante la interpelaci\u00f3n al ex Jefe de Gabinete Guillermo Francos, donde tambi\u00e9n se consult\u00f3 sobre una posible expansi\u00f3n de la planta con cargos pol\u00edticos y los salarios de los nuevos gerentes nombrados por la actual administraci\u00f3n. Estas preguntas no fueron respondidas, y quienes trabajamos en el sector contamos con informaci\u00f3n no oficial de que la planta &#8220;pol\u00edtica&#8221; de la empresa habr\u00eda crecido.<\/p>\n<h5>Agravamiento<\/h5>\n<p>La situaci\u00f3n del sector espacial se agrava. En un a\u00f1o, VENG perdi\u00f3 el 17% de su planta: 80 trabajadoras y trabajadores menos. Muchas de esas personas integraban \u00e1reas cr\u00edticas como propulsi\u00f3n del proyecto Tronador II, hoy completamente desfinanciado.<\/p>\n<p>Estos despidos y renuncias no son hechos aislados: forman parte del vaciamiento que atraviesan CONAE y VENG bajo la actual gesti\u00f3n del Gobierno Nacional.<\/p>\n<p>Seg\u00fan la informaci\u00f3n que el propio Estado brinda a trav\u00e9s de los informes de dotaci\u00f3n del INDEC, la empresa se desangr\u00f3 con una fuga masiva de personal que repercute directamente en la p\u00e9rdida de capacidades que aportaban dichas trabajadoras y dichos trabajadores.<\/p>\n<p><img loading=\"lazy\" decoding=\"async\" class=\"aligncenter wp-image-51760 size-full\" src=\"https:\/\/atecordoba.org\/wp-content\/uploads\/2025\/11\/planta-personal-de-veng-grafico.png\" alt=\"\" width=\"542\" height=\"319\" srcset=\"https:\/\/atecordoba.org\/wp-content\/uploads\/2025\/11\/planta-personal-de-veng-grafico.png 542w, https:\/\/atecordoba.org\/wp-content\/uploads\/2025\/11\/planta-personal-de-veng-grafico-300x177.png 300w\" sizes=\"auto, (max-width: 542px) 100vw, 542px\" \/><\/p>\n<p>Este gr\u00e1fico muestra la p\u00e9rdida de un total de 80 trabajadoras y trabajadores a septiembre pasado, y faltan los despidos y renuncias del \u00faltimo mes. A los 4 despidos que se dieron habr\u00eda que sumarles la renuncia de casi todo el personal que trabajaba en la secci\u00f3n propulsi\u00f3n del proyecto Tronador II, el cual fue completamente desfinanciado (al igual que todos los proyectos de CONAE) por la actual gesti\u00f3n y que hoy es letra muerta.<\/p>\n","protected":false},"excerpt":{"rendered":"<p>Desde ATE CONAE repudiamos los nuevos despidos en la empresa VENG S.A., parte fundamental de lo que supo ser el Plan Nacional Espacial\u00a0 y que hoy es una sombra de lo que fue, por exclusiva responsabilidad de la actual gesti\u00f3n del gobierno nacional encabezada por Javier Milei. En particular, Manuel Adorni y Dar\u00edo Genua son [&hellip;]<\/p>\n","protected":false},"author":7,"featured_media":51760,"comment_status":"open","ping_status":"open","sticky":false,"template":"","format":"standard","meta":{"_exactmetrics_skip_tracking":false,"_exactmetrics_sitenote_active":false,"_exactmetrics_sitenote_note":"","_exactmetrics_sitenote_category":0,"jnews-multi-image_gallery":[],"jnews_single_post":{"format":"standard","override":[{"template":"1","parallax":"1","fullscreen":"1","layout":"no-sidebar-narrow","sidebar":"default-sidebar","second_sidebar":"default-sidebar","sticky_sidebar":"1","share_position":"bottom","share_float_style":"share-monocrhome","show_share_counter":"1","show_view_counter":"1","show_post_meta":"1","show_post_author_image":"1","show_post_date":"1","post_date_format":"default","post_date_format_custom":"Y\/m\/d","show_post_category":"1","show_post_reading_time":"0","post_reading_time_wpm":"300","post_calculate_word_method":"str_word_count","show_zoom_button":"0","zoom_button_out_step":"2","zoom_button_in_step":"3","show_post_tag":"1","number_popup_post":"1","show_post_related":"1","show_inline_post_related":"0"}],"image_override":[{"single_post_thumbnail_size":"crop-500","single_post_gallery_size":"crop-500"}],"trending_post_position":"meta","trending_post_label":"Trending","sponsored_post_label":"Sponsored by","disable_ad":"0"},"jnews_primary_category":[],"jnews_social_meta":[],"jnews_review":[],"enable_review":"","type":"percentage","name":"","summary":"","brand":"","sku":"","good":[],"bad":[],"score_override":"","override_value":"","rating":[],"price":[],"jnews_override_counter":{"view_counter_number":"0","share_counter_number":"0","like_counter_number":"0","dislike_counter_number":"0"},"jnews_post_split":{"post_split":[{"template":"1","tag":"h2","numbering":"asc","mode":"normal","first":"0","enable_toc":"0","toc_type":"normal"}]},"footnotes":""},"categories":[18],"tags":[],"class_list":["post-51758","post","type-post","status-publish","format-standard","has-post-thumbnail","hentry","category-nacionales"],"jetpack_featured_media_url":"https:\/\/atecordoba.org\/wp-content\/uploads\/2025\/11\/planta-personal-de-veng-grafico.png","_links":{"self":[{"href":"https:\/\/atecordoba.org\/index.php?rest_route=\/wp\/v2\/posts\/51758","targetHints":{"allow":["GET"]}}],"collection":[{"href":"https:\/\/atecordoba.org\/index.php?rest_route=\/wp\/v2\/posts"}],"about":[{"href":"https:\/\/atecordoba.org\/index.php?rest_route=\/wp\/v2\/types\/post"}],"author":[{"embeddable":true,"href":"https:\/\/atecordoba.org\/index.php?rest_route=\/wp\/v2\/users\/7"}],"replies":[{"embeddable":true,"href":"https:\/\/atecordoba.org\/index.php?rest_route=%2Fwp%2Fv2%2Fcomments&post=51758"}],"version-history":[{"count":2,"href":"https:\/\/atecordoba.org\/index.php?rest_route=\/wp\/v2\/posts\/51758\/revisions"}],"predecessor-version":[{"id":51762,"href":"https:\/\/atecordoba.org\/index.php?rest_route=\/wp\/v2\/posts\/51758\/revisions\/51762"}],"wp:featuredmedia":[{"embeddable":true,"href":"https:\/\/atecordoba.org\/index.php?rest_route=\/wp\/v2\/media\/51760"}],"wp:attachment":[{"href":"https:\/\/atecordoba.org\/index.php?rest_route=%2Fwp%2Fv2%2Fmedia&parent=51758"}],"wp:term":[{"taxonomy":"category","embeddable":true,"href":"https:\/\/atecordoba.org\/index.php?rest_route=%2Fwp%2Fv2%2Fcategories&post=51758"},{"taxonomy":"post_tag","embeddable":true,"href":"https:\/\/atecordoba.org\/index.php?rest_route=%2Fwp%2Fv2%2Ftags&post=51758"}],"curies":[{"name":"wp","href":"https:\/\/api.w.org\/{rel}","templated":true}]}}