{"id":51750,"date":"2025-11-28T09:45:50","date_gmt":"2025-11-28T12:45:50","guid":{"rendered":"https:\/\/atecordoba.org\/?p=51750"},"modified":"2025-11-28T09:45:50","modified_gmt":"2025-11-28T12:45:50","slug":"consejo-federal-en-san-luis-ate-definio-un-paro-nacional-cuando-se-trate-la-reforma-laboral-en-un-plan-de-lucha-con-protestas-sorpresivas-en-diciembre","status":"publish","type":"post","link":"https:\/\/atecordoba.org\/?p=51750","title":{"rendered":"Consejo Federal en San Luis: ATE defini\u00f3 un Paro Nacional cuando se trate la reforma laboral, en un plan de lucha con protestas sorpresivas en diciembre"},"content":{"rendered":"<p><img loading=\"lazy\" decoding=\"async\" class=\"aligncenter wp-image-51751 \" src=\"https:\/\/atecordoba.org\/wp-content\/uploads\/2025\/11\/confederal-san-luis-1024x683.jpeg\" alt=\"\" width=\"600\" height=\"400\" srcset=\"https:\/\/atecordoba.org\/wp-content\/uploads\/2025\/11\/confederal-san-luis-1024x683.jpeg 1024w, https:\/\/atecordoba.org\/wp-content\/uploads\/2025\/11\/confederal-san-luis-300x200.jpeg 300w, https:\/\/atecordoba.org\/wp-content\/uploads\/2025\/11\/confederal-san-luis-768x512.jpeg 768w, https:\/\/atecordoba.org\/wp-content\/uploads\/2025\/11\/confederal-san-luis-1536x1024.jpeg 1536w, https:\/\/atecordoba.org\/wp-content\/uploads\/2025\/11\/confederal-san-luis-750x500.jpeg 750w, https:\/\/atecordoba.org\/wp-content\/uploads\/2025\/11\/confederal-san-luis-1140x760.jpeg 1140w, https:\/\/atecordoba.org\/wp-content\/uploads\/2025\/11\/confederal-san-luis.jpeg 1599w\" sizes=\"auto, (max-width: 600px) 100vw, 600px\" \/>El Consejo Federal de la Asociaci\u00f3n Trabajadores del Estado (ATE) defini\u00f3 un Paro Nacional con movilizaci\u00f3n para el d\u00eda que se trate la reforma laboral en el Congreso. Adem\u00e1s, las 191 seccionales votaron por unanimidad darle mandato a la Conducci\u00f3n Nacional para definir la posibilidad de llevar adelante protestas sorpresivas durante el mes de diciembre.<\/p>\n<p>El c\u00f3nclave donde participaron dirigentes de todo el pa\u00eds tuvo lugar en la ciudad de San Luis y cont\u00f3 con la presencia del Consejo Directivo Provincial, encabezado por la secretaria Adjunta, Gabriela Alcoba y la secretaria de Prensa, Julia Giuliani, junto a las seccionales ATE Cruz del Eje, ATE R\u00edo Tercero, ATE R\u00edo Cuarto, ATE Villa Mar\u00eda y ATE Adelia Mar\u00eda. En tanto ATE San Justo no alcanz\u00f3 a participar, peor env\u00edo su apoyo a lo resuelto.<\/p>\n<div id='gallery_1' class='gallery galleryid-51750 gallery-columns-3 gallery-size-thumbnail'><figure class='gallery-item'>\n                <div class='gallery-icon landscape'>\n                    <a href='https:\/\/atecordoba.org\/wp-content\/uploads\/2025\/11\/WhatsApp-Image-2025-11-28-at-09.28.17.jpeg'><img loading=\"lazy\" decoding=\"async\" width=\"150\" height=\"150\" src=\"\" class=\"attachment-thumbnail size-thumbnail lazyload\" alt=\"\" data-src=\"https:\/\/atecordoba.org\/wp-content\/uploads\/2025\/11\/WhatsApp-Image-2025-11-28-at-09.28.17-150x150.jpeg\" data-sizes=\"auto\" data-srcset=\"https:\/\/atecordoba.org\/wp-content\/uploads\/2025\/11\/WhatsApp-Image-2025-11-28-at-09.28.17-150x150.jpeg 150w, https:\/\/atecordoba.org\/wp-content\/uploads\/2025\/11\/WhatsApp-Image-2025-11-28-at-09.28.17-560x560.jpeg 560w, https:\/\/atecordoba.org\/wp-content\/uploads\/2025\/11\/WhatsApp-Image-2025-11-28-at-09.28.17-75x75.jpeg 75w, https:\/\/atecordoba.org\/wp-content\/uploads\/2025\/11\/WhatsApp-Image-2025-11-28-at-09.28.17-350x350.jpeg 350w\" data-expand=\"700\" \/><\/a>\n                <\/div><\/figure><figure class='gallery-item'>\n                <div class='gallery-icon landscape'>\n                    <a href='https:\/\/atecordoba.org\/wp-content\/uploads\/2025\/11\/WhatsApp-Image-2025-11-28-at-09.28.16-1.jpeg'><img loading=\"lazy\" decoding=\"async\" width=\"150\" height=\"150\" src=\"\" class=\"attachment-thumbnail size-thumbnail lazyload\" alt=\"\" data-src=\"https:\/\/atecordoba.org\/wp-content\/uploads\/2025\/11\/WhatsApp-Image-2025-11-28-at-09.28.16-1-150x150.jpeg\" data-sizes=\"auto\" data-srcset=\"https:\/\/atecordoba.org\/wp-content\/uploads\/2025\/11\/WhatsApp-Image-2025-11-28-at-09.28.16-1-150x150.jpeg 150w, https:\/\/atecordoba.org\/wp-content\/uploads\/2025\/11\/WhatsApp-Image-2025-11-28-at-09.28.16-1-560x560.jpeg 560w, https:\/\/atecordoba.org\/wp-content\/uploads\/2025\/11\/WhatsApp-Image-2025-11-28-at-09.28.16-1-75x75.jpeg 75w, https:\/\/atecordoba.org\/wp-content\/uploads\/2025\/11\/WhatsApp-Image-2025-11-28-at-09.28.16-1-350x350.jpeg 350w\" data-expand=\"700\" \/><\/a>\n                <\/div><\/figure><figure class='gallery-item'>\n                <div class='gallery-icon portrait'>\n                    <a href='https:\/\/atecordoba.org\/wp-content\/uploads\/2025\/11\/WhatsApp-Image-2025-11-28-at-09.28.16.jpeg'><img loading=\"lazy\" decoding=\"async\" width=\"150\" height=\"150\" src=\"\" class=\"attachment-thumbnail size-thumbnail lazyload\" alt=\"\" data-src=\"https:\/\/atecordoba.org\/wp-content\/uploads\/2025\/11\/WhatsApp-Image-2025-11-28-at-09.28.16-150x150.jpeg\" data-sizes=\"auto\" data-srcset=\"https:\/\/atecordoba.org\/wp-content\/uploads\/2025\/11\/WhatsApp-Image-2025-11-28-at-09.28.16-150x150.jpeg 150w, https:\/\/atecordoba.org\/wp-content\/uploads\/2025\/11\/WhatsApp-Image-2025-11-28-at-09.28.16-560x560.jpeg 560w, https:\/\/atecordoba.org\/wp-content\/uploads\/2025\/11\/WhatsApp-Image-2025-11-28-at-09.28.16-75x75.jpeg 75w, https:\/\/atecordoba.org\/wp-content\/uploads\/2025\/11\/WhatsApp-Image-2025-11-28-at-09.28.16-350x350.jpeg 350w\" data-expand=\"700\" \/><\/a>\n                <\/div><\/figure><br style=\"clear: both\" \/>\n            <\/div>\n\n<p>En ese marco, el secretario General de nuestra organizaci\u00f3n nacional , Rodolfo Aguiar, sostuvo que \u201cel Consejo de Mayo termin\u00f3 siendo una encerrona para el sindicalismo. Un \u00e1mbito distractivo y utilizado por el Gobierno para dilatar los tiempos. Est\u00e1n dadas todas las condiciones para convocar a una huelga general. Pasaron meses y no presentaron ninguna propuesta. Hasta la \u00faltima coma de la reforma laboral se est\u00e1 escribiendo en las oficinas de Techint\u201d. El Confederal se realiz\u00f3 un d\u00eda despu\u00e9s de la \u00faltima reuni\u00f3n del Consejo de Mayo para definir el proyecto de Reforma Laboral.<\/p>\n<p>\u201cAdem\u00e1s, esperemos que despu\u00e9s de 23 meses se hayan dado cuenta que el di\u00e1logo fracas\u00f3. Frente a los que est\u00e1n acostumbrados a imponer y no a consensuar, a los trabajadores nos queda solo la calle\u201d, agreg\u00f3 el dirigente.<\/p>\n<p>En base a la paritaria convocada por el Gobierno nacional para este viernes a las 13 v\u00eda Zoom, Aguiar apunt\u00f3: \u201cConvocaron a una paritaria virtual como si estuvi\u00e9ramos en pandemia. Se nota mucho que no quieren dar la cara. Si la estrategia es desalentar las medidas de fuerza, les avisamos que no les va a funcionar. Est\u00e1n tirando tanto de la piola que en cualquier momento se va a cortar\u201d.<\/p>\n<p><img loading=\"lazy\" decoding=\"async\" class=\"aligncenter wp-image-51755 \" src=\"https:\/\/atecordoba.org\/wp-content\/uploads\/2025\/11\/confederal-san-luis2.jpg\" alt=\"\" width=\"605\" height=\"403\" srcset=\"https:\/\/atecordoba.org\/wp-content\/uploads\/2025\/11\/confederal-san-luis2.jpg 1024w, https:\/\/atecordoba.org\/wp-content\/uploads\/2025\/11\/confederal-san-luis2-300x200.jpg 300w, https:\/\/atecordoba.org\/wp-content\/uploads\/2025\/11\/confederal-san-luis2-768x512.jpg 768w, https:\/\/atecordoba.org\/wp-content\/uploads\/2025\/11\/confederal-san-luis2-750x500.jpg 750w\" sizes=\"auto, (max-width: 605px) 100vw, 605px\" \/><\/p>\n<p><strong>Apertura de paritarias<\/strong><\/p>\n<p>El Sindicato exige tambi\u00e9n la inmediata reapertura de las paritarias, explicando que el recorte salarial se profundiz\u00f3 durante el 2025: el incremento en los primeros 10 meses del a\u00f1o fue de apenas 13,6%, mientras que la inflaci\u00f3n en el mismo periodo alcanz\u00f3 el 24,8%.<\/p>\n<p>ATE adem\u00e1s denunci\u00f3 la avanzada del Gobierno en materia de persecuci\u00f3n sindical, con detenciones de secretarios generales provinciales y denuncias penales como la recientemente efectuada por Patricia Bullrich contra Rodolfo Aguiar.<\/p>\n","protected":false},"excerpt":{"rendered":"<p>El Consejo Federal de la Asociaci\u00f3n Trabajadores del Estado (ATE) defini\u00f3 un Paro Nacional con movilizaci\u00f3n para el d\u00eda que se trate la reforma laboral en el Congreso. Adem\u00e1s, las 191 seccionales votaron por unanimidad darle mandato a la Conducci\u00f3n Nacional para definir la posibilidad de llevar adelante protestas sorpresivas durante el mes de diciembre. [&hellip;]<\/p>\n","protected":false},"author":7,"featured_media":51751,"comment_status":"open","ping_status":"open","sticky":false,"template":"","format":"standard","meta":{"_exactmetrics_skip_tracking":false,"_exactmetrics_sitenote_active":false,"_exactmetrics_sitenote_note":"","_exactmetrics_sitenote_category":0,"jnews-multi-image_gallery":[],"jnews_single_post":[],"jnews_primary_category":[],"jnews_social_meta":[],"jnews_review":[],"enable_review":"","type":"","name":"","summary":"","brand":"","sku":"","good":[],"bad":[],"score_override":"","override_value":"","rating":[],"price":[],"jnews_override_counter":[],"jnews_post_split":[],"footnotes":""},"categories":[756],"tags":[],"class_list":["post-51750","post","type-post","status-publish","format-standard","has-post-thumbnail","hentry","category-consejo-directivo-nacional-cdn"],"jetpack_featured_media_url":"https:\/\/atecordoba.org\/wp-content\/uploads\/2025\/11\/confederal-san-luis.jpeg","_links":{"self":[{"href":"https:\/\/atecordoba.org\/index.php?rest_route=\/wp\/v2\/posts\/51750","targetHints":{"allow":["GET"]}}],"collection":[{"href":"https:\/\/atecordoba.org\/index.php?rest_route=\/wp\/v2\/posts"}],"about":[{"href":"https:\/\/atecordoba.org\/index.php?rest_route=\/wp\/v2\/types\/post"}],"author":[{"embeddable":true,"href":"https:\/\/atecordoba.org\/index.php?rest_route=\/wp\/v2\/users\/7"}],"replies":[{"embeddable":true,"href":"https:\/\/atecordoba.org\/index.php?rest_route=%2Fwp%2Fv2%2Fcomments&post=51750"}],"version-history":[{"count":1,"href":"https:\/\/atecordoba.org\/index.php?rest_route=\/wp\/v2\/posts\/51750\/revisions"}],"predecessor-version":[{"id":51756,"href":"https:\/\/atecordoba.org\/index.php?rest_route=\/wp\/v2\/posts\/51750\/revisions\/51756"}],"wp:featuredmedia":[{"embeddable":true,"href":"https:\/\/atecordoba.org\/index.php?rest_route=\/wp\/v2\/media\/51751"}],"wp:attachment":[{"href":"https:\/\/atecordoba.org\/index.php?rest_route=%2Fwp%2Fv2%2Fmedia&parent=51750"}],"wp:term":[{"taxonomy":"category","embeddable":true,"href":"https:\/\/atecordoba.org\/index.php?rest_route=%2Fwp%2Fv2%2Fcategories&post=51750"},{"taxonomy":"post_tag","embeddable":true,"href":"https:\/\/atecordoba.org\/index.php?rest_route=%2Fwp%2Fv2%2Ftags&post=51750"}],"curies":[{"name":"wp","href":"https:\/\/api.w.org\/{rel}","templated":true}]}}