{"id":51740,"date":"2025-11-27T10:25:36","date_gmt":"2025-11-27T13:25:36","guid":{"rendered":"https:\/\/atecordoba.org\/?p=51740"},"modified":"2025-11-27T10:25:36","modified_gmt":"2025-11-27T13:25:36","slug":"saldan-en-audiencia-paritaria-ate-pidio-30-de-aumento-salarial","status":"publish","type":"post","link":"https:\/\/atecordoba.org\/?p=51740","title":{"rendered":"Saldan: en audiencia paritaria ATE pidi\u00f3 30% de aumento salarial"},"content":{"rendered":"<figure id=\"attachment_51741\" aria-describedby=\"caption-attachment-51741\" style=\"width: 603px\" class=\"wp-caption aligncenter\"><img loading=\"lazy\" decoding=\"async\" class=\"wp-image-51741\" src=\"https:\/\/atecordoba.org\/wp-content\/uploads\/2025\/11\/WhatsApp-Image-2025-07-28-at-14.08.52-2-1024x769.jpeg\" alt=\"\" width=\"603\" height=\"453\" srcset=\"https:\/\/atecordoba.org\/wp-content\/uploads\/2025\/11\/WhatsApp-Image-2025-07-28-at-14.08.52-2-1024x769.jpeg 1024w, https:\/\/atecordoba.org\/wp-content\/uploads\/2025\/11\/WhatsApp-Image-2025-07-28-at-14.08.52-2-300x225.jpeg 300w, https:\/\/atecordoba.org\/wp-content\/uploads\/2025\/11\/WhatsApp-Image-2025-07-28-at-14.08.52-2-768x577.jpeg 768w, https:\/\/atecordoba.org\/wp-content\/uploads\/2025\/11\/WhatsApp-Image-2025-07-28-at-14.08.52-2-1536x1153.jpeg 1536w, https:\/\/atecordoba.org\/wp-content\/uploads\/2025\/11\/WhatsApp-Image-2025-07-28-at-14.08.52-2-2048x1537.jpeg 2048w, https:\/\/atecordoba.org\/wp-content\/uploads\/2025\/11\/WhatsApp-Image-2025-07-28-at-14.08.52-2-750x563.jpeg 750w, https:\/\/atecordoba.org\/wp-content\/uploads\/2025\/11\/WhatsApp-Image-2025-07-28-at-14.08.52-2-1140x856.jpeg 1140w\" sizes=\"auto, (max-width: 603px) 100vw, 603px\" \/><figcaption id=\"caption-attachment-51741\" class=\"wp-caption-text\">Asamblea convocada por ATE frente a la Municipalidad de Saldan.<\/figcaption><\/figure>\n<p>En una audiencia paritaria realizada ayer en el Ministerio de Trabajo de la provincia, ATE solicit\u00f3 a la Municipalidad de Sald\u00e1n una recomposici\u00f3n salarial del 30% para las y los municipales de la localidad, imputable a partir de los haberes de noviembre y hasta enero pr\u00f3ximo inclusive, a los fines de recuperar el poder adquisitivo de los y las trabajadoras del sector.<\/p>\n<p>La propuesta se canaliza en la paritaria municipal tras numerosos reclamos para que el Departamento Ejecutivo abra el di\u00e1logo, finalmente concretado en el \u00e1mbito de la cartera laboral.<\/p>\n<p>Por su parte, la Municipalidad propuso mejoras en las condiciones de trabajo de 10 compa\u00f1eros becarios, aquellos que cuentan con mayor antig\u00fcedad, para traspasarlos a condici\u00f3n de contratados, propuesta aceptada por ATE y el sindicato local.<\/p>\n<p>En esa l\u00ednea, nuestro gremio solicit\u00f3 que la Municipalidad implemente a partir del a\u00f1o pr\u00f3ximo un proceso de regulaci\u00f3n del personal precarizado para modificar su condici\u00f3n laboral, pasando a contrato a todos los becarios y a planta permanente a los ya contratados.<\/p>\n<p>En la oportunidad, estuvieron presentes el secretario Gremial del Consejo Directivo Provincial, Jorge Chalup, su par de Organizaci\u00f3n, Javier Bracamonte, y el delegado municipal de ATE, Cristian Romero, en tanto por la Municipalidad particip\u00f3 la intendenta Carolina Cristori y sus asesores.<\/p>\n<p>El funcionario del Ministerio de Trabajo fij\u00f3 fecha para la pr\u00f3ximas audiencia el pr\u00f3ximo 2 de diciembre, a los fines de tratar los puntos planteados por la parte gremial y as\u00ed lograr un acuerdo que complete el a\u00f1o paritario.<\/p>\n","protected":false},"excerpt":{"rendered":"<p>En una audiencia paritaria realizada ayer en el Ministerio de Trabajo de la provincia, ATE solicit\u00f3 a la Municipalidad de Sald\u00e1n una recomposici\u00f3n salarial del 30% para las y los municipales de la localidad, imputable a partir de los haberes de noviembre y hasta enero pr\u00f3ximo inclusive, a los fines de recuperar el poder adquisitivo [&hellip;]<\/p>\n","protected":false},"author":7,"featured_media":51742,"comment_status":"open","ping_status":"open","sticky":false,"template":"","format":"standard","meta":{"_exactmetrics_skip_tracking":false,"_exactmetrics_sitenote_active":false,"_exactmetrics_sitenote_note":"","_exactmetrics_sitenote_category":0,"jnews-multi-image_gallery":[],"jnews_single_post":[],"jnews_primary_category":[],"jnews_social_meta":[],"jnews_review":[],"enable_review":"","type":"","name":"","summary":"","brand":"","sku":"","good":[],"bad":[],"score_override":"","override_value":"","rating":[],"price":[],"jnews_override_counter":[],"jnews_post_split":[],"footnotes":""},"categories":[20],"tags":[],"class_list":["post-51740","post","type-post","status-publish","format-standard","has-post-thumbnail","hentry","category-municipales"],"jetpack_featured_media_url":"https:\/\/atecordoba.org\/wp-content\/uploads\/2025\/11\/muni_saldan.jpg","_links":{"self":[{"href":"https:\/\/atecordoba.org\/index.php?rest_route=\/wp\/v2\/posts\/51740","targetHints":{"allow":["GET"]}}],"collection":[{"href":"https:\/\/atecordoba.org\/index.php?rest_route=\/wp\/v2\/posts"}],"about":[{"href":"https:\/\/atecordoba.org\/index.php?rest_route=\/wp\/v2\/types\/post"}],"author":[{"embeddable":true,"href":"https:\/\/atecordoba.org\/index.php?rest_route=\/wp\/v2\/users\/7"}],"replies":[{"embeddable":true,"href":"https:\/\/atecordoba.org\/index.php?rest_route=%2Fwp%2Fv2%2Fcomments&post=51740"}],"version-history":[{"count":1,"href":"https:\/\/atecordoba.org\/index.php?rest_route=\/wp\/v2\/posts\/51740\/revisions"}],"predecessor-version":[{"id":51743,"href":"https:\/\/atecordoba.org\/index.php?rest_route=\/wp\/v2\/posts\/51740\/revisions\/51743"}],"wp:featuredmedia":[{"embeddable":true,"href":"https:\/\/atecordoba.org\/index.php?rest_route=\/wp\/v2\/media\/51742"}],"wp:attachment":[{"href":"https:\/\/atecordoba.org\/index.php?rest_route=%2Fwp%2Fv2%2Fmedia&parent=51740"}],"wp:term":[{"taxonomy":"category","embeddable":true,"href":"https:\/\/atecordoba.org\/index.php?rest_route=%2Fwp%2Fv2%2Fcategories&post=51740"},{"taxonomy":"post_tag","embeddable":true,"href":"https:\/\/atecordoba.org\/index.php?rest_route=%2Fwp%2Fv2%2Ftags&post=51740"}],"curies":[{"name":"wp","href":"https:\/\/api.w.org\/{rel}","templated":true}]}}