{"id":51723,"date":"2025-11-26T12:38:52","date_gmt":"2025-11-26T15:38:52","guid":{"rendered":"https:\/\/atecordoba.org\/?p=51723"},"modified":"2025-11-26T12:38:52","modified_gmt":"2025-11-26T15:38:52","slug":"taller-nuestros-cuerpos-nuestros-derechos","status":"publish","type":"post","link":"https:\/\/atecordoba.org\/?p=51723","title":{"rendered":"Taller: \u201cNuestros cuerpos, nuestros derechos\u201d"},"content":{"rendered":"<p><img loading=\"lazy\" decoding=\"async\" class=\"aligncenter wp-image-51724 size-full\" src=\"https:\/\/atecordoba.org\/wp-content\/uploads\/2025\/11\/flyer-taller-cuerpos.jpg\" alt=\"\" width=\"509\" height=\"720\" srcset=\"https:\/\/atecordoba.org\/wp-content\/uploads\/2025\/11\/flyer-taller-cuerpos.jpg 509w, https:\/\/atecordoba.org\/wp-content\/uploads\/2025\/11\/flyer-taller-cuerpos-212x300.jpg 212w\" sizes=\"auto, (max-width: 509px) 100vw, 509px\" \/>Ma\u00f1ana 27 de noviembre, de 16 a 18:30 horas, ATE C\u00f3rdoba convoca a participar de un espacio de reflexi\u00f3n, cuidado y construcci\u00f3n colectiva en la sede del Consejo Directivo Provincial, Entre R\u00edos 450, mediante el Taller \u2018Nuestros cuerpos, nuestros derechos\u2019.<\/p>\n<p>\u201cPorque defender nuestros cuerpos y nuestras decisiones es parte de la lucha diaria de las y los trabajadores&#8221;, invita el Consultorio de Salud Integral, con el acompa\u00f1amiento de CTA Aut\u00f3noma C\u00f3rdoba y ATE C\u00f3rdoba.<\/p>\n<p>\u201cUn encuentro para escucharnos, cuidarnos y seguir impulsando derechos que no nos pueden quitar. Te esperamos para seguir construyendo juntas y juntos una vida libre de violencias y con m\u00e1s derechos para todas y todos\u201d, reza la convocatoria.<\/p>\n","protected":false},"excerpt":{"rendered":"<p>Ma\u00f1ana 27 de noviembre, de 16 a 18:30 horas, ATE C\u00f3rdoba convoca a participar de un espacio de reflexi\u00f3n, cuidado y construcci\u00f3n colectiva en la sede del Consejo Directivo Provincial, Entre R\u00edos 450, mediante el Taller \u2018Nuestros cuerpos, nuestros derechos\u2019. \u201cPorque defender nuestros cuerpos y nuestras decisiones es parte de la lucha diaria de las [&hellip;]<\/p>\n","protected":false},"author":7,"featured_media":51725,"comment_status":"open","ping_status":"open","sticky":false,"template":"","format":"standard","meta":{"_exactmetrics_skip_tracking":false,"_exactmetrics_sitenote_active":false,"_exactmetrics_sitenote_note":"","_exactmetrics_sitenote_category":0,"jnews-multi-image_gallery":[],"jnews_single_post":[],"jnews_primary_category":[],"jnews_social_meta":[],"jnews_review":[],"enable_review":"","type":"","name":"","summary":"","brand":"","sku":"","good":[],"bad":[],"score_override":"","override_value":"","rating":[],"price":[],"jnews_override_counter":[],"jnews_post_split":[],"footnotes":""},"categories":[88],"tags":[],"class_list":["post-51723","post","type-post","status-publish","format-standard","has-post-thumbnail","hentry","category-formacion"],"jetpack_featured_media_url":"https:\/\/atecordoba.org\/wp-content\/uploads\/2025\/11\/flyer-taller-cuerpos-1.jpg","_links":{"self":[{"href":"https:\/\/atecordoba.org\/index.php?rest_route=\/wp\/v2\/posts\/51723","targetHints":{"allow":["GET"]}}],"collection":[{"href":"https:\/\/atecordoba.org\/index.php?rest_route=\/wp\/v2\/posts"}],"about":[{"href":"https:\/\/atecordoba.org\/index.php?rest_route=\/wp\/v2\/types\/post"}],"author":[{"embeddable":true,"href":"https:\/\/atecordoba.org\/index.php?rest_route=\/wp\/v2\/users\/7"}],"replies":[{"embeddable":true,"href":"https:\/\/atecordoba.org\/index.php?rest_route=%2Fwp%2Fv2%2Fcomments&post=51723"}],"version-history":[{"count":1,"href":"https:\/\/atecordoba.org\/index.php?rest_route=\/wp\/v2\/posts\/51723\/revisions"}],"predecessor-version":[{"id":51726,"href":"https:\/\/atecordoba.org\/index.php?rest_route=\/wp\/v2\/posts\/51723\/revisions\/51726"}],"wp:featuredmedia":[{"embeddable":true,"href":"https:\/\/atecordoba.org\/index.php?rest_route=\/wp\/v2\/media\/51725"}],"wp:attachment":[{"href":"https:\/\/atecordoba.org\/index.php?rest_route=%2Fwp%2Fv2%2Fmedia&parent=51723"}],"wp:term":[{"taxonomy":"category","embeddable":true,"href":"https:\/\/atecordoba.org\/index.php?rest_route=%2Fwp%2Fv2%2Fcategories&post=51723"},{"taxonomy":"post_tag","embeddable":true,"href":"https:\/\/atecordoba.org\/index.php?rest_route=%2Fwp%2Fv2%2Ftags&post=51723"}],"curies":[{"name":"wp","href":"https:\/\/api.w.org\/{rel}","templated":true}]}}