{"id":51720,"date":"2025-11-26T12:33:23","date_gmt":"2025-11-26T15:33:23","guid":{"rendered":"https:\/\/atecordoba.org\/?p=51720"},"modified":"2025-11-26T12:33:23","modified_gmt":"2025-11-26T15:33:23","slug":"atentado-en-ffmm-rio-tercero-memoria-contra-el-olvido","status":"publish","type":"post","link":"https:\/\/atecordoba.org\/?p=51720","title":{"rendered":"Atentado en FFMM R\u00edo Tercero: memoria contra el olvido"},"content":{"rendered":"<p><img loading=\"lazy\" decoding=\"async\" class=\"aligncenter wp-image-51712 \" src=\"https:\/\/atecordoba.org\/wp-content\/uploads\/2025\/11\/05-2-1536x864-1-1024x576.jpg\" alt=\"\" width=\"608\" height=\"342\" srcset=\"https:\/\/atecordoba.org\/wp-content\/uploads\/2025\/11\/05-2-1536x864-1-1024x576.jpg 1024w, https:\/\/atecordoba.org\/wp-content\/uploads\/2025\/11\/05-2-1536x864-1-300x169.jpg 300w, https:\/\/atecordoba.org\/wp-content\/uploads\/2025\/11\/05-2-1536x864-1-768x432.jpg 768w, https:\/\/atecordoba.org\/wp-content\/uploads\/2025\/11\/05-2-1536x864-1-750x422.jpg 750w, https:\/\/atecordoba.org\/wp-content\/uploads\/2025\/11\/05-2-1536x864-1-1140x641.jpg 1140w, https:\/\/atecordoba.org\/wp-content\/uploads\/2025\/11\/05-2-1536x864-1.jpg 1536w\" sizes=\"auto, (max-width: 608px) 100vw, 608px\" \/><\/p>\n<p>El pasado 24 de noviembre, ATE Seccional R\u00edo Tercero convoc\u00f3 a un acto que nos toc\u00f3 el alma: conmemoramos, con la emoci\u00f3n a flor de piel, los 30 a\u00f1os del tr\u00e1gico atentado a la F\u00e1brica Militar de R\u00edo Tercero.<\/p>\n<p><img loading=\"lazy\" decoding=\"async\" class=\"alignleft wp-image-51713 size-full\" src=\"https:\/\/atecordoba.org\/wp-content\/uploads\/2025\/11\/01-3-300x169-1.jpg\" alt=\"\" width=\"300\" height=\"169\" \/>\u201c\u200bFue mucho m\u00e1s que un acto conmemorativo; fue un compromiso renovado con la Verdad. nos reunimos para honrar y mantener viva la memoria de quienes se convirtieron en un s\u00edmbolo de nuestra lucha y nuestro dolor: Las victimas del atentado, Omar Gaviglio, Oscar Gigena, Ana Mart\u00ednez de Ostermeyer y Fabi\u00e1n Menichetti. Sus nombres resonaron en cada momento, inform\u00f3 la seccional. sobre la actividad, encabezada por el secretario General David Salto.<\/p>\n<p>\u200bPara seguir sembrando justicia y reflexi\u00f3n, la jornada estuvo marcada por la cultura y el testimonio. Se present\u00f3 el conmovedor libro \u2018Esquirlas de noviembre\u2019 y el emotivo Cortometraje \u2018Casa Paterna\u2019.<\/p>\n<p>\u201cEl encuentro cont\u00f3 con la proyecci\u00f3n de una pel\u00edcula y un di\u00e1logo muy necesario y enriquecedor junto a Cristian Primo, Auka Barbero, Rosa Pobor, Alexis Sorda y Rosana Nozzi. Fue un d\u00eda para no olvidar, donde cada voz mantuvo encendida la llama de la justicia y un pedido para que la ciudad promueva el concepto de que el atentado no fue contra R\u00edo Tercero fue contra Argentina\u201d, concluy\u00f3 ATE R\u00edo Tercero.<\/p>\n<div id='gallery_1' class='gallery galleryid-51720 gallery-columns-3 gallery-size-thumbnail'><figure class='gallery-item'>\n                <div class='gallery-icon landscape'>\n                    <a href='https:\/\/atecordoba.org\/wp-content\/uploads\/2025\/11\/04-3-300x169-1.jpg'><img loading=\"lazy\" decoding=\"async\" width=\"150\" height=\"150\" src=\"\" class=\"attachment-thumbnail size-thumbnail lazyload\" alt=\"\" data-src=\"https:\/\/atecordoba.org\/wp-content\/uploads\/2025\/11\/04-3-300x169-1-150x150.jpg\" data-sizes=\"auto\" data-srcset=\"https:\/\/atecordoba.org\/wp-content\/uploads\/2025\/11\/04-3-300x169-1-150x150.jpg 150w, https:\/\/atecordoba.org\/wp-content\/uploads\/2025\/11\/04-3-300x169-1-75x75.jpg 75w\" data-expand=\"700\" \/><\/a>\n                <\/div><\/figure><figure class='gallery-item'>\n                <div class='gallery-icon landscape'>\n                    <a href='https:\/\/atecordoba.org\/wp-content\/uploads\/2025\/11\/02-4-300x169-1.jpg'><img loading=\"lazy\" decoding=\"async\" width=\"150\" height=\"150\" src=\"\" class=\"attachment-thumbnail size-thumbnail lazyload\" alt=\"\" data-src=\"https:\/\/atecordoba.org\/wp-content\/uploads\/2025\/11\/02-4-300x169-1-150x150.jpg\" data-sizes=\"auto\" data-srcset=\"https:\/\/atecordoba.org\/wp-content\/uploads\/2025\/11\/02-4-300x169-1-150x150.jpg 150w, https:\/\/atecordoba.org\/wp-content\/uploads\/2025\/11\/02-4-300x169-1-75x75.jpg 75w\" data-expand=\"700\" \/><\/a>\n                <\/div><\/figure><figure class='gallery-item'>\n                <div class='gallery-icon landscape'>\n                    <a href='https:\/\/atecordoba.org\/wp-content\/uploads\/2025\/11\/03-5-300x169-1.jpg'><img loading=\"lazy\" decoding=\"async\" width=\"150\" height=\"150\" src=\"\" class=\"attachment-thumbnail size-thumbnail lazyload\" alt=\"\" data-src=\"https:\/\/atecordoba.org\/wp-content\/uploads\/2025\/11\/03-5-300x169-1-150x150.jpg\" data-sizes=\"auto\" data-srcset=\"https:\/\/atecordoba.org\/wp-content\/uploads\/2025\/11\/03-5-300x169-1-150x150.jpg 150w, https:\/\/atecordoba.org\/wp-content\/uploads\/2025\/11\/03-5-300x169-1-75x75.jpg 75w\" data-expand=\"700\" \/><\/a>\n                <\/div><\/figure><br style=\"clear: both\" \/>\n            <\/div>\n\n","protected":false},"excerpt":{"rendered":"<p>El pasado 24 de noviembre, ATE Seccional R\u00edo Tercero convoc\u00f3 a un acto que nos toc\u00f3 el alma: conmemoramos, con la emoci\u00f3n a flor de piel, los 30 a\u00f1os del tr\u00e1gico atentado a la F\u00e1brica Militar de R\u00edo Tercero. \u201c\u200bFue mucho m\u00e1s que un acto conmemorativo; fue un compromiso renovado con la Verdad. nos reunimos [&hellip;]<\/p>\n","protected":false},"author":7,"featured_media":51712,"comment_status":"open","ping_status":"open","sticky":false,"template":"","format":"standard","meta":{"_exactmetrics_skip_tracking":false,"_exactmetrics_sitenote_active":false,"_exactmetrics_sitenote_note":"","_exactmetrics_sitenote_category":0,"jnews-multi-image_gallery":[],"jnews_single_post":[],"jnews_primary_category":[],"jnews_social_meta":[],"jnews_review":[],"enable_review":"","type":"","name":"","summary":"","brand":"","sku":"","good":[],"bad":[],"score_override":"","override_value":"","rating":[],"price":[],"jnews_override_counter":[],"jnews_post_split":[],"footnotes":""},"categories":[13],"tags":[],"class_list":["post-51720","post","type-post","status-publish","format-standard","has-post-thumbnail","hentry","category-rio-tercero"],"jetpack_featured_media_url":"https:\/\/atecordoba.org\/wp-content\/uploads\/2025\/11\/05-2-1536x864-1.jpg","_links":{"self":[{"href":"https:\/\/atecordoba.org\/index.php?rest_route=\/wp\/v2\/posts\/51720","targetHints":{"allow":["GET"]}}],"collection":[{"href":"https:\/\/atecordoba.org\/index.php?rest_route=\/wp\/v2\/posts"}],"about":[{"href":"https:\/\/atecordoba.org\/index.php?rest_route=\/wp\/v2\/types\/post"}],"author":[{"embeddable":true,"href":"https:\/\/atecordoba.org\/index.php?rest_route=\/wp\/v2\/users\/7"}],"replies":[{"embeddable":true,"href":"https:\/\/atecordoba.org\/index.php?rest_route=%2Fwp%2Fv2%2Fcomments&post=51720"}],"version-history":[{"count":1,"href":"https:\/\/atecordoba.org\/index.php?rest_route=\/wp\/v2\/posts\/51720\/revisions"}],"predecessor-version":[{"id":51721,"href":"https:\/\/atecordoba.org\/index.php?rest_route=\/wp\/v2\/posts\/51720\/revisions\/51721"}],"wp:featuredmedia":[{"embeddable":true,"href":"https:\/\/atecordoba.org\/index.php?rest_route=\/wp\/v2\/media\/51712"}],"wp:attachment":[{"href":"https:\/\/atecordoba.org\/index.php?rest_route=%2Fwp%2Fv2%2Fmedia&parent=51720"}],"wp:term":[{"taxonomy":"category","embeddable":true,"href":"https:\/\/atecordoba.org\/index.php?rest_route=%2Fwp%2Fv2%2Fcategories&post=51720"},{"taxonomy":"post_tag","embeddable":true,"href":"https:\/\/atecordoba.org\/index.php?rest_route=%2Fwp%2Fv2%2Ftags&post=51720"}],"curies":[{"name":"wp","href":"https:\/\/api.w.org\/{rel}","templated":true}]}}