{"id":51706,"date":"2025-11-26T12:22:27","date_gmt":"2025-11-26T15:22:27","guid":{"rendered":"https:\/\/atecordoba.org\/?p=51706"},"modified":"2025-11-26T12:22:27","modified_gmt":"2025-11-26T15:22:27","slug":"giuliani-en-el-pais-vasco-unidad-organizacion-y-poder-popular-para-terminar-con-la-pesadilla-de-milei","status":"publish","type":"post","link":"https:\/\/atecordoba.org\/?p=51706","title":{"rendered":"Giuliani en el Pa\u00eds Vasco: unidad, organizaci\u00f3n y poder popular para terminar con la pesadilla de Milei"},"content":{"rendered":"<p><img loading=\"lazy\" decoding=\"async\" class=\"aligncenter wp-image-51707 size-large\" src=\"https:\/\/atecordoba.org\/wp-content\/uploads\/2025\/11\/flyer-fede-cahrala-pais-vasco-724x1024.jpg\" alt=\"\" width=\"724\" height=\"1024\" srcset=\"https:\/\/atecordoba.org\/wp-content\/uploads\/2025\/11\/flyer-fede-cahrala-pais-vasco-724x1024.jpg 724w, https:\/\/atecordoba.org\/wp-content\/uploads\/2025\/11\/flyer-fede-cahrala-pais-vasco-212x300.jpg 212w, https:\/\/atecordoba.org\/wp-content\/uploads\/2025\/11\/flyer-fede-cahrala-pais-vasco-768x1086.jpg 768w, https:\/\/atecordoba.org\/wp-content\/uploads\/2025\/11\/flyer-fede-cahrala-pais-vasco-1086x1536.jpg 1086w, https:\/\/atecordoba.org\/wp-content\/uploads\/2025\/11\/flyer-fede-cahrala-pais-vasco-750x1061.jpg 750w, https:\/\/atecordoba.org\/wp-content\/uploads\/2025\/11\/flyer-fede-cahrala-pais-vasco.jpg 1131w\" sizes=\"auto, (max-width: 724px) 100vw, 724px\" \/>Hoy mi\u00e9rcoles 26 de noviembre, en el Pa\u00eds Vasco, el Secretario General de ATE y la CTA Aut\u00f3noma C\u00f3rdoba, Federico Giuliani, volver\u00e1 a participar de una charla-debate junto al director period\u00edstico de Resumen Latinoamericano y militante de la OLP-Resistir y Vencer, Carlos Azn\u00e1rez, para abordar el tema \u201cMilei y la pesadilla ultraderechista argentina\u201d, reeditando un conversatorio similar al realizado el 19 de noviembre en Bilbao.<\/p>\n<p>La actividad tendr\u00e1 lugar en Landare Herriko de la fuerza de izquierda Abertzale, en la localidad de Orereta-Errenteria, cercana a la ciudad de San Sebasti\u00e1n.<\/p>\n<p>Giuliani se encuentra realizando una pasant\u00eda en la organizaci\u00f3n Martin Etxea, casa de acogida de personas migrantes y defensores de derechos humanos perseguidos en sus pa\u00edses de origen, con sede en Bilbao.<\/p>\n<p>Al contar c\u00f3mo se sum\u00f3 a esta experiencia, dijo que \u201cen mayo del 2024, Milei fue a C\u00f3rdoba con la intenci\u00f3n de firmar un pacto con los gobernadores. Lo que cre\u00eda que iba a ser una caravana con la gente vitore\u00e1ndolo termin\u00f3 con \u00e9l movi\u00e9ndose en helic\u00f3ptero desde el Aeropuerto hasta el centro de C\u00f3rdoba por el nivel de movilizaci\u00f3n y por la represi\u00f3n que ejerci\u00f3 la Gendarmer\u00eda Nacional. Hubo 14 heridos de balas de goma. Y a m\u00ed a los tres d\u00edas me allanan mi casa, me vuelven a imputar, me ponen una fianza de 8.000 d\u00f3lares. A partir de ah\u00ed empezamos a ver claramente como una posibilidad la de venir a hacer incidencia al Pa\u00eds Vasco a trav\u00e9s de un contacto que ten\u00edamos con un compa\u00f1ero que vive en Centroam\u00e9rica\u201d.<\/p>\n<p>Y termin\u00f3 remarcando que \u201cla descartamos en ese momento, pero ahora, cuando sal\u00ed de la c\u00e1rcel despu\u00e9s de haber estado cinco d\u00edas detenido, cre\u00edamos importante ante el hostigamiento pol\u00edtico y judicial respirar un poco. Y sobre todo venir a construir un aprendizaje pol\u00edtico y humano haciendo causa com\u00fan con el internacionalismo de clase y llevarnos abrazos y solidaridad para el proceso que viene. Hoy las organizaciones que luchan en la Argentina somos pocas. La burocracia sindical se arregl\u00f3, hablo de la CGT concretamente, y la agresi\u00f3n del Gobierno Libertario a los sectores vulnerables ha logrado sectorizar y fragmentar las luchas. Necesitamos promover unidad, organizaci\u00f3n y poder popular para terminar con la pesadilla de Milei\u201d.<\/p>\n","protected":false},"excerpt":{"rendered":"<p>Hoy mi\u00e9rcoles 26 de noviembre, en el Pa\u00eds Vasco, el Secretario General de ATE y la CTA Aut\u00f3noma C\u00f3rdoba, Federico Giuliani, volver\u00e1 a participar de una charla-debate junto al director period\u00edstico de Resumen Latinoamericano y militante de la OLP-Resistir y Vencer, Carlos Azn\u00e1rez, para abordar el tema \u201cMilei y la pesadilla ultraderechista argentina\u201d, reeditando un [&hellip;]<\/p>\n","protected":false},"author":7,"featured_media":51708,"comment_status":"open","ping_status":"open","sticky":false,"template":"","format":"standard","meta":{"_exactmetrics_skip_tracking":false,"_exactmetrics_sitenote_active":false,"_exactmetrics_sitenote_note":"","_exactmetrics_sitenote_category":0,"jnews-multi-image_gallery":[],"jnews_single_post":[],"jnews_primary_category":[],"jnews_social_meta":[],"jnews_review":[],"enable_review":"","type":"","name":"","summary":"","brand":"","sku":"","good":[],"bad":[],"score_override":"","override_value":"","rating":[],"price":[],"jnews_override_counter":[],"jnews_post_split":[],"footnotes":""},"categories":[108],"tags":[],"class_list":["post-51706","post","type-post","status-publish","format-standard","has-post-thumbnail","hentry","category-internacional"],"jetpack_featured_media_url":"https:\/\/atecordoba.org\/wp-content\/uploads\/2025\/11\/flyer-fede-cahrala-pais-vasco-1.jpg","_links":{"self":[{"href":"https:\/\/atecordoba.org\/index.php?rest_route=\/wp\/v2\/posts\/51706","targetHints":{"allow":["GET"]}}],"collection":[{"href":"https:\/\/atecordoba.org\/index.php?rest_route=\/wp\/v2\/posts"}],"about":[{"href":"https:\/\/atecordoba.org\/index.php?rest_route=\/wp\/v2\/types\/post"}],"author":[{"embeddable":true,"href":"https:\/\/atecordoba.org\/index.php?rest_route=\/wp\/v2\/users\/7"}],"replies":[{"embeddable":true,"href":"https:\/\/atecordoba.org\/index.php?rest_route=%2Fwp%2Fv2%2Fcomments&post=51706"}],"version-history":[{"count":1,"href":"https:\/\/atecordoba.org\/index.php?rest_route=\/wp\/v2\/posts\/51706\/revisions"}],"predecessor-version":[{"id":51709,"href":"https:\/\/atecordoba.org\/index.php?rest_route=\/wp\/v2\/posts\/51706\/revisions\/51709"}],"wp:featuredmedia":[{"embeddable":true,"href":"https:\/\/atecordoba.org\/index.php?rest_route=\/wp\/v2\/media\/51708"}],"wp:attachment":[{"href":"https:\/\/atecordoba.org\/index.php?rest_route=%2Fwp%2Fv2%2Fmedia&parent=51706"}],"wp:term":[{"taxonomy":"category","embeddable":true,"href":"https:\/\/atecordoba.org\/index.php?rest_route=%2Fwp%2Fv2%2Fcategories&post=51706"},{"taxonomy":"post_tag","embeddable":true,"href":"https:\/\/atecordoba.org\/index.php?rest_route=%2Fwp%2Fv2%2Ftags&post=51706"}],"curies":[{"name":"wp","href":"https:\/\/api.w.org\/{rel}","templated":true}]}}