{"id":51688,"date":"2025-11-26T12:16:52","date_gmt":"2025-11-26T15:16:52","guid":{"rendered":"https:\/\/atecordoba.org\/?p=51688"},"modified":"2025-11-26T20:12:41","modified_gmt":"2025-11-26T23:12:41","slug":"ate-cordoba-participo-activamente-del-encuentro-plurinacional-de-mujeres","status":"publish","type":"post","link":"https:\/\/atecordoba.org\/?p=51688","title":{"rendered":"ATE C\u00f3rdoba particip\u00f3 activamente del Encuentro Plurinacional de Mujeres"},"content":{"rendered":"<p><img loading=\"lazy\" decoding=\"async\" class=\"aligncenter wp-image-51689 \" src=\"https:\/\/atecordoba.org\/wp-content\/uploads\/2025\/11\/589907901_1263095139173731_4378684637820971140_n-1024x461.jpg\" alt=\"\" width=\"608\" height=\"274\" srcset=\"https:\/\/atecordoba.org\/wp-content\/uploads\/2025\/11\/589907901_1263095139173731_4378684637820971140_n-1024x461.jpg 1024w, https:\/\/atecordoba.org\/wp-content\/uploads\/2025\/11\/589907901_1263095139173731_4378684637820971140_n-300x135.jpg 300w, https:\/\/atecordoba.org\/wp-content\/uploads\/2025\/11\/589907901_1263095139173731_4378684637820971140_n-768x346.jpg 768w, https:\/\/atecordoba.org\/wp-content\/uploads\/2025\/11\/589907901_1263095139173731_4378684637820971140_n-1536x691.jpg 1536w, https:\/\/atecordoba.org\/wp-content\/uploads\/2025\/11\/589907901_1263095139173731_4378684637820971140_n-750x338.jpg 750w, https:\/\/atecordoba.org\/wp-content\/uploads\/2025\/11\/589907901_1263095139173731_4378684637820971140_n-1140x513.jpg 1140w, https:\/\/atecordoba.org\/wp-content\/uploads\/2025\/11\/589907901_1263095139173731_4378684637820971140_n.jpg 1600w\" sizes=\"auto, (max-width: 608px) 100vw, 608px\" \/>Una numerosa delegaci\u00f3n cordobesa de ATE C\u00f3rdoba\u00a0particip\u00f3 el pasado fin de semana del multitudinario 38\u00ba &#8220;Encuentro Plurinacional de Mujeres, Lesbianas, Travestis, Trans, Bisexuales, Intersexuales y No Binaries&#8221;, que se desarroll\u00f3 en Corrientes.<\/p>\n<p>Dirigentas del Consejo Directivo Provincial (CDP), delegadas, activistas y compa\u00f1eras estatales de diversos sectores nacionales, provinciales y municipales se hermanaron con alrededor de 70 mil participantes de todo el pa\u00eds, dando cuenta de la potencia organizativa y la fortaleza militante del conocido desde hace cuatro d\u00e9cadas como el &#8220;movimiento de mujeres&#8221;, que a\u00f1o a a\u00f1o fue incorporando diversos espacios y disidencias, ampliando la representaci\u00f3n de g\u00e9neros y demostrando que frente al gobierno reaccionario de Javier Milei siguen firmes las convicciones para defender derechos arrancados al machismo y proyectando al resto del continente y el mundo que el feminismo lleg\u00f3 para quedarse.<\/p>\n<p><img loading=\"lazy\" decoding=\"async\" class=\"aligncenter wp-image-51690 \" src=\"https:\/\/atecordoba.org\/wp-content\/uploads\/2025\/11\/586752158_1263094209173824_326832349837848726_n-1024x461.jpg\" alt=\"\" width=\"615\" height=\"277\" srcset=\"https:\/\/atecordoba.org\/wp-content\/uploads\/2025\/11\/586752158_1263094209173824_326832349837848726_n-1024x461.jpg 1024w, https:\/\/atecordoba.org\/wp-content\/uploads\/2025\/11\/586752158_1263094209173824_326832349837848726_n-300x135.jpg 300w, https:\/\/atecordoba.org\/wp-content\/uploads\/2025\/11\/586752158_1263094209173824_326832349837848726_n-768x346.jpg 768w, https:\/\/atecordoba.org\/wp-content\/uploads\/2025\/11\/586752158_1263094209173824_326832349837848726_n-1536x691.jpg 1536w, https:\/\/atecordoba.org\/wp-content\/uploads\/2025\/11\/586752158_1263094209173824_326832349837848726_n-750x338.jpg 750w, https:\/\/atecordoba.org\/wp-content\/uploads\/2025\/11\/586752158_1263094209173824_326832349837848726_n-1140x513.jpg 1140w, https:\/\/atecordoba.org\/wp-content\/uploads\/2025\/11\/586752158_1263094209173824_326832349837848726_n.jpg 1600w\" sizes=\"auto, (max-width: 615px) 100vw, 615px\" \/><\/p>\n<p>Frente a la ola de feminicidios que sufre el pa\u00eds y en particular nuestra provincia, el Encuentro resolvi\u00f3 que la pr\u00f3xima edici\u00f3n se llevar\u00e1 a cabo a en C\u00f3rdoba, reeditando as\u00ed la convocatoria de noviembre de 2007.<\/p>\n<p>&#8220;Fue una experiencia sumamente positiva desde el organizativo y tambi\u00e9n desde las discusiones pol\u00edticas que se dieron ah\u00ed. Como trabajadoras del Estado, por supuesto que estuvimos participando en los talleres de sindicalismo. Se dieron debates acerca de la reforma laboral, la situaci\u00f3n de los sindicatos hoy, de las centrales, de la necesidad de poder construir una huelga que ponga freno a todo este avance de la derecha hacia nuestros derechos, nuestros derechos conquistados como trabajadoras&#8221;, explic\u00f3 la secretaria de G\u00e9neros del CDP, Mar\u00eda Spaventa.<img loading=\"lazy\" decoding=\"async\" class=\"aligncenter wp-image-51692 \" src=\"https:\/\/atecordoba.org\/wp-content\/uploads\/2025\/11\/586795327_1263093972507181_6880845806355350470_n-1-1024x896.jpg\" alt=\"\" width=\"625\" height=\"547\" srcset=\"https:\/\/atecordoba.org\/wp-content\/uploads\/2025\/11\/586795327_1263093972507181_6880845806355350470_n-1-1024x896.jpg 1024w, https:\/\/atecordoba.org\/wp-content\/uploads\/2025\/11\/586795327_1263093972507181_6880845806355350470_n-1-300x263.jpg 300w, https:\/\/atecordoba.org\/wp-content\/uploads\/2025\/11\/586795327_1263093972507181_6880845806355350470_n-1-768x672.jpg 768w, https:\/\/atecordoba.org\/wp-content\/uploads\/2025\/11\/586795327_1263093972507181_6880845806355350470_n-1-750x657.jpg 750w, https:\/\/atecordoba.org\/wp-content\/uploads\/2025\/11\/586795327_1263093972507181_6880845806355350470_n-1-1140x998.jpg 1140w, https:\/\/atecordoba.org\/wp-content\/uploads\/2025\/11\/586795327_1263093972507181_6880845806355350470_n-1.jpg 1204w\" sizes=\"auto, (max-width: 625px) 100vw, 625px\" \/><\/p>\n<p>La dirigenta estatal remarc\u00f3 la capacidad de abordaje\u00a0 de estas pol\u00edticas de ajuste que han afectado m\u00e1s a las mujeres y a las disidencias, porque mayor\u00eda de los despidos lo sufrieron las mujeres, compa\u00f1eras que sostienen sus hogares, personas trans, el grupo trans tambi\u00e9n ha sido de alguna manera afectado, incumpliendo -adem\u00e1s- la legalidad vigente respecto al cupo trans por el que tambi\u00e9n tanto se luch\u00f3. &#8220;Esto nos pone en ese marco de seguir pensando en estrategias, de construir una unidad,&#8221;, afirm\u00f3.<\/p>\n<h5>Corrientes y C\u00f3rdoba<\/h5>\n<p>En el balance, Spaventa se\u00f1ala que &#8220;nos volvimos sumamente agradecidas con las compa\u00f1eras de Corrientes por su hospitalidad, por estar atentas a todo lo que necesit\u00e1bamos. Para nosotras tambi\u00e9n fue un salto cualitativo y cuantitativo en cuanto al organizativo de nuestra ATE C\u00f3rdoba y nos enriquece para lo que se viene, porque el pr\u00f3ximo Encuentro va a realizarse en C\u00f3rdoba&#8221;.<\/p>\n<p>Efectivamente, la Comisi\u00f3n Organizadora se reunir\u00e1 el pr\u00f3ximo 3 de diciembre.<img loading=\"lazy\" decoding=\"async\" class=\"aligncenter wp-image-51693 \" src=\"https:\/\/atecordoba.org\/wp-content\/uploads\/2025\/11\/586793587_1263094075840504_7513472925131357402_n-1024x461.jpg\" alt=\"\" width=\"610\" height=\"275\" srcset=\"https:\/\/atecordoba.org\/wp-content\/uploads\/2025\/11\/586793587_1263094075840504_7513472925131357402_n-1024x461.jpg 1024w, https:\/\/atecordoba.org\/wp-content\/uploads\/2025\/11\/586793587_1263094075840504_7513472925131357402_n-300x135.jpg 300w, https:\/\/atecordoba.org\/wp-content\/uploads\/2025\/11\/586793587_1263094075840504_7513472925131357402_n-768x346.jpg 768w, https:\/\/atecordoba.org\/wp-content\/uploads\/2025\/11\/586793587_1263094075840504_7513472925131357402_n-1536x691.jpg 1536w, https:\/\/atecordoba.org\/wp-content\/uploads\/2025\/11\/586793587_1263094075840504_7513472925131357402_n-750x338.jpg 750w, https:\/\/atecordoba.org\/wp-content\/uploads\/2025\/11\/586793587_1263094075840504_7513472925131357402_n-1140x513.jpg 1140w, https:\/\/atecordoba.org\/wp-content\/uploads\/2025\/11\/586793587_1263094075840504_7513472925131357402_n.jpg 1600w\" sizes=\"auto, (max-width: 610px) 100vw, 610px\" \/><\/p>\n<p>&#8220;Por supuesto vamos a ser parte. Para nosotras siempre es un momento de encuentro con compa\u00f1eras de otras provincias, con compa\u00f1eras de que hemos compartido luchas, como es el caso de las compa\u00f1eras de desarrollo social de distintas provincias y de capital, que es mi sector de trabajo, y la verdad que ha sido muy grato poder vernos, seguir intercambiando experiencias y ver c\u00f3mo seguimos luchando, Los despidos son una realidad que nos ha golpeado muy duro en algunos sectores m\u00e1s que en otros, pero ATE no abandona y vamos a seguir pele\u00e1ndola&#8221;, asegur\u00f3.<\/p>\n<h5>Organizaci\u00f3n y Cordobazo feminista<\/h5>\n<p>Para poder viajar a Corrientes ATE se herman\u00f3 con otras organizaciones y el balance tambi\u00e9n es positivo. &#8220;Es otra ense\u00f1anza del feminismo: poder cooperar y construir entre nosotras esta sororidad. La situaci\u00f3n econ\u00f3mica no era f\u00e1cil, pero la autogesti\u00f3n a trav\u00e9s de distintas actividades nos permiti\u00f3 a una gran delegaci\u00f3n cordobesa poder realizar este viaje y vivir esta experiencia&#8221;, insisti\u00f3 .<\/p>\n<p>&#8220;ATE march\u00f3 en contra de los transfemicidios y tuvo su columna en la marcha general que se hizo el d\u00eda domingo a la tarde. Nuestra columna fue una de las m\u00e1s numerosas, lo que tambi\u00e9n nos llena de orgullo. Creo que las trabajadoras estatales demostramos que seguimos de pie a pesar de todo&#8221;, dijo Spaventa.<\/p>\n<p><img loading=\"lazy\" decoding=\"async\" class=\"aligncenter wp-image-51694 \" src=\"https:\/\/atecordoba.org\/wp-content\/uploads\/2025\/11\/586863679_1263094029173842_5079342704021234194_n-1024x932.jpg\" alt=\"\" width=\"608\" height=\"554\" srcset=\"https:\/\/atecordoba.org\/wp-content\/uploads\/2025\/11\/586863679_1263094029173842_5079342704021234194_n-1024x932.jpg 1024w, https:\/\/atecordoba.org\/wp-content\/uploads\/2025\/11\/586863679_1263094029173842_5079342704021234194_n-300x273.jpg 300w, https:\/\/atecordoba.org\/wp-content\/uploads\/2025\/11\/586863679_1263094029173842_5079342704021234194_n-768x699.jpg 768w, https:\/\/atecordoba.org\/wp-content\/uploads\/2025\/11\/586863679_1263094029173842_5079342704021234194_n-750x683.jpg 750w, https:\/\/atecordoba.org\/wp-content\/uploads\/2025\/11\/586863679_1263094029173842_5079342704021234194_n-1140x1038.jpg 1140w, https:\/\/atecordoba.org\/wp-content\/uploads\/2025\/11\/586863679_1263094029173842_5079342704021234194_n.jpg 1204w\" sizes=\"auto, (max-width: 608px) 100vw, 608px\" \/><\/p>\n<p>La dirigenta afirm\u00f3 que estas experiencias ense\u00f1an a democratizar los espacios, un ejercicio que hace falta mucho en todas las organizaciones. &#8220;Ante la crisis de representatividad que hay, que tambi\u00e9n por supuesto sali\u00f3 en los debates, es necesario m\u00e1s feminismo porque aprendemos que podamos construir nuevas alternativas. Sin duda que es un\u00edsono el fuera Milei para todo el movimiento feminista. Hay mucha fuerza, mucho potencial para que podamos avanzar y concretar esas ideas. Nosotras estamos del lado de la vida ante la derecha que avanza sobre los derechos de todos y de todas, afectando a quienes est\u00e9n en una situaci\u00f3n de vulnerabilidad&#8221;, reflexion\u00f3.<\/p>\n<p>El Encuentro se solidariz\u00f3 con las jubiladas que reciben todos los palos los d\u00edas mi\u00e9rcoles, algo que no debe naturalizarse. &#8220;Vamos a construir un gran encuentro hacia un Cordobazo feminista&#8221;, concluy\u00f3.<\/p>\n<h5>Los debates<\/h5>\n<p>Una vez finalizado en Encuentro, la compa\u00f1era Jesica Rojas, militante de ATE y la CTAA, concedi\u00f3 una entrevista a Radio Al Toque de R\u00edo Cuarto, donde explic\u00f3 el tenor de los debates.<\/p>\n<p>En tal sentido, Rojas detall\u00f3 que &#8220;hubo comisiones sobre pueblos originarios, cultura marr\u00f3n, alimentaci\u00f3n agroecol\u00f3gica, agua como recurso, rol del Estado, aunque la mayor\u00eda de los debates gir\u00f3 en torno a la violencia institucional, c\u00f3mo el discurso fascista recrudece la violencia contra la mujer. Tal es el caso del feminicidio de Luana y su mam\u00e1 Mariel, hace apenas un mes&#8221;.<\/p>\n<p>Y remarc\u00f3 que &#8220;muchas tenemos miedo a salir a la calle&#8221;.<\/p>\n<p>En esa l\u00ednea, se\u00f1al\u00f3 que &#8220;los discursos violentos atraviesan generacionalmente a quienes est\u00e1n m\u00e1s pendientes de la redes sociales y generan que la violencia crezca&#8221;. Vale mencionar que el feminicida de Luana y Mariel, el uruguayo Pablo Rodr\u00edguez Laurta, era un activo participante de la propalaci\u00f3n de discursos de odio junto a referentes del gobierno de Milei como Agust\u00edn Laje y Nicol\u00e1s M\u00e1rquez.<\/p>\n<p><img loading=\"lazy\" decoding=\"async\" class=\"aligncenter wp-image-51703 \" src=\"https:\/\/atecordoba.org\/wp-content\/uploads\/2025\/11\/589955498_1263094835840428_4001032633717253814_n-1024x461.jpg\" alt=\"\" width=\"606\" height=\"273\" srcset=\"https:\/\/atecordoba.org\/wp-content\/uploads\/2025\/11\/589955498_1263094835840428_4001032633717253814_n-1024x461.jpg 1024w, https:\/\/atecordoba.org\/wp-content\/uploads\/2025\/11\/589955498_1263094835840428_4001032633717253814_n-300x135.jpg 300w, https:\/\/atecordoba.org\/wp-content\/uploads\/2025\/11\/589955498_1263094835840428_4001032633717253814_n-768x346.jpg 768w, https:\/\/atecordoba.org\/wp-content\/uploads\/2025\/11\/589955498_1263094835840428_4001032633717253814_n-1536x691.jpg 1536w, https:\/\/atecordoba.org\/wp-content\/uploads\/2025\/11\/589955498_1263094835840428_4001032633717253814_n-750x338.jpg 750w, https:\/\/atecordoba.org\/wp-content\/uploads\/2025\/11\/589955498_1263094835840428_4001032633717253814_n-1140x513.jpg 1140w, https:\/\/atecordoba.org\/wp-content\/uploads\/2025\/11\/589955498_1263094835840428_4001032633717253814_n.jpg 1600w\" sizes=\"auto, (max-width: 606px) 100vw, 606px\" \/><\/p>\n<p>Respecto al rol del Estado, Rojas dijo que Milei no destruye el Estado sino que prioriza el rol represivo y all\u00ed destina los fondos que retrae de la estructura estatal para atender la problem\u00e1tica de las mujeres. &#8220;El Estado est\u00e1 presente, no en la problem\u00e1tica de las mujeres, sino en el aparato represivo para atacar la protesta social&#8221;, sentenci\u00f3.<\/p>\n<p>Y relat\u00f3: &#8221; en un taller debate al respecto se comparti\u00f3 la situaci\u00f3n de ocho compa\u00f1eras de Fenat-CTAA que fueron detenidas el 28 de agosto en una protesta frente a la Municipalidad de C\u00f3rdoba, de un total de 15 detenidos, incluido el secretario General de ATE C\u00f3rdoba, Federico Giuliani. Esas detenciones de las compa\u00f1eras se realizaron sin ninguna perspectiva de g\u00e9nero, sin constatar si tienen hijos a cargo o si asisten a otras personas&#8221;.<\/p>\n<p>La dirigente alent\u00f3 a participar del pr\u00f3ximo c\u00f3nclave a realizarse en 2026. &#8220;Esperamos seguir sumando organizaciones feministas y de mujeres para dotar de potencia el Encuentro de Mujeres en C\u00f3rdoba&#8221;, concluy\u00f3.<\/p>\n<div id='gallery_1' class='gallery galleryid-51688 gallery-columns-3 gallery-size-thumbnail'><figure class='gallery-item'>\n                <div class='gallery-icon landscape'>\n                    <a href='https:\/\/atecordoba.org\/wp-content\/uploads\/2025\/11\/586720481_1263094349173810_4476142358343565987_n.jpg'><img loading=\"lazy\" decoding=\"async\" width=\"150\" height=\"150\" src=\"\" class=\"attachment-thumbnail size-thumbnail lazyload\" alt=\"\" data-src=\"https:\/\/atecordoba.org\/wp-content\/uploads\/2025\/11\/586720481_1263094349173810_4476142358343565987_n-150x150.jpg\" data-sizes=\"auto\" data-srcset=\"https:\/\/atecordoba.org\/wp-content\/uploads\/2025\/11\/586720481_1263094349173810_4476142358343565987_n-150x150.jpg 150w, https:\/\/atecordoba.org\/wp-content\/uploads\/2025\/11\/586720481_1263094349173810_4476142358343565987_n-560x560.jpg 560w, https:\/\/atecordoba.org\/wp-content\/uploads\/2025\/11\/586720481_1263094349173810_4476142358343565987_n-75x75.jpg 75w, https:\/\/atecordoba.org\/wp-content\/uploads\/2025\/11\/586720481_1263094349173810_4476142358343565987_n-350x350.jpg 350w\" data-expand=\"700\" \/><\/a>\n                <\/div><\/figure><figure class='gallery-item'>\n                <div class='gallery-icon landscape'>\n                    <a href='https:\/\/atecordoba.org\/wp-content\/uploads\/2025\/11\/586720481_1263095252507053_1512788912114495444_n.jpg'><img loading=\"lazy\" decoding=\"async\" width=\"150\" height=\"150\" src=\"\" class=\"attachment-thumbnail size-thumbnail lazyload\" alt=\"\" data-src=\"https:\/\/atecordoba.org\/wp-content\/uploads\/2025\/11\/586720481_1263095252507053_1512788912114495444_n-150x150.jpg\" data-sizes=\"auto\" data-srcset=\"https:\/\/atecordoba.org\/wp-content\/uploads\/2025\/11\/586720481_1263095252507053_1512788912114495444_n-150x150.jpg 150w, https:\/\/atecordoba.org\/wp-content\/uploads\/2025\/11\/586720481_1263095252507053_1512788912114495444_n-560x560.jpg 560w, https:\/\/atecordoba.org\/wp-content\/uploads\/2025\/11\/586720481_1263095252507053_1512788912114495444_n-75x75.jpg 75w, https:\/\/atecordoba.org\/wp-content\/uploads\/2025\/11\/586720481_1263095252507053_1512788912114495444_n-350x350.jpg 350w\" data-expand=\"700\" \/><\/a>\n                <\/div><\/figure><figure class='gallery-item'>\n                <div class='gallery-icon landscape'>\n                    <a href='https:\/\/atecordoba.org\/wp-content\/uploads\/2025\/11\/586941155_1263094279173817_3225351771034428661_n.jpg'><img loading=\"lazy\" decoding=\"async\" width=\"150\" height=\"150\" src=\"\" class=\"attachment-thumbnail size-thumbnail lazyload\" alt=\"\" data-src=\"https:\/\/atecordoba.org\/wp-content\/uploads\/2025\/11\/586941155_1263094279173817_3225351771034428661_n-150x150.jpg\" data-sizes=\"auto\" data-srcset=\"https:\/\/atecordoba.org\/wp-content\/uploads\/2025\/11\/586941155_1263094279173817_3225351771034428661_n-150x150.jpg 150w, https:\/\/atecordoba.org\/wp-content\/uploads\/2025\/11\/586941155_1263094279173817_3225351771034428661_n-560x560.jpg 560w, https:\/\/atecordoba.org\/wp-content\/uploads\/2025\/11\/586941155_1263094279173817_3225351771034428661_n-75x75.jpg 75w, https:\/\/atecordoba.org\/wp-content\/uploads\/2025\/11\/586941155_1263094279173817_3225351771034428661_n-350x350.jpg 350w\" data-expand=\"700\" \/><\/a>\n                <\/div><\/figure><br style=\"clear: both\" \/><figure class='gallery-item'>\n                <div class='gallery-icon landscape'>\n                    <a href='https:\/\/atecordoba.org\/wp-content\/uploads\/2025\/11\/586990533_1263094149173830_9039623430001823365_n.jpg'><img loading=\"lazy\" decoding=\"async\" width=\"150\" height=\"150\" src=\"\" class=\"attachment-thumbnail size-thumbnail lazyload\" alt=\"\" data-src=\"https:\/\/atecordoba.org\/wp-content\/uploads\/2025\/11\/586990533_1263094149173830_9039623430001823365_n-150x150.jpg\" data-sizes=\"auto\" data-srcset=\"https:\/\/atecordoba.org\/wp-content\/uploads\/2025\/11\/586990533_1263094149173830_9039623430001823365_n-150x150.jpg 150w, https:\/\/atecordoba.org\/wp-content\/uploads\/2025\/11\/586990533_1263094149173830_9039623430001823365_n-560x560.jpg 560w, https:\/\/atecordoba.org\/wp-content\/uploads\/2025\/11\/586990533_1263094149173830_9039623430001823365_n-75x75.jpg 75w, https:\/\/atecordoba.org\/wp-content\/uploads\/2025\/11\/586990533_1263094149173830_9039623430001823365_n-350x350.jpg 350w\" data-expand=\"700\" \/><\/a>\n                <\/div><\/figure><figure class='gallery-item'>\n                <div class='gallery-icon portrait'>\n                    <a href='https:\/\/atecordoba.org\/wp-content\/uploads\/2025\/11\/586993422_1263094522507126_368888108985383149_n.jpg'><img loading=\"lazy\" decoding=\"async\" width=\"150\" height=\"150\" src=\"\" class=\"attachment-thumbnail size-thumbnail lazyload\" alt=\"\" data-src=\"https:\/\/atecordoba.org\/wp-content\/uploads\/2025\/11\/586993422_1263094522507126_368888108985383149_n-150x150.jpg\" data-sizes=\"auto\" data-srcset=\"https:\/\/atecordoba.org\/wp-content\/uploads\/2025\/11\/586993422_1263094522507126_368888108985383149_n-150x150.jpg 150w, https:\/\/atecordoba.org\/wp-content\/uploads\/2025\/11\/586993422_1263094522507126_368888108985383149_n-560x560.jpg 560w, https:\/\/atecordoba.org\/wp-content\/uploads\/2025\/11\/586993422_1263094522507126_368888108985383149_n-75x75.jpg 75w, https:\/\/atecordoba.org\/wp-content\/uploads\/2025\/11\/586993422_1263094522507126_368888108985383149_n-350x350.jpg 350w\" data-expand=\"700\" \/><\/a>\n                <\/div><\/figure><figure class='gallery-item'>\n                <div class='gallery-icon landscape'>\n                    <a href='https:\/\/atecordoba.org\/wp-content\/uploads\/2025\/11\/587096033_1263095322507046_7050093422663504150_n.jpg'><img loading=\"lazy\" decoding=\"async\" width=\"150\" height=\"150\" src=\"\" class=\"attachment-thumbnail size-thumbnail lazyload\" alt=\"\" data-src=\"https:\/\/atecordoba.org\/wp-content\/uploads\/2025\/11\/587096033_1263095322507046_7050093422663504150_n-150x150.jpg\" data-sizes=\"auto\" data-srcset=\"https:\/\/atecordoba.org\/wp-content\/uploads\/2025\/11\/587096033_1263095322507046_7050093422663504150_n-150x150.jpg 150w, https:\/\/atecordoba.org\/wp-content\/uploads\/2025\/11\/587096033_1263095322507046_7050093422663504150_n-560x560.jpg 560w, https:\/\/atecordoba.org\/wp-content\/uploads\/2025\/11\/587096033_1263095322507046_7050093422663504150_n-75x75.jpg 75w, https:\/\/atecordoba.org\/wp-content\/uploads\/2025\/11\/587096033_1263095322507046_7050093422663504150_n-350x350.jpg 350w\" data-expand=\"700\" \/><\/a>\n                <\/div><\/figure><br style=\"clear: both\" \/>\n            <\/div>\n\n<p>&nbsp;<\/p>\n<p>&nbsp;<\/p>\n<p>&nbsp;<\/p>\n","protected":false},"excerpt":{"rendered":"<p>Una numerosa delegaci\u00f3n cordobesa de ATE C\u00f3rdoba\u00a0particip\u00f3 el pasado fin de semana del multitudinario 38\u00ba &#8220;Encuentro Plurinacional de Mujeres, Lesbianas, Travestis, Trans, Bisexuales, Intersexuales y No Binaries&#8221;, que se desarroll\u00f3 en Corrientes. Dirigentas del Consejo Directivo Provincial (CDP), delegadas, activistas y compa\u00f1eras estatales de diversos sectores nacionales, provinciales y municipales se hermanaron con alrededor de [&hellip;]<\/p>\n","protected":false},"author":7,"featured_media":51689,"comment_status":"open","ping_status":"open","sticky":false,"template":"","format":"standard","meta":{"_exactmetrics_skip_tracking":false,"_exactmetrics_sitenote_active":false,"_exactmetrics_sitenote_note":"","_exactmetrics_sitenote_category":0,"jnews-multi-image_gallery":[],"jnews_single_post":{"format":"standard","override":[{"template":"1","parallax":"1","fullscreen":"1","layout":"no-sidebar-narrow","sidebar":"default-sidebar","second_sidebar":"default-sidebar","sticky_sidebar":"1","share_position":"bottom","share_float_style":"share-monocrhome","show_share_counter":"1","show_view_counter":"1","show_post_meta":"1","show_post_author_image":"1","show_post_date":"1","post_date_format":"default","post_date_format_custom":"Y\/m\/d","show_post_category":"1","show_post_reading_time":"0","post_reading_time_wpm":"300","post_calculate_word_method":"str_word_count","show_zoom_button":"0","zoom_button_out_step":"2","zoom_button_in_step":"3","show_post_tag":"1","number_popup_post":"1","show_post_related":"1","show_inline_post_related":"0"}],"image_override":[{"single_post_thumbnail_size":"crop-500","single_post_gallery_size":"crop-500"}],"trending_post_position":"meta","trending_post_label":"Trending","sponsored_post_label":"Sponsored by","disable_ad":"0"},"jnews_primary_category":[],"jnews_social_meta":[],"jnews_review":[],"enable_review":"","type":"percentage","name":"","summary":"","brand":"","sku":"","good":[],"bad":[],"score_override":"","override_value":"","rating":[],"price":[],"jnews_override_counter":{"view_counter_number":"0","share_counter_number":"0","like_counter_number":"0","dislike_counter_number":"0"},"jnews_post_split":{"post_split":[{"template":"1","tag":"h2","numbering":"asc","mode":"normal","first":"0","enable_toc":"0","toc_type":"normal"}]},"footnotes":""},"categories":[325],"tags":[],"class_list":["post-51688","post","type-post","status-publish","format-standard","has-post-thumbnail","hentry","category-generos-y-diversidades"],"jetpack_featured_media_url":"https:\/\/atecordoba.org\/wp-content\/uploads\/2025\/11\/589907901_1263095139173731_4378684637820971140_n.jpg","_links":{"self":[{"href":"https:\/\/atecordoba.org\/index.php?rest_route=\/wp\/v2\/posts\/51688","targetHints":{"allow":["GET"]}}],"collection":[{"href":"https:\/\/atecordoba.org\/index.php?rest_route=\/wp\/v2\/posts"}],"about":[{"href":"https:\/\/atecordoba.org\/index.php?rest_route=\/wp\/v2\/types\/post"}],"author":[{"embeddable":true,"href":"https:\/\/atecordoba.org\/index.php?rest_route=\/wp\/v2\/users\/7"}],"replies":[{"embeddable":true,"href":"https:\/\/atecordoba.org\/index.php?rest_route=%2Fwp%2Fv2%2Fcomments&post=51688"}],"version-history":[{"count":7,"href":"https:\/\/atecordoba.org\/index.php?rest_route=\/wp\/v2\/posts\/51688\/revisions"}],"predecessor-version":[{"id":51739,"href":"https:\/\/atecordoba.org\/index.php?rest_route=\/wp\/v2\/posts\/51688\/revisions\/51739"}],"wp:featuredmedia":[{"embeddable":true,"href":"https:\/\/atecordoba.org\/index.php?rest_route=\/wp\/v2\/media\/51689"}],"wp:attachment":[{"href":"https:\/\/atecordoba.org\/index.php?rest_route=%2Fwp%2Fv2%2Fmedia&parent=51688"}],"wp:term":[{"taxonomy":"category","embeddable":true,"href":"https:\/\/atecordoba.org\/index.php?rest_route=%2Fwp%2Fv2%2Fcategories&post=51688"},{"taxonomy":"post_tag","embeddable":true,"href":"https:\/\/atecordoba.org\/index.php?rest_route=%2Fwp%2Fv2%2Ftags&post=51688"}],"curies":[{"name":"wp","href":"https:\/\/api.w.org\/{rel}","templated":true}]}}