{"id":51679,"date":"2025-11-26T09:36:44","date_gmt":"2025-11-26T12:36:44","guid":{"rendered":"https:\/\/atecordoba.org\/?p=51679"},"modified":"2025-11-26T09:52:44","modified_gmt":"2025-11-26T12:52:44","slug":"ate-en-la-universidad-provincial-contra-la-reforma-laboral","status":"publish","type":"post","link":"https:\/\/atecordoba.org\/?p=51679","title":{"rendered":"ATE en la Universidad Provincial, contra la Reforma Laboral"},"content":{"rendered":"<p><img loading=\"lazy\" decoding=\"async\" class=\"aligncenter wp-image-51680 \" src=\"https:\/\/atecordoba.org\/wp-content\/uploads\/2025\/11\/WhatsApp-Image-2025-11-25-at-14.18.06-1024x768.jpeg\" alt=\"\" width=\"610\" height=\"458\" srcset=\"https:\/\/atecordoba.org\/wp-content\/uploads\/2025\/11\/WhatsApp-Image-2025-11-25-at-14.18.06-1024x768.jpeg 1024w, https:\/\/atecordoba.org\/wp-content\/uploads\/2025\/11\/WhatsApp-Image-2025-11-25-at-14.18.06-300x225.jpeg 300w, https:\/\/atecordoba.org\/wp-content\/uploads\/2025\/11\/WhatsApp-Image-2025-11-25-at-14.18.06-768x576.jpeg 768w, https:\/\/atecordoba.org\/wp-content\/uploads\/2025\/11\/WhatsApp-Image-2025-11-25-at-14.18.06-1536x1152.jpeg 1536w, https:\/\/atecordoba.org\/wp-content\/uploads\/2025\/11\/WhatsApp-Image-2025-11-25-at-14.18.06-750x563.jpeg 750w, https:\/\/atecordoba.org\/wp-content\/uploads\/2025\/11\/WhatsApp-Image-2025-11-25-at-14.18.06-1140x855.jpeg 1140w, https:\/\/atecordoba.org\/wp-content\/uploads\/2025\/11\/WhatsApp-Image-2025-11-25-at-14.18.06.jpeg 1600w\" sizes=\"auto, (max-width: 610px) 100vw, 610px\" \/>El pasado mi\u00e9rcoles 19 de noviembre ATE fue invitada a la Asamblea de Buen Vivir, que realiza el Cenma Maite Amaya en la Universidad Provincial de C\u00f3rdoba, para abordar y debatir el proyecto de Reforma Laboral.<\/p>\n<p>Estuvieron presentes la Secretaria de Genero y Diversidad Mar\u00eda Spaventa y la Secretaria de Acci\u00f3n Pol\u00edtica Alejandra Agnone.<\/p>\n<p>En un marco de fraternidad y solidaridad, las compa\u00f1eras pudieron exponer con estudiantes y docentes los fundamentos de ATE contra la iniciativa oficial que pretende rebajar las condiciones laborales y retrotraer la vida de los y las trabajadoras a principios del siglo XX.<img loading=\"lazy\" decoding=\"async\" class=\"aligncenter wp-image-51682 \" src=\"https:\/\/atecordoba.org\/wp-content\/uploads\/2025\/11\/WhatsApp-Image-2025-11-25-at-14.17.47-2-1024x768.jpeg\" alt=\"\" width=\"605\" height=\"454\" srcset=\"https:\/\/atecordoba.org\/wp-content\/uploads\/2025\/11\/WhatsApp-Image-2025-11-25-at-14.17.47-2-1024x768.jpeg 1024w, https:\/\/atecordoba.org\/wp-content\/uploads\/2025\/11\/WhatsApp-Image-2025-11-25-at-14.17.47-2-300x225.jpeg 300w, https:\/\/atecordoba.org\/wp-content\/uploads\/2025\/11\/WhatsApp-Image-2025-11-25-at-14.17.47-2-768x576.jpeg 768w, https:\/\/atecordoba.org\/wp-content\/uploads\/2025\/11\/WhatsApp-Image-2025-11-25-at-14.17.47-2-1536x1152.jpeg 1536w, https:\/\/atecordoba.org\/wp-content\/uploads\/2025\/11\/WhatsApp-Image-2025-11-25-at-14.17.47-2-750x563.jpeg 750w, https:\/\/atecordoba.org\/wp-content\/uploads\/2025\/11\/WhatsApp-Image-2025-11-25-at-14.17.47-2-1140x855.jpeg 1140w, https:\/\/atecordoba.org\/wp-content\/uploads\/2025\/11\/WhatsApp-Image-2025-11-25-at-14.17.47-2.jpeg 1600w\" sizes=\"auto, (max-width: 605px) 100vw, 605px\" \/><\/p>\n<p>En tal sentido, Agnone afirm\u00f3 que \u201cfue una significativa experiencia haber compartido el debate sobre la Reforma Laboral con la comunidad educativa del Cenma Maite Amaya, con un intercambio de vivencias e inquietudes que enriquecen nuestra militancia sindical en temas tan transversales como es la legislaci\u00f3n laboral\u201d.<\/p>\n<p>La secretaria de Acci\u00f3n Pol\u00edtica remarc\u00f3 que \u201cel encuentro\u00a0 nos permiti\u00f3 adem\u00e1s socializar nuestra problem\u00e1tica como trabajadores Estatales, y analizar el rol del Estado como garantista\u00a0 en la distribuci\u00f3n de las pol\u00edticas p\u00fablicas a la sociedad\u201d.<\/p>\n<p>\u201cEl proyecto de Reforma Laboral, no solamente intenta destruir una legislaci\u00f3n favorable a los derechos de les trabajadores y desconociendo nuestras Garant\u00edas Constitucionales a partir de los tratados Internacionales incorporados a nuestra Constituci\u00f3n Nacional, sino que adem\u00e1s viene a intentar tirar abajo las luchas que se vinieron dando tanto a Nivel internacional como local para llegar a gozar hoy de las normativas laborales a favor de la clase trabajadora\u201d, concluy\u00f3.<\/p>\n<p>A su turno, Mar\u00eda Spaventa dijo que \u201cla Reforma laboral que necesitamos es la que beneficie a l@s laburantes. L@s que hoy ya trabajan 12 horas, mal pagos y sin vacaciones ni aguinaldo, hay una gran franja de trabajador@s que est\u00e1n en la informalidad legal\u201d.<\/p>\n<p>De esta forma, ATE reafirma su compromiso con los derechos laborales, dando el debate p\u00fablico y aportando a la educaci\u00f3n como canal de formaci\u00f3n y reafirmaci\u00f3n de derechos para el conjunto de la comunidad.<\/p>\n<div id='gallery_1' class='gallery galleryid-51679 gallery-columns-3 gallery-size-thumbnail'><figure class='gallery-item'>\n                <div class='gallery-icon landscape'>\n                    <a href='https:\/\/atecordoba.org\/wp-content\/uploads\/2025\/11\/WhatsApp-Image-2025-11-25-at-14.17.47-1.jpeg'><img loading=\"lazy\" decoding=\"async\" width=\"150\" height=\"150\" src=\"\" class=\"attachment-thumbnail size-thumbnail lazyload\" alt=\"\" data-src=\"https:\/\/atecordoba.org\/wp-content\/uploads\/2025\/11\/WhatsApp-Image-2025-11-25-at-14.17.47-1-150x150.jpeg\" data-sizes=\"auto\" data-srcset=\"https:\/\/atecordoba.org\/wp-content\/uploads\/2025\/11\/WhatsApp-Image-2025-11-25-at-14.17.47-1-150x150.jpeg 150w, https:\/\/atecordoba.org\/wp-content\/uploads\/2025\/11\/WhatsApp-Image-2025-11-25-at-14.17.47-1-560x560.jpeg 560w, https:\/\/atecordoba.org\/wp-content\/uploads\/2025\/11\/WhatsApp-Image-2025-11-25-at-14.17.47-1-75x75.jpeg 75w, https:\/\/atecordoba.org\/wp-content\/uploads\/2025\/11\/WhatsApp-Image-2025-11-25-at-14.17.47-1-350x350.jpeg 350w\" data-expand=\"700\" \/><\/a>\n                <\/div><\/figure><figure class='gallery-item'>\n                <div class='gallery-icon landscape'>\n                    <a href='https:\/\/atecordoba.org\/wp-content\/uploads\/2025\/11\/WhatsApp-Image-2025-11-25-at-14.18.05.jpeg'><img loading=\"lazy\" decoding=\"async\" width=\"150\" height=\"150\" src=\"\" class=\"attachment-thumbnail size-thumbnail lazyload\" alt=\"\" data-src=\"https:\/\/atecordoba.org\/wp-content\/uploads\/2025\/11\/WhatsApp-Image-2025-11-25-at-14.18.05-150x150.jpeg\" data-sizes=\"auto\" data-srcset=\"https:\/\/atecordoba.org\/wp-content\/uploads\/2025\/11\/WhatsApp-Image-2025-11-25-at-14.18.05-150x150.jpeg 150w, https:\/\/atecordoba.org\/wp-content\/uploads\/2025\/11\/WhatsApp-Image-2025-11-25-at-14.18.05-75x75.jpeg 75w, https:\/\/atecordoba.org\/wp-content\/uploads\/2025\/11\/WhatsApp-Image-2025-11-25-at-14.18.05-350x350.jpeg 350w\" data-expand=\"700\" \/><\/a>\n                <\/div><\/figure><figure class='gallery-item'>\n                <div class='gallery-icon landscape'>\n                    <a href='https:\/\/atecordoba.org\/wp-content\/uploads\/2025\/11\/WhatsApp-Image-2025-11-25-at-14.17.47.jpeg'><img loading=\"lazy\" decoding=\"async\" width=\"150\" height=\"150\" src=\"\" class=\"attachment-thumbnail size-thumbnail lazyload\" alt=\"\" data-src=\"https:\/\/atecordoba.org\/wp-content\/uploads\/2025\/11\/WhatsApp-Image-2025-11-25-at-14.17.47-150x150.jpeg\" data-sizes=\"auto\" data-srcset=\"https:\/\/atecordoba.org\/wp-content\/uploads\/2025\/11\/WhatsApp-Image-2025-11-25-at-14.17.47-150x150.jpeg 150w, https:\/\/atecordoba.org\/wp-content\/uploads\/2025\/11\/WhatsApp-Image-2025-11-25-at-14.17.47-560x560.jpeg 560w, https:\/\/atecordoba.org\/wp-content\/uploads\/2025\/11\/WhatsApp-Image-2025-11-25-at-14.17.47-75x75.jpeg 75w, https:\/\/atecordoba.org\/wp-content\/uploads\/2025\/11\/WhatsApp-Image-2025-11-25-at-14.17.47-350x350.jpeg 350w\" data-expand=\"700\" \/><\/a>\n                <\/div><\/figure><br style=\"clear: both\" \/>\n            <\/div>\n\n","protected":false},"excerpt":{"rendered":"<p>El pasado mi\u00e9rcoles 19 de noviembre ATE fue invitada a la Asamblea de Buen Vivir, que realiza el Cenma Maite Amaya en la Universidad Provincial de C\u00f3rdoba, para abordar y debatir el proyecto de Reforma Laboral. Estuvieron presentes la Secretaria de Genero y Diversidad Mar\u00eda Spaventa y la Secretaria de Acci\u00f3n Pol\u00edtica Alejandra Agnone. En [&hellip;]<\/p>\n","protected":false},"author":7,"featured_media":51680,"comment_status":"open","ping_status":"open","sticky":false,"template":"","format":"standard","meta":{"_exactmetrics_skip_tracking":false,"_exactmetrics_sitenote_active":false,"_exactmetrics_sitenote_note":"","_exactmetrics_sitenote_category":0,"jnews-multi-image_gallery":[],"jnews_single_post":{"format":"standard","override":[{"template":"1","parallax":"1","fullscreen":"1","layout":"no-sidebar-narrow","sidebar":"default-sidebar","second_sidebar":"default-sidebar","sticky_sidebar":"1","share_position":"bottom","share_float_style":"share-monocrhome","show_share_counter":"1","show_view_counter":"1","show_post_meta":"1","show_post_author_image":"1","show_post_date":"1","post_date_format":"default","post_date_format_custom":"Y\/m\/d","show_post_category":"1","show_post_reading_time":"0","post_reading_time_wpm":"300","post_calculate_word_method":"str_word_count","show_zoom_button":"0","zoom_button_out_step":"2","zoom_button_in_step":"3","show_post_tag":"1","number_popup_post":"1","show_post_related":"1","show_inline_post_related":"0"}],"image_override":[{"single_post_thumbnail_size":"crop-500","single_post_gallery_size":"crop-500"}],"trending_post_position":"meta","trending_post_label":"Trending","sponsored_post_label":"Sponsored by","disable_ad":"0"},"jnews_primary_category":[],"jnews_social_meta":[],"jnews_review":[],"enable_review":"","type":"percentage","name":"","summary":"","brand":"","sku":"","good":[],"bad":[],"score_override":"","override_value":"","rating":[],"price":[],"jnews_override_counter":{"view_counter_number":"0","share_counter_number":"0","like_counter_number":"0","dislike_counter_number":"0"},"jnews_post_split":{"post_split":[{"template":"1","tag":"h2","numbering":"asc","mode":"normal","first":"0","enable_toc":"0","toc_type":"normal"}]},"footnotes":""},"categories":[10],"tags":[],"class_list":["post-51679","post","type-post","status-publish","format-standard","has-post-thumbnail","hentry","category-accion-politica"],"jetpack_featured_media_url":"https:\/\/atecordoba.org\/wp-content\/uploads\/2025\/11\/WhatsApp-Image-2025-11-25-at-14.18.06.jpeg","_links":{"self":[{"href":"https:\/\/atecordoba.org\/index.php?rest_route=\/wp\/v2\/posts\/51679","targetHints":{"allow":["GET"]}}],"collection":[{"href":"https:\/\/atecordoba.org\/index.php?rest_route=\/wp\/v2\/posts"}],"about":[{"href":"https:\/\/atecordoba.org\/index.php?rest_route=\/wp\/v2\/types\/post"}],"author":[{"embeddable":true,"href":"https:\/\/atecordoba.org\/index.php?rest_route=\/wp\/v2\/users\/7"}],"replies":[{"embeddable":true,"href":"https:\/\/atecordoba.org\/index.php?rest_route=%2Fwp%2Fv2%2Fcomments&post=51679"}],"version-history":[{"count":3,"href":"https:\/\/atecordoba.org\/index.php?rest_route=\/wp\/v2\/posts\/51679\/revisions"}],"predecessor-version":[{"id":51687,"href":"https:\/\/atecordoba.org\/index.php?rest_route=\/wp\/v2\/posts\/51679\/revisions\/51687"}],"wp:featuredmedia":[{"embeddable":true,"href":"https:\/\/atecordoba.org\/index.php?rest_route=\/wp\/v2\/media\/51680"}],"wp:attachment":[{"href":"https:\/\/atecordoba.org\/index.php?rest_route=%2Fwp%2Fv2%2Fmedia&parent=51679"}],"wp:term":[{"taxonomy":"category","embeddable":true,"href":"https:\/\/atecordoba.org\/index.php?rest_route=%2Fwp%2Fv2%2Fcategories&post=51679"},{"taxonomy":"post_tag","embeddable":true,"href":"https:\/\/atecordoba.org\/index.php?rest_route=%2Fwp%2Fv2%2Ftags&post=51679"}],"curies":[{"name":"wp","href":"https:\/\/api.w.org\/{rel}","templated":true}]}}