{"id":51674,"date":"2025-11-25T13:48:37","date_gmt":"2025-11-25T16:48:37","guid":{"rendered":"https:\/\/atecordoba.org\/?p=51674"},"modified":"2025-11-25T13:49:28","modified_gmt":"2025-11-25T16:49:28","slug":"ate-logra-el-compromiso-del-gobierno-en-conae-no-mas-despidos-renovacion-de-todos-los-contratos-y-se-destraban-partidas-presupuestarias-para-proyectos-criticos","status":"publish","type":"post","link":"https:\/\/atecordoba.org\/?p=51674","title":{"rendered":"ATE logra el compromiso del gobierno en CONAE: no m\u00e1s despidos, renovaci\u00f3n de todos los contratos y se destraban partidas presupuestarias para proyectos cr\u00edticos"},"content":{"rendered":"<p><img loading=\"lazy\" decoding=\"async\" class=\"aligncenter wp-image-51675 size-full\" src=\"https:\/\/atecordoba.org\/wp-content\/uploads\/2025\/11\/flyer-conae.png\" alt=\"\" width=\"473\" height=\"598\" srcset=\"https:\/\/atecordoba.org\/wp-content\/uploads\/2025\/11\/flyer-conae.png 473w, https:\/\/atecordoba.org\/wp-content\/uploads\/2025\/11\/flyer-conae-237x300.png 237w\" sizes=\"auto, (max-width: 473px) 100vw, 473px\" \/>En una reuni\u00f3n mantenida, en C\u00f3rdoba, el pasado 20 de noviembre con el nuevo representante del gobierno en la CONAE, H\u00e9ctor Griffini, quien ser\u00eda designado Gerente de Administraci\u00f3n y RR.HH., ATE logr\u00f3 una serie de compromisos en relaci\u00f3n al funcionamiento de la comisi\u00f3n Nacional de Actividades Espaciales, para garantizar la continuidad del organismo.<\/p>\n<p>Seg\u00fan comunicaron los compa\u00f1eros y compa\u00f1eras de ATE CONAE, los puntos salientes del compromiso oficial son:<\/p>\n<p>* No habr\u00e1 despidos.<\/p>\n<p>* Se renuevan todos los contratos vigentes.<\/p>\n<p>* Se abre una mesa formal para trabajar sobre la modalidad de trabajo.<\/p>\n<p>* Se analizar\u00e1 un bono de fin de a\u00f1o.<\/p>\n<p>* Se destraban partidas presupuestarias para proyectos cr\u00edticos, entre ellos SABIA-Mar y Segmento Terreno.<\/p>\n<p>Adem\u00e1s, en el transcurso de esta semana se retomar\u00e1n los ejes vinculados a organizaci\u00f3n del trabajo, previsibilidad y funcionamiento institucional.<\/p>\n<p>Estos avances son resultado del compromiso y la organizaci\u00f3n colectiva de las trabajadoras y los trabajadores, que sostienen la misi\u00f3n cient\u00edfico-tecnol\u00f3gica de la CONAE.<\/p>\n<p>Vale mencionar que la Asamblea de ATE CONAE del mi\u00e9rcoles 19\/11 defini\u00f3 un conjunto de reclamos prioritarios ante la p\u00e9rdida salarial, la incertidumbre presupuestaria y la necesidad de resguardar la estabilidad del personal y la continuidad de los proyectos estrat\u00e9gicos del organismo.<\/p>\n<p>ATE CONAE \u2013 Por estabilidad, condiciones laborales adecuadas y presupuesto para los proyectos institucionales.\u00a0Nuestra fuerza est\u00e1 en lo colectivo.<\/p>\n<p>Afilate a ATE. Participar es defender nuestro lugar de trabajo<\/p>\n<p>@ate.veng @ate.conae<\/p>\n<p>@atenacional @atecapitalok @atecdpcba<\/p>\n","protected":false},"excerpt":{"rendered":"<p>En una reuni\u00f3n mantenida, en C\u00f3rdoba, el pasado 20 de noviembre con el nuevo representante del gobierno en la CONAE, H\u00e9ctor Griffini, quien ser\u00eda designado Gerente de Administraci\u00f3n y RR.HH., ATE logr\u00f3 una serie de compromisos en relaci\u00f3n al funcionamiento de la comisi\u00f3n Nacional de Actividades Espaciales, para garantizar la continuidad del organismo. Seg\u00fan comunicaron [&hellip;]<\/p>\n","protected":false},"author":7,"featured_media":51676,"comment_status":"open","ping_status":"open","sticky":false,"template":"","format":"standard","meta":{"_exactmetrics_skip_tracking":false,"_exactmetrics_sitenote_active":false,"_exactmetrics_sitenote_note":"","_exactmetrics_sitenote_category":0,"jnews-multi-image_gallery":[],"jnews_single_post":{"format":"standard","override":[{"template":"1","parallax":"1","fullscreen":"1","layout":"no-sidebar-narrow","sidebar":"default-sidebar","second_sidebar":"default-sidebar","sticky_sidebar":"1","share_position":"bottom","share_float_style":"share-monocrhome","show_share_counter":"1","show_view_counter":"1","show_post_meta":"1","show_post_author_image":"1","show_post_date":"1","post_date_format":"default","post_date_format_custom":"Y\/m\/d","show_post_category":"1","show_post_reading_time":"0","post_reading_time_wpm":"300","post_calculate_word_method":"str_word_count","show_zoom_button":"0","zoom_button_out_step":"2","zoom_button_in_step":"3","show_post_tag":"1","number_popup_post":"1","show_post_related":"1","show_inline_post_related":"0"}],"image_override":[{"single_post_thumbnail_size":"crop-500","single_post_gallery_size":"crop-500"}],"trending_post_position":"meta","trending_post_label":"Trending","sponsored_post_label":"Sponsored by","disable_ad":"0"},"jnews_primary_category":[],"jnews_social_meta":[],"jnews_review":[],"enable_review":"","type":"percentage","name":"","summary":"","brand":"","sku":"","good":[],"bad":[],"score_override":"","override_value":"","rating":[],"price":[],"jnews_override_counter":{"view_counter_number":"0","share_counter_number":"0","like_counter_number":"0","dislike_counter_number":"0"},"jnews_post_split":{"post_split":[{"template":"1","tag":"h2","numbering":"asc","mode":"normal","first":"0","enable_toc":"0","toc_type":"normal"}]},"footnotes":""},"categories":[18],"tags":[],"class_list":["post-51674","post","type-post","status-publish","format-standard","has-post-thumbnail","hentry","category-nacionales"],"jetpack_featured_media_url":"https:\/\/atecordoba.org\/wp-content\/uploads\/2025\/11\/ate-conae-2.jpg","_links":{"self":[{"href":"https:\/\/atecordoba.org\/index.php?rest_route=\/wp\/v2\/posts\/51674","targetHints":{"allow":["GET"]}}],"collection":[{"href":"https:\/\/atecordoba.org\/index.php?rest_route=\/wp\/v2\/posts"}],"about":[{"href":"https:\/\/atecordoba.org\/index.php?rest_route=\/wp\/v2\/types\/post"}],"author":[{"embeddable":true,"href":"https:\/\/atecordoba.org\/index.php?rest_route=\/wp\/v2\/users\/7"}],"replies":[{"embeddable":true,"href":"https:\/\/atecordoba.org\/index.php?rest_route=%2Fwp%2Fv2%2Fcomments&post=51674"}],"version-history":[{"count":2,"href":"https:\/\/atecordoba.org\/index.php?rest_route=\/wp\/v2\/posts\/51674\/revisions"}],"predecessor-version":[{"id":51678,"href":"https:\/\/atecordoba.org\/index.php?rest_route=\/wp\/v2\/posts\/51674\/revisions\/51678"}],"wp:featuredmedia":[{"embeddable":true,"href":"https:\/\/atecordoba.org\/index.php?rest_route=\/wp\/v2\/media\/51676"}],"wp:attachment":[{"href":"https:\/\/atecordoba.org\/index.php?rest_route=%2Fwp%2Fv2%2Fmedia&parent=51674"}],"wp:term":[{"taxonomy":"category","embeddable":true,"href":"https:\/\/atecordoba.org\/index.php?rest_route=%2Fwp%2Fv2%2Fcategories&post=51674"},{"taxonomy":"post_tag","embeddable":true,"href":"https:\/\/atecordoba.org\/index.php?rest_route=%2Fwp%2Fv2%2Ftags&post=51674"}],"curies":[{"name":"wp","href":"https:\/\/api.w.org\/{rel}","templated":true}]}}