{"id":51669,"date":"2025-11-25T12:29:54","date_gmt":"2025-11-25T15:29:54","guid":{"rendered":"https:\/\/atecordoba.org\/?p=51669"},"modified":"2025-11-25T12:29:54","modified_gmt":"2025-11-25T15:29:54","slug":"cura-brochero-avanza-la-paritaria-y-ate-logra-aumentos-de-items-refrigerio-puntualidad-y-asistencia","status":"publish","type":"post","link":"https:\/\/atecordoba.org\/?p=51669","title":{"rendered":"Cura Brochero: avanza la paritaria y ATE logra aumentos de items refrigerio, puntualidad y asistencia"},"content":{"rendered":"<p><img loading=\"lazy\" decoding=\"async\" class=\"aligncenter wp-image-51670 size-large\" src=\"https:\/\/atecordoba.org\/wp-content\/uploads\/2025\/11\/WhatsApp-Image-2025-11-25-at-10.56.46-576x1024.jpeg\" alt=\"\" width=\"576\" height=\"1024\" srcset=\"https:\/\/atecordoba.org\/wp-content\/uploads\/2025\/11\/WhatsApp-Image-2025-11-25-at-10.56.46-576x1024.jpeg 576w, https:\/\/atecordoba.org\/wp-content\/uploads\/2025\/11\/WhatsApp-Image-2025-11-25-at-10.56.46-169x300.jpeg 169w, https:\/\/atecordoba.org\/wp-content\/uploads\/2025\/11\/WhatsApp-Image-2025-11-25-at-10.56.46-768x1365.jpeg 768w, https:\/\/atecordoba.org\/wp-content\/uploads\/2025\/11\/WhatsApp-Image-2025-11-25-at-10.56.46-864x1536.jpeg 864w, https:\/\/atecordoba.org\/wp-content\/uploads\/2025\/11\/WhatsApp-Image-2025-11-25-at-10.56.46-1153x2048.jpeg 1153w, https:\/\/atecordoba.org\/wp-content\/uploads\/2025\/11\/WhatsApp-Image-2025-11-25-at-10.56.46-750x1333.jpeg 750w, https:\/\/atecordoba.org\/wp-content\/uploads\/2025\/11\/WhatsApp-Image-2025-11-25-at-10.56.46-1140x2026.jpeg 1140w, https:\/\/atecordoba.org\/wp-content\/uploads\/2025\/11\/WhatsApp-Image-2025-11-25-at-10.56.46-scaled.jpeg 1441w\" sizes=\"auto, (max-width: 576px) 100vw, 576px\" \/>ATE logr\u00f3 hoy mejoras sustanciales en \u00edtems salariales en el marco de la negociaci\u00f3n paritaria en Villa Cura Brochero. La audiencia se desarroll\u00f3 con la participaci\u00f3n del secretario General de la Gesti\u00f3n municipal, Gerardo Cuello, en tanto nuestro gremio cont\u00f3 con una delegaci\u00f3n integrada por los delegados Gustavo Cohen y Jos\u00e9 Tapia, junto a la referente de ATE Traslasierra, Claudia Ortega.<\/p>\n<p>El acuerdo significa un aumento para el mes de noviembre de 15% en el \u00edtem Puntualidad, 15% en Asistencia y 5% en Refrigerio.<\/p>\n<p>Asimismo, ATE plante\u00f3 que la Municipalidad efectivice el pago de un Bono Navide\u00f1o de 100 mil pesos y la entrega de la Caja Navide\u00f1a para todo el personal. El Departamento Ejecutivo se comprometi\u00f3 a dar una respuesta en la pr\u00f3xima audiencia, que se fij\u00f3 para el 9 de diciembre pr\u00f3ximo.<\/p>\n<p>Al mismo tiempo, el Ejecutivo verificar\u00e1 el estado del tratamiento en el Concejo Deliberante de los proyectos de ATE de Licencias por Violencia Familiar y de G\u00e9nero, as\u00ed como de Licencia Sanitaria.<\/p>\n<p>Finalmente, la Municipalidad inform\u00f3 que har\u00e1 entrega de la muda de ropa de verano, posiblemente antes de las fiestas, en funci\u00f3n de avance de la confecci\u00f3n de los uniformes encargados.<\/p>\n<p>De esta manera, ATE contin\u00faa defendiendo los derechos de las y los municipales del Valle de Traslasierra.<\/p>\n<p>&nbsp;<\/p>\n","protected":false},"excerpt":{"rendered":"<p>ATE logr\u00f3 hoy mejoras sustanciales en \u00edtems salariales en el marco de la negociaci\u00f3n paritaria en Villa Cura Brochero. La audiencia se desarroll\u00f3 con la participaci\u00f3n del secretario General de la Gesti\u00f3n municipal, Gerardo Cuello, en tanto nuestro gremio cont\u00f3 con una delegaci\u00f3n integrada por los delegados Gustavo Cohen y Jos\u00e9 Tapia, junto a la [&hellip;]<\/p>\n","protected":false},"author":7,"featured_media":51671,"comment_status":"open","ping_status":"open","sticky":false,"template":"","format":"standard","meta":{"_exactmetrics_skip_tracking":false,"_exactmetrics_sitenote_active":false,"_exactmetrics_sitenote_note":"","_exactmetrics_sitenote_category":0,"jnews-multi-image_gallery":[],"jnews_single_post":[],"jnews_primary_category":[],"jnews_social_meta":[],"jnews_review":[],"enable_review":"","type":"","name":"","summary":"","brand":"","sku":"","good":[],"bad":[],"score_override":"","override_value":"","rating":[],"price":[],"jnews_override_counter":[],"jnews_post_split":[],"footnotes":""},"categories":[20],"tags":[],"class_list":["post-51669","post","type-post","status-publish","format-standard","has-post-thumbnail","hentry","category-municipales"],"jetpack_featured_media_url":"https:\/\/atecordoba.org\/wp-content\/uploads\/2025\/11\/WhatsApp-Image-2025-11-25-at-10.56.46-1.jpeg","_links":{"self":[{"href":"https:\/\/atecordoba.org\/index.php?rest_route=\/wp\/v2\/posts\/51669","targetHints":{"allow":["GET"]}}],"collection":[{"href":"https:\/\/atecordoba.org\/index.php?rest_route=\/wp\/v2\/posts"}],"about":[{"href":"https:\/\/atecordoba.org\/index.php?rest_route=\/wp\/v2\/types\/post"}],"author":[{"embeddable":true,"href":"https:\/\/atecordoba.org\/index.php?rest_route=\/wp\/v2\/users\/7"}],"replies":[{"embeddable":true,"href":"https:\/\/atecordoba.org\/index.php?rest_route=%2Fwp%2Fv2%2Fcomments&post=51669"}],"version-history":[{"count":1,"href":"https:\/\/atecordoba.org\/index.php?rest_route=\/wp\/v2\/posts\/51669\/revisions"}],"predecessor-version":[{"id":51672,"href":"https:\/\/atecordoba.org\/index.php?rest_route=\/wp\/v2\/posts\/51669\/revisions\/51672"}],"wp:featuredmedia":[{"embeddable":true,"href":"https:\/\/atecordoba.org\/index.php?rest_route=\/wp\/v2\/media\/51671"}],"wp:attachment":[{"href":"https:\/\/atecordoba.org\/index.php?rest_route=%2Fwp%2Fv2%2Fmedia&parent=51669"}],"wp:term":[{"taxonomy":"category","embeddable":true,"href":"https:\/\/atecordoba.org\/index.php?rest_route=%2Fwp%2Fv2%2Fcategories&post=51669"},{"taxonomy":"post_tag","embeddable":true,"href":"https:\/\/atecordoba.org\/index.php?rest_route=%2Fwp%2Fv2%2Ftags&post=51669"}],"curies":[{"name":"wp","href":"https:\/\/api.w.org\/{rel}","templated":true}]}}