{"id":51665,"date":"2025-11-25T11:03:39","date_gmt":"2025-11-25T14:03:39","guid":{"rendered":"https:\/\/atecordoba.org\/?p=51665"},"modified":"2025-11-25T11:03:39","modified_gmt":"2025-11-25T14:03:39","slug":"giuliani-en-argentina-se-vive-una-catastrofe-social","status":"publish","type":"post","link":"https:\/\/atecordoba.org\/?p=51665","title":{"rendered":"Giuliani: \u201cEn Argentina se vive una cat\u00e1strofe social\u201d"},"content":{"rendered":"<p><img loading=\"lazy\" decoding=\"async\" class=\"aligncenter wp-image-51666 \" src=\"https:\/\/atecordoba.org\/wp-content\/uploads\/2025\/11\/fede-vasco-1024x717.webp\" alt=\"\" width=\"627\" height=\"439\" srcset=\"https:\/\/atecordoba.org\/wp-content\/uploads\/2025\/11\/fede-vasco-1024x717.webp 1024w, https:\/\/atecordoba.org\/wp-content\/uploads\/2025\/11\/fede-vasco-300x210.webp 300w, https:\/\/atecordoba.org\/wp-content\/uploads\/2025\/11\/fede-vasco-768x538.webp 768w, https:\/\/atecordoba.org\/wp-content\/uploads\/2025\/11\/fede-vasco-750x525.webp 750w, https:\/\/atecordoba.org\/wp-content\/uploads\/2025\/11\/fede-vasco-1140x798.webp 1140w, https:\/\/atecordoba.org\/wp-content\/uploads\/2025\/11\/fede-vasco.webp 1200w\" sizes=\"auto, (max-width: 627px) 100vw, 627px\" \/>Las persecuci\u00f3n judicial contra los dirigentes sociales y sindicales, que viene siendo una muestra de marca del cordobesismo los \u00faltimos dos a\u00f1os, tiene en el secretario General de ATE C\u00f3rdoba y la CTAA Provincia, Federico Giuliani, uno de sus objetivos declarados. Focalizado en judicializar la protesta social el Gobierno de C\u00f3rdoba utiliza al fiscal provincial Ernesto De Arag\u00f3n como ariete de la criminalizaci\u00f3n de las y los dirigentes que planta cara al brutal ajuste.<\/p>\n<p>En ese marco, Giuliani viaj\u00f3 a Euskadi donde recibi\u00f3 la solidaridad y el apoyo de centrales sindicales y organizaciones humanitarias. En una entrevista concedida al diario El Correo Vasco, el dirigente estatal resalt\u00f3 la penurias judiciales que le toc\u00f3 atravesar.<\/p>\n<p><strong>El relato<\/strong><\/p>\n<p>El diario relat\u00f3 que \u201cel acoso judicial y pol\u00edtico ha llevado a Federico Giuliani desde la C\u00f3rdoba argentina a la capital vizca\u00edna. Explica que, en los dos \u00faltimos a\u00f1os, la Justicia le ha imputado siete cargos, le han requisado cuatro tel\u00e9fonos m\u00f3viles y han allanado su vivienda y oficina. El \u00faltimo incidente precipit\u00f3 su decisi\u00f3n\u201d.<\/p>\n<p>\u201cEl pasado 28 de agosto hubo una movilizaci\u00f3n pac\u00edfica de comedores populares para exigir alimentos y fui esposado durante veinticuatro horas a una cama y cinco d\u00edas en una celda. Eso est\u00e1 prohibido por ley\u201d. Tras pagar una fianza de 8.000 d\u00f3lares (6.890 euros), lleg\u00f3 hasta Martin Etxea, entidad que acoge a defensores de derechos humanos en sus pa\u00edses de origen.<\/p>\n<p>Las presuntamente boyantes cifras macroecon\u00f3micas del pa\u00eds austral esconden una realidad social devastadora. El 49,9% de la poblaci\u00f3n vive bajo el umbral de la pobreza y el 12,3% subsiste en la indigencia, seg\u00fan estudios de la Universidad Cat\u00f3lica Argentina. \u201cEn un territorio que exporta alimentos a 400 millones de personas, la mitad no tiene para comer\u201d, se\u00f1ala y explica que para sobrevivir hay que tener dos o tres trabajo.<\/p>\n<p>Esa condici\u00f3n de m\u00edsera ya estructural explica, a su juicio, la llegada al poder de Javier Milei. \u201cNo hay pasado, hurac\u00e1n o fen\u00f3meno natural que explique esta precarizaci\u00f3n, sino que es fruto de la inmoralidad sistem\u00e1tica\u201d, aduce y lamenta que la producci\u00f3n carece de una cadena de valor a\u00f1adido. \u201cS\u00f3lo hay exportaci\u00f3n de cereales, carne y conocimientos, porque asistimos a un exilio masivo de profesionales y cient\u00edficos, mientras que las empresas agrarias se hallan en manos de norteamericanos y europeos\u201d.<\/p>\n<p><strong>Crisis<\/strong><\/p>\n<p>Las medidas del Gobierno han profundizado la crisis. \u201cEn Argentina se vive una cat\u00e1strofe social\u201d, advierte y, a ese respecto, menciona el despido de 55.000 empleados p\u00fablicos, la tercera parte del total. Su condici\u00f3n de Secretario General de la Asociaci\u00f3n Trabajadores del Estado (ATE) en C\u00f3rdoba, la segunda del pa\u00eds, y de la CTA Aut\u00f3noma de esa provincia, fundamenta, a su juicio, la persecuci\u00f3n que sufre. \u201cCuatro de cada diez compatriotas trabajan en negro y el resto ha experimentado una degradaci\u00f3n en sus condiciones\u201d, apunta. \u201cEl salario en la Administraci\u00f3n ha perdido el 40% de su poder adquisitivo y los afectados buscan soluciones en el sector privado\u201d.<\/p>\n<p>La Reforma Laboral propuesta por Milei constituye otra amenaza. \u201cVa en contra de las tendencias mundiales\u201d, indica y, entre otros puntos, alude a su pretensi\u00f3n de aumentar el horario de trabajo hasta las 12 horas diarias, la supresi\u00f3n de los convenios colectivos, regular las vacaciones a conveniencia del jefe o indemnizaciones abonadas en cuotas. Adem\u00e1s, a este proyecto se suma otra Tributaria que beneficia a las clases altas.<\/p>\n<p>La desintegraci\u00f3n nacional explica, seg\u00fan Giuliani, las graves circunstancias de su pa\u00eds. El sindicalista afirma que la progresiva descentralizaci\u00f3n, impulsada desde la dictadura, ha generado la creaci\u00f3n de feudos provinciales donde los gobernadores han creado verdaderos reg\u00edmenes autoritarios, algunos con m\u00e1s de veinte a\u00f1os de mandato\u201d.<\/p>\n<p><strong>La amenaza de Trump<\/strong><\/p>\n<p>El pueblo descre\u00eddo ha dado su aceptaci\u00f3n a un pol\u00edtico que se vend\u00eda como la \u00fanica soluci\u00f3n posible. \u201cEl fascismo gobierna con el voto por el miedo, porque Trump dijo que si no le votaban, el pa\u00eds carecer\u00eda de pr\u00e9stamos y saltar\u00eda por los aires\u201d, defiende, aunque asegura que las recientes elecciones tan s\u00f3lo contaron con poco m\u00e1s del 60% de participaci\u00f3n, cifra excepcionalmente baja para los bar\u00f3metros locales. \u201cFalta autocr\u00edtica de los peronistas, que recurrieron a los candidatos los llevaron al fracaso\u201d.<\/p>\n<p>La resistencia que propugna Giuliani ha de enfrentarse a la criminalizaci\u00f3n de la protesta y los elementos parapoliciales, las patotas, junto a v\u00ednculos con tr\u00e1fico de drogas, \u201ctal como se prob\u00f3 en la relaci\u00f3n de Jos\u00e9 Luis Espert en Buenos Aires, con un empresario relacionado con el narcotr\u00e1fico\u201d.<\/p>\n<p>La lucha pol\u00edtica es un legado familiar. Giuliani es hijo de un disidente que, durante los a\u00f1os de la Junta Militar, permaneci\u00f3 ocho a\u00f1os en prisi\u00f3n, a m\u00e1s de 2.500 kil\u00f3metros de su residencia. \u201cComo \u00e9l, yo tambi\u00e9n fui internado en una c\u00e1rcel de m\u00e1xima seguridad\u201d, recuerda. \u201cMi organizaci\u00f3n amenaz\u00f3 con una huelga y ahora me encuentro en libertad condicional\u201d.<\/p>\n<p>El sindicalista quiere visibilizar lo que sucede en la Argentina. Como en otras causas, Martin Etxea llevar\u00e1 a cabo un acompa\u00f1amiento. El acogido reconoce que la lucha de los suyos carece de uni\u00f3n y rostros visibles, pero que, de cualquier manera, han de seguir adelante. \u201cHemos denunciado al fiscal, la c\u00fapula policial y el Ministro de Seguridad de C\u00f3rdoba\u201d, se\u00f1ala y sostiene: \u201cDebemos pasar a la ofensiva contra este Gobierno\u201d.<\/p>\n","protected":false},"excerpt":{"rendered":"<p>Las persecuci\u00f3n judicial contra los dirigentes sociales y sindicales, que viene siendo una muestra de marca del cordobesismo los \u00faltimos dos a\u00f1os, tiene en el secretario General de ATE C\u00f3rdoba y la CTAA Provincia, Federico Giuliani, uno de sus objetivos declarados. Focalizado en judicializar la protesta social el Gobierno de C\u00f3rdoba utiliza al fiscal provincial [&hellip;]<\/p>\n","protected":false},"author":7,"featured_media":51666,"comment_status":"open","ping_status":"open","sticky":false,"template":"","format":"standard","meta":{"_exactmetrics_skip_tracking":false,"_exactmetrics_sitenote_active":false,"_exactmetrics_sitenote_note":"","_exactmetrics_sitenote_category":0,"jnews-multi-image_gallery":[],"jnews_single_post":[],"jnews_primary_category":[],"jnews_social_meta":[],"jnews_review":[],"enable_review":"","type":"","name":"","summary":"","brand":"","sku":"","good":[],"bad":[],"score_override":"","override_value":"","rating":[],"price":[],"jnews_override_counter":[],"jnews_post_split":[],"footnotes":""},"categories":[10],"tags":[],"class_list":["post-51665","post","type-post","status-publish","format-standard","has-post-thumbnail","hentry","category-accion-politica"],"jetpack_featured_media_url":"https:\/\/atecordoba.org\/wp-content\/uploads\/2025\/11\/fede-vasco.webp","_links":{"self":[{"href":"https:\/\/atecordoba.org\/index.php?rest_route=\/wp\/v2\/posts\/51665","targetHints":{"allow":["GET"]}}],"collection":[{"href":"https:\/\/atecordoba.org\/index.php?rest_route=\/wp\/v2\/posts"}],"about":[{"href":"https:\/\/atecordoba.org\/index.php?rest_route=\/wp\/v2\/types\/post"}],"author":[{"embeddable":true,"href":"https:\/\/atecordoba.org\/index.php?rest_route=\/wp\/v2\/users\/7"}],"replies":[{"embeddable":true,"href":"https:\/\/atecordoba.org\/index.php?rest_route=%2Fwp%2Fv2%2Fcomments&post=51665"}],"version-history":[{"count":1,"href":"https:\/\/atecordoba.org\/index.php?rest_route=\/wp\/v2\/posts\/51665\/revisions"}],"predecessor-version":[{"id":51667,"href":"https:\/\/atecordoba.org\/index.php?rest_route=\/wp\/v2\/posts\/51665\/revisions\/51667"}],"wp:featuredmedia":[{"embeddable":true,"href":"https:\/\/atecordoba.org\/index.php?rest_route=\/wp\/v2\/media\/51666"}],"wp:attachment":[{"href":"https:\/\/atecordoba.org\/index.php?rest_route=%2Fwp%2Fv2%2Fmedia&parent=51665"}],"wp:term":[{"taxonomy":"category","embeddable":true,"href":"https:\/\/atecordoba.org\/index.php?rest_route=%2Fwp%2Fv2%2Fcategories&post=51665"},{"taxonomy":"post_tag","embeddable":true,"href":"https:\/\/atecordoba.org\/index.php?rest_route=%2Fwp%2Fv2%2Ftags&post=51665"}],"curies":[{"name":"wp","href":"https:\/\/api.w.org\/{rel}","templated":true}]}}