{"id":51655,"date":"2025-11-20T14:55:56","date_gmt":"2025-11-20T17:55:56","guid":{"rendered":"https:\/\/atecordoba.org\/?p=51655"},"modified":"2025-11-20T16:37:16","modified_gmt":"2025-11-20T19:37:16","slug":"salsacate-mientras-el-ejecutivo-no-se-presento-a-la-mesa-salarial-ate-solicito-30-de-aumento-para-todo-el-personal","status":"publish","type":"post","link":"https:\/\/atecordoba.org\/?p=51655","title":{"rendered":"Salsacate: mientras el Ejecutivo no se present\u00f3 a la mesa salarial ATE solicit\u00f3 30% de aumento para todo el personal"},"content":{"rendered":"<figure id=\"attachment_51657\" aria-describedby=\"caption-attachment-51657\" style=\"width: 607px\" class=\"wp-caption aligncenter\"><img loading=\"lazy\" decoding=\"async\" class=\"wp-image-51657\" src=\"https:\/\/atecordoba.org\/wp-content\/uploads\/2025\/11\/WhatsApp-Image-2025-10-23-at-11.56.21-1-1024x574.jpeg\" alt=\"\" width=\"607\" height=\"340\" srcset=\"https:\/\/atecordoba.org\/wp-content\/uploads\/2025\/11\/WhatsApp-Image-2025-10-23-at-11.56.21-1-1024x574.jpeg 1024w, https:\/\/atecordoba.org\/wp-content\/uploads\/2025\/11\/WhatsApp-Image-2025-10-23-at-11.56.21-1-300x168.jpeg 300w, https:\/\/atecordoba.org\/wp-content\/uploads\/2025\/11\/WhatsApp-Image-2025-10-23-at-11.56.21-1-768x430.jpeg 768w, https:\/\/atecordoba.org\/wp-content\/uploads\/2025\/11\/WhatsApp-Image-2025-10-23-at-11.56.21-1-750x420.jpeg 750w, https:\/\/atecordoba.org\/wp-content\/uploads\/2025\/11\/WhatsApp-Image-2025-10-23-at-11.56.21-1-1140x639.jpeg 1140w, https:\/\/atecordoba.org\/wp-content\/uploads\/2025\/11\/WhatsApp-Image-2025-10-23-at-11.56.21-1.jpeg 1192w\" sizes=\"auto, (max-width: 607px) 100vw, 607px\" \/><figcaption id=\"caption-attachment-51657\" class=\"wp-caption-text\">Archivo.<\/figcaption><\/figure>\n<p>ATE present\u00f3 hoy una propuesta de recomposici\u00f3n salarial en la Municipalidad de Salsacate del 30% de aumento para el bimestre noviembre-diciembre en l\u00ednea a los reclamos que el personal viene realizando hace meses. La presentaci\u00f3n se realiz\u00f3 en el marco de una audiencia acordada con el Departamento Ejecutivo, que la propia intendenta Karina Figueroa incumpli\u00f3 al no presentarse, asi como ninguno de sus funcionarios.<\/p>\n<p>De esta manera, ATE present\u00f3 una nota con la grilla de reclamos gremiales que, adem\u00e1s de lo salarial como punto principal, incluye:<\/p>\n<ul>\n<li>Bono navide\u00f1o equivalente a un medio aguinaldo, que promedia 250 mil pesos en la masa salarial municipal, para todo el personal.<\/li>\n<li>Aumento del 5% del \u00edtem refrigerio.<\/li>\n<li>Incorporar el items de asistencia y puntualidad, el cual debe ser del 10% sobre la remuneraci\u00f3n b\u00e1sica.<\/li>\n<li>Pago urgente de la cuota sindical ya retenida por la Municipalidad en tiempo y forma, lo que constituye una estafa re\u00f1ida con la ley.<\/li>\n<\/ul>\n<p>Vale se\u00f1alar que de no concretarse el dep\u00f3sito de las cuotas aportadas por nuestros afiliados y afiliadas, desde ATE avanzaremos en una denuncia penal por &#8220;malversaci\u00f3n de fondos&#8221;.<\/p>\n<p>La nota en cuesti\u00f3n fija una agenda que nace de las asambleas realizadas en el sector, donde arrecian las p\u00e9simas condiciones de trabajo, con extrema precarizaci\u00f3n laboral, y salarios de miseria que no alcanzan a cubrir las necesidades b\u00e1sicas de las familias municipales.<\/p>\n<p>La comitiva estatal estuvo integrada por los delegados Roberto Castro y Jorge Salinas y referentes de ATE en el Valle de Traslasierra Nicol\u00e1s Gonz\u00e1lez y Milagro Sozzi. En la nota presentada, ATE solicit\u00f3 una respuesta a la propuesta para el 25 de noviembre pr\u00f3ximo.<\/p>\n<p><strong>Salsacate en alerta<\/strong><\/p>\n<p><img loading=\"lazy\" decoding=\"async\" class=\"alignright wp-image-51658 \" src=\"https:\/\/atecordoba.org\/wp-content\/uploads\/2025\/11\/WhatsApp-Image-2025-11-20-at-12.34.25-1024x768.jpeg\" alt=\"\" width=\"415\" height=\"311\" srcset=\"https:\/\/atecordoba.org\/wp-content\/uploads\/2025\/11\/WhatsApp-Image-2025-11-20-at-12.34.25-1024x768.jpeg 1024w, https:\/\/atecordoba.org\/wp-content\/uploads\/2025\/11\/WhatsApp-Image-2025-11-20-at-12.34.25-300x225.jpeg 300w, https:\/\/atecordoba.org\/wp-content\/uploads\/2025\/11\/WhatsApp-Image-2025-11-20-at-12.34.25-768x576.jpeg 768w, https:\/\/atecordoba.org\/wp-content\/uploads\/2025\/11\/WhatsApp-Image-2025-11-20-at-12.34.25-1536x1152.jpeg 1536w, https:\/\/atecordoba.org\/wp-content\/uploads\/2025\/11\/WhatsApp-Image-2025-11-20-at-12.34.25-750x563.jpeg 750w, https:\/\/atecordoba.org\/wp-content\/uploads\/2025\/11\/WhatsApp-Image-2025-11-20-at-12.34.25-1140x855.jpeg 1140w, https:\/\/atecordoba.org\/wp-content\/uploads\/2025\/11\/WhatsApp-Image-2025-11-20-at-12.34.25.jpeg 1600w\" sizes=\"auto, (max-width: 415px) 100vw, 415px\" \/><\/p>\n<p>En una entrevista en la Radio Porfiada de Salsacate, los representantes de nuestro gremio fustigaron a Figueroa y la acusaron de incumplir los acuerdos alcanzados, imponer aumentos inconsultos de manera arbitraria -que no contemplan los reclamos de las y los trabajadores- y generar as\u00ed un clima que atenta contra la paz social en la localidad.<\/p>\n<p>&#8220;Hoy ten\u00edamos que presentar la contraoferta que se hab\u00edan charlado en la asamblea con los trabajadores pero no nos recibieron. Durante meses estuvimos intentando un espacio de di\u00e1logo para poder llevar las propuestas que tenemos de los compa\u00f1eros, m\u00e1s de 300 empleados los que hay en el municipio, un mont\u00f3n precarizados y con un promedio salarial de 350 mil pesos&#8221;, se\u00f1alaron.<\/p>\n<p>La representaci\u00f3n de ATE explic\u00f3 que la Municipalidad otorg\u00f3 por decreto un aumento del 20%, que nuestro gremio consider\u00f3 insuficiente y que el aumento anterior, fijado en julio en 15%, termin\u00f3 repercutiendo en solo 7000 pesos por trabajador ya que el resto del monto lo absorbi\u00f3 la APROSS por los \u00edtems que cobra por encima del normal aporte. &#8220;Adem\u00e1s los afiliados de la obra social provincial no tenemos acceso a las prestaciones en Salsacate&#8221;, denunciaron. &#8220;Es irracional&#8221;.<\/p>\n<p>As\u00ed mismo, los delegados manifestaron que la Municipalidad no paga las cuotas\u00a0 por afiliaciones que aport\u00f3 cada trabajador y trabajadoras desde enero pasado. &#8220;Es vergonzoso lo que sigue pasando en el municipio de Salsacate&#8221;, concluyeron.<\/p>\n<p>&nbsp;<\/p>\n<p>&nbsp;<\/p>\n<p>&nbsp;<\/p>\n<p>&nbsp;<\/p>\n","protected":false},"excerpt":{"rendered":"<p>ATE present\u00f3 hoy una propuesta de recomposici\u00f3n salarial en la Municipalidad de Salsacate del 30% de aumento para el bimestre noviembre-diciembre en l\u00ednea a los reclamos que el personal viene realizando hace meses. La presentaci\u00f3n se realiz\u00f3 en el marco de una audiencia acordada con el Departamento Ejecutivo, que la propia intendenta Karina Figueroa incumpli\u00f3 [&hellip;]<\/p>\n","protected":false},"author":7,"featured_media":51657,"comment_status":"open","ping_status":"open","sticky":false,"template":"","format":"standard","meta":{"_exactmetrics_skip_tracking":false,"_exactmetrics_sitenote_active":false,"_exactmetrics_sitenote_note":"","_exactmetrics_sitenote_category":0,"jnews-multi-image_gallery":[],"jnews_single_post":{"format":"standard","override":[{"template":"1","parallax":"1","fullscreen":"1","layout":"no-sidebar-narrow","sidebar":"default-sidebar","second_sidebar":"default-sidebar","sticky_sidebar":"1","share_position":"bottom","share_float_style":"share-monocrhome","show_share_counter":"1","show_view_counter":"1","show_post_meta":"1","show_post_author_image":"1","show_post_date":"1","post_date_format":"default","post_date_format_custom":"Y\/m\/d","show_post_category":"1","show_post_reading_time":"0","post_reading_time_wpm":"300","post_calculate_word_method":"str_word_count","show_zoom_button":"0","zoom_button_out_step":"2","zoom_button_in_step":"3","show_post_tag":"1","number_popup_post":"1","show_post_related":"1","show_inline_post_related":"0"}],"image_override":[{"single_post_thumbnail_size":"crop-500","single_post_gallery_size":"crop-500"}],"trending_post_position":"meta","trending_post_label":"Trending","sponsored_post_label":"Sponsored by","disable_ad":"0"},"jnews_primary_category":[],"jnews_social_meta":[],"jnews_review":[],"enable_review":"","type":"percentage","name":"","summary":"","brand":"","sku":"","good":[],"bad":[],"score_override":"","override_value":"","rating":[],"price":[],"jnews_override_counter":{"view_counter_number":"0","share_counter_number":"0","like_counter_number":"0","dislike_counter_number":"0"},"jnews_post_split":{"post_split":[{"template":"1","tag":"h2","numbering":"asc","mode":"normal","first":"0","enable_toc":"0","toc_type":"normal"}]},"footnotes":""},"categories":[20],"tags":[],"class_list":["post-51655","post","type-post","status-publish","format-standard","has-post-thumbnail","hentry","category-municipales"],"jetpack_featured_media_url":"https:\/\/atecordoba.org\/wp-content\/uploads\/2025\/11\/WhatsApp-Image-2025-10-23-at-11.56.21-1.jpeg","_links":{"self":[{"href":"https:\/\/atecordoba.org\/index.php?rest_route=\/wp\/v2\/posts\/51655","targetHints":{"allow":["GET"]}}],"collection":[{"href":"https:\/\/atecordoba.org\/index.php?rest_route=\/wp\/v2\/posts"}],"about":[{"href":"https:\/\/atecordoba.org\/index.php?rest_route=\/wp\/v2\/types\/post"}],"author":[{"embeddable":true,"href":"https:\/\/atecordoba.org\/index.php?rest_route=\/wp\/v2\/users\/7"}],"replies":[{"embeddable":true,"href":"https:\/\/atecordoba.org\/index.php?rest_route=%2Fwp%2Fv2%2Fcomments&post=51655"}],"version-history":[{"count":4,"href":"https:\/\/atecordoba.org\/index.php?rest_route=\/wp\/v2\/posts\/51655\/revisions"}],"predecessor-version":[{"id":51662,"href":"https:\/\/atecordoba.org\/index.php?rest_route=\/wp\/v2\/posts\/51655\/revisions\/51662"}],"wp:featuredmedia":[{"embeddable":true,"href":"https:\/\/atecordoba.org\/index.php?rest_route=\/wp\/v2\/media\/51657"}],"wp:attachment":[{"href":"https:\/\/atecordoba.org\/index.php?rest_route=%2Fwp%2Fv2%2Fmedia&parent=51655"}],"wp:term":[{"taxonomy":"category","embeddable":true,"href":"https:\/\/atecordoba.org\/index.php?rest_route=%2Fwp%2Fv2%2Fcategories&post=51655"},{"taxonomy":"post_tag","embeddable":true,"href":"https:\/\/atecordoba.org\/index.php?rest_route=%2Fwp%2Fv2%2Ftags&post=51655"}],"curies":[{"name":"wp","href":"https:\/\/api.w.org\/{rel}","templated":true}]}}