{"id":51641,"date":"2025-11-20T11:26:20","date_gmt":"2025-11-20T14:26:20","guid":{"rendered":"https:\/\/atecordoba.org\/?p=51641"},"modified":"2025-11-20T11:26:20","modified_gmt":"2025-11-20T14:26:20","slug":"en-una-nueva-jornada-de-contactos-en-la-legislatura-ate-entrego-el-proyecto-de-cct-municipal-a-dolly-romero-alesandri-y-gvozdenovich","status":"publish","type":"post","link":"https:\/\/atecordoba.org\/?p=51641","title":{"rendered":"En una nueva jornada de contactos en la Legislatura, ATE entreg\u00f3 el proyecto de CCT municipal a Dolly Romero, Alesandri y Gvozdenovich"},"content":{"rendered":"<p><img loading=\"lazy\" decoding=\"async\" class=\"aligncenter wp-image-51642 \" src=\"https:\/\/atecordoba.org\/wp-content\/uploads\/2025\/11\/WhatsApp-Image-2025-11-20-at-10.07.01-1024x768.jpeg\" alt=\"\" width=\"614\" height=\"461\" srcset=\"https:\/\/atecordoba.org\/wp-content\/uploads\/2025\/11\/WhatsApp-Image-2025-11-20-at-10.07.01-1024x768.jpeg 1024w, https:\/\/atecordoba.org\/wp-content\/uploads\/2025\/11\/WhatsApp-Image-2025-11-20-at-10.07.01-300x225.jpeg 300w, https:\/\/atecordoba.org\/wp-content\/uploads\/2025\/11\/WhatsApp-Image-2025-11-20-at-10.07.01-768x576.jpeg 768w, https:\/\/atecordoba.org\/wp-content\/uploads\/2025\/11\/WhatsApp-Image-2025-11-20-at-10.07.01-750x563.jpeg 750w, https:\/\/atecordoba.org\/wp-content\/uploads\/2025\/11\/WhatsApp-Image-2025-11-20-at-10.07.01-1140x855.jpeg 1140w, https:\/\/atecordoba.org\/wp-content\/uploads\/2025\/11\/WhatsApp-Image-2025-11-20-at-10.07.01.jpeg 1152w\" sizes=\"auto, (max-width: 614px) 100vw, 614px\" \/><\/p>\n<p>Ayer, ATE C\u00f3rdoba realiz\u00f3 una nueva ronda de contactos con legisladoras y legisladores de la provincia para entregarles el proyecto del Convenio Colectivo de Trabajo para las y los municipales del interior provincial, iniciativa que busca darle un marco legal con un piso de derechos a las condiciones de trabajo y de negociaci\u00f3n colectiva a la realidad laboral del sector.<\/p>\n<p>La comitiva estatal, compuesta por dirigentes municipales de ATE, estuvo integrada por Jos\u00e9 Baigorria, de R\u00edo Primero, Lali Salto, de R\u00edo Tercero, Ayel\u00e9n Ram\u00edrez, de Villa Yacanto de Calamuchita, y Vladimir Su\u00e1rez, de Salsipuedes.<\/p>\n<p>Las y los compa\u00f1eros fueron recibidos por Dolly Romero y Federico Alessandri, del bloque Hacemos por C\u00f3rdoba, y Mat\u00edas Gvozdenovich, de la Uni\u00f3n C\u00edvica Radical.<\/p>\n<p><img loading=\"lazy\" decoding=\"async\" class=\"aligncenter wp-image-51643 \" src=\"https:\/\/atecordoba.org\/wp-content\/uploads\/2025\/11\/WhatsApp-Image-2025-11-20-at-10.07.02-e1763648704754-1024x734.jpeg\" alt=\"\" width=\"605\" height=\"434\" srcset=\"https:\/\/atecordoba.org\/wp-content\/uploads\/2025\/11\/WhatsApp-Image-2025-11-20-at-10.07.02-e1763648704754-1024x734.jpeg 1024w, https:\/\/atecordoba.org\/wp-content\/uploads\/2025\/11\/WhatsApp-Image-2025-11-20-at-10.07.02-e1763648704754-300x215.jpeg 300w, https:\/\/atecordoba.org\/wp-content\/uploads\/2025\/11\/WhatsApp-Image-2025-11-20-at-10.07.02-e1763648704754-768x550.jpeg 768w, https:\/\/atecordoba.org\/wp-content\/uploads\/2025\/11\/WhatsApp-Image-2025-11-20-at-10.07.02-e1763648704754-120x86.jpeg 120w, https:\/\/atecordoba.org\/wp-content\/uploads\/2025\/11\/WhatsApp-Image-2025-11-20-at-10.07.02-e1763648704754-350x250.jpeg 350w, https:\/\/atecordoba.org\/wp-content\/uploads\/2025\/11\/WhatsApp-Image-2025-11-20-at-10.07.02-e1763648704754-1140x817.jpeg 1140w, https:\/\/atecordoba.org\/wp-content\/uploads\/2025\/11\/WhatsApp-Image-2025-11-20-at-10.07.02-e1763648704754-750x538.jpeg 750w, https:\/\/atecordoba.org\/wp-content\/uploads\/2025\/11\/WhatsApp-Image-2025-11-20-at-10.07.02-e1763648704754.jpeg 1200w\" sizes=\"auto, (max-width: 605px) 100vw, 605px\" \/><\/p>\n<p>El balance de las reuniones fue altamente positivo en todos los casos: ATE pudo explicar y desarrollar el proyecto de ley y lograr el compromiso de que las y los legisladores lo estudien y compartan con colegas de la Unicameral.<\/p>\n<p>&#8220;Coincidimos en la necesidad de un convenio colectivo para regularizar la situaci\u00f3n de los trabajadores municipales. As\u00ed que muy satisfecho y agradecidos por la disposici\u00f3n de los legisladores con ATE&#8221;, resumi\u00f3 Baigorria.<\/p>\n<p>En tanto, Lali Salto tambi\u00e9n destac\u00f3 la actitud positiva de las y los legisladores, que facilitaron contactos para continuar generando condiciones para que el proyecto de CCT ingrese al debate formal en la C\u00e1mara.<\/p>\n<p>A su vez, Ram\u00edrez destac\u00f3 que &#8220;algunos legisladores tienen experiencia previa como intendentes y manifestaron comprender la problem\u00e1tica expuesta y en importancia de avanzar en un marco regulatorio adecuado para todos los trabajadores municipales de la provincia. Somos conscientes de que este apenas es el inicio de un camino extenso y que requerir\u00e1 mucho trabajo sostenido y articulaci\u00f3n pol\u00edtica. No obstante, destacamos el compromiso expresado por los legisladores de analizar en profundidad el convenio junto con sus respectivos bloques, lo cual representa un avance significativo para nuestra propuesta&#8221;.<\/p>\n<div id='gallery_1' class='gallery galleryid-51641 gallery-columns-2 gallery-size-medium'><figure class='gallery-item'>\n                <div class='gallery-icon landscape'>\n                    <a href='https:\/\/atecordoba.org\/wp-content\/uploads\/2025\/11\/WhatsApp-Image-2025-11-20-at-10.07.01-2.jpeg'><img loading=\"lazy\" decoding=\"async\" width=\"300\" height=\"225\" src=\"\" class=\"attachment-medium size-medium lazyload\" alt=\"\" data-src=\"https:\/\/atecordoba.org\/wp-content\/uploads\/2025\/11\/WhatsApp-Image-2025-11-20-at-10.07.01-2-300x225.jpeg\" data-sizes=\"auto\" data-srcset=\"https:\/\/atecordoba.org\/wp-content\/uploads\/2025\/11\/WhatsApp-Image-2025-11-20-at-10.07.01-2-300x225.jpeg 300w, https:\/\/atecordoba.org\/wp-content\/uploads\/2025\/11\/WhatsApp-Image-2025-11-20-at-10.07.01-2-1024x768.jpeg 1024w, https:\/\/atecordoba.org\/wp-content\/uploads\/2025\/11\/WhatsApp-Image-2025-11-20-at-10.07.01-2-768x576.jpeg 768w, https:\/\/atecordoba.org\/wp-content\/uploads\/2025\/11\/WhatsApp-Image-2025-11-20-at-10.07.01-2-1536x1153.jpeg 1536w, https:\/\/atecordoba.org\/wp-content\/uploads\/2025\/11\/WhatsApp-Image-2025-11-20-at-10.07.01-2-750x563.jpeg 750w, https:\/\/atecordoba.org\/wp-content\/uploads\/2025\/11\/WhatsApp-Image-2025-11-20-at-10.07.01-2-1140x856.jpeg 1140w, https:\/\/atecordoba.org\/wp-content\/uploads\/2025\/11\/WhatsApp-Image-2025-11-20-at-10.07.01-2.jpeg 1599w\" data-expand=\"700\" \/><\/a>\n                <\/div><\/figure><figure class='gallery-item'>\n                <div class='gallery-icon portrait'>\n                    <a href='https:\/\/atecordoba.org\/wp-content\/uploads\/2025\/11\/WhatsApp-Image-2025-11-20-at-10.07.01-1.jpeg'><img loading=\"lazy\" decoding=\"async\" width=\"225\" height=\"300\" src=\"\" class=\"attachment-medium size-medium lazyload\" alt=\"\" data-src=\"https:\/\/atecordoba.org\/wp-content\/uploads\/2025\/11\/WhatsApp-Image-2025-11-20-at-10.07.01-1-225x300.jpeg\" data-sizes=\"auto\" data-srcset=\"https:\/\/atecordoba.org\/wp-content\/uploads\/2025\/11\/WhatsApp-Image-2025-11-20-at-10.07.01-1-225x300.jpeg 225w, https:\/\/atecordoba.org\/wp-content\/uploads\/2025\/11\/WhatsApp-Image-2025-11-20-at-10.07.01-1-768x1023.jpeg 768w, https:\/\/atecordoba.org\/wp-content\/uploads\/2025\/11\/WhatsApp-Image-2025-11-20-at-10.07.01-1-1153x1536.jpeg 1153w, https:\/\/atecordoba.org\/wp-content\/uploads\/2025\/11\/WhatsApp-Image-2025-11-20-at-10.07.01-1-750x999.jpeg 750w, https:\/\/atecordoba.org\/wp-content\/uploads\/2025\/11\/WhatsApp-Image-2025-11-20-at-10.07.01-1-1140x1519.jpeg 1140w, https:\/\/atecordoba.org\/wp-content\/uploads\/2025\/11\/WhatsApp-Image-2025-11-20-at-10.07.01-1.jpeg 1200w\" data-expand=\"700\" \/><\/a>\n                <\/div><\/figure><br style=\"clear: both\" \/>\n            <\/div>\n\n<p>Por \u00faltimo, Su\u00e1rez dijo que el balance &#8220;es positivo&#8221;. &#8220;Nos recibieron, nos escucharon y tomaron nota de que los y las municipales est\u00e1n organizados con ATE. El avance del proyecto no\u00a0 va a ser de un d\u00eda para otro, llevar\u00e1 un tiempo y mucho trabajo, sumado al que ya vienen haciendo los y las compa\u00f1eras municipales. Creo que se est\u00e1 logrando dar la discusi\u00f3n de la precarizaci\u00f3n que sufrimos en nuestros lugares de trabajo y de la necesidad de un CCT para todas las municipalidades de la provincia de C\u00f3rdoba&#8221;, concluy\u00f3.<\/p>\n<div class=\"elementor-element elementor-element-f8e7ce1 elementor-widget elementor-widget-heading\" data-id=\"f8e7ce1\" data-element_type=\"widget\" data-widget_type=\"heading.default\">\n<div class=\"elementor-widget-container\"><\/div>\n<\/div>\n","protected":false},"excerpt":{"rendered":"<p>Ayer, ATE C\u00f3rdoba realiz\u00f3 una nueva ronda de contactos con legisladoras y legisladores de la provincia para entregarles el proyecto del Convenio Colectivo de Trabajo para las y los municipales del interior provincial, iniciativa que busca darle un marco legal con un piso de derechos a las condiciones de trabajo y de negociaci\u00f3n colectiva a [&hellip;]<\/p>\n","protected":false},"author":7,"featured_media":51642,"comment_status":"open","ping_status":"open","sticky":false,"template":"","format":"standard","meta":{"_exactmetrics_skip_tracking":false,"_exactmetrics_sitenote_active":false,"_exactmetrics_sitenote_note":"","_exactmetrics_sitenote_category":0,"jnews-multi-image_gallery":[],"jnews_single_post":[],"jnews_primary_category":[],"jnews_social_meta":[],"jnews_review":[],"enable_review":"","type":"","name":"","summary":"","brand":"","sku":"","good":[],"bad":[],"score_override":"","override_value":"","rating":[],"price":[],"jnews_override_counter":[],"jnews_post_split":[],"footnotes":""},"categories":[20],"tags":[],"class_list":["post-51641","post","type-post","status-publish","format-standard","has-post-thumbnail","hentry","category-municipales"],"jetpack_featured_media_url":"https:\/\/atecordoba.org\/wp-content\/uploads\/2025\/11\/WhatsApp-Image-2025-11-20-at-10.07.01.jpeg","_links":{"self":[{"href":"https:\/\/atecordoba.org\/index.php?rest_route=\/wp\/v2\/posts\/51641","targetHints":{"allow":["GET"]}}],"collection":[{"href":"https:\/\/atecordoba.org\/index.php?rest_route=\/wp\/v2\/posts"}],"about":[{"href":"https:\/\/atecordoba.org\/index.php?rest_route=\/wp\/v2\/types\/post"}],"author":[{"embeddable":true,"href":"https:\/\/atecordoba.org\/index.php?rest_route=\/wp\/v2\/users\/7"}],"replies":[{"embeddable":true,"href":"https:\/\/atecordoba.org\/index.php?rest_route=%2Fwp%2Fv2%2Fcomments&post=51641"}],"version-history":[{"count":1,"href":"https:\/\/atecordoba.org\/index.php?rest_route=\/wp\/v2\/posts\/51641\/revisions"}],"predecessor-version":[{"id":51647,"href":"https:\/\/atecordoba.org\/index.php?rest_route=\/wp\/v2\/posts\/51641\/revisions\/51647"}],"wp:featuredmedia":[{"embeddable":true,"href":"https:\/\/atecordoba.org\/index.php?rest_route=\/wp\/v2\/media\/51642"}],"wp:attachment":[{"href":"https:\/\/atecordoba.org\/index.php?rest_route=%2Fwp%2Fv2%2Fmedia&parent=51641"}],"wp:term":[{"taxonomy":"category","embeddable":true,"href":"https:\/\/atecordoba.org\/index.php?rest_route=%2Fwp%2Fv2%2Fcategories&post=51641"},{"taxonomy":"post_tag","embeddable":true,"href":"https:\/\/atecordoba.org\/index.php?rest_route=%2Fwp%2Fv2%2Ftags&post=51641"}],"curies":[{"name":"wp","href":"https:\/\/api.w.org\/{rel}","templated":true}]}}