{"id":51630,"date":"2025-11-19T14:44:01","date_gmt":"2025-11-19T17:44:01","guid":{"rendered":"https:\/\/atecordoba.org\/?p=51630"},"modified":"2025-11-19T15:33:36","modified_gmt":"2025-11-19T18:33:36","slug":"ate-cordoba-se-movilizo-por-el-paro-nacional-contra-la-reforma-laboral","status":"publish","type":"post","link":"https:\/\/atecordoba.org\/?p=51630","title":{"rendered":"ATE C\u00f3rdoba se moviliz\u00f3 por el Paro Nacional contra la reforma laboral"},"content":{"rendered":"<p><img loading=\"lazy\" decoding=\"async\" class=\"aligncenter wp-image-51619 \" src=\"https:\/\/atecordoba.org\/wp-content\/uploads\/2025\/11\/WhatsApp-Image-2025-11-19-at-11.07.23-1024x768.jpeg\" alt=\"\" width=\"618\" height=\"464\" srcset=\"https:\/\/atecordoba.org\/wp-content\/uploads\/2025\/11\/WhatsApp-Image-2025-11-19-at-11.07.23-1024x768.jpeg 1024w, https:\/\/atecordoba.org\/wp-content\/uploads\/2025\/11\/WhatsApp-Image-2025-11-19-at-11.07.23-300x225.jpeg 300w, https:\/\/atecordoba.org\/wp-content\/uploads\/2025\/11\/WhatsApp-Image-2025-11-19-at-11.07.23-768x576.jpeg 768w, https:\/\/atecordoba.org\/wp-content\/uploads\/2025\/11\/WhatsApp-Image-2025-11-19-at-11.07.23-750x563.jpeg 750w, https:\/\/atecordoba.org\/wp-content\/uploads\/2025\/11\/WhatsApp-Image-2025-11-19-at-11.07.23-1140x855.jpeg 1140w, https:\/\/atecordoba.org\/wp-content\/uploads\/2025\/11\/WhatsApp-Image-2025-11-19-at-11.07.23.jpeg 1280w\" sizes=\"auto, (max-width: 618px) 100vw, 618px\" \/>En el marco del Paro Nacional que ATE llev\u00f3 adelante en todo el pa\u00eds, con movilizaciones en las capitales de las 24 provincias del pa\u00eds, ATE C\u00f3rdoba se moviliz\u00f3 hoy al Ministerio de Trabajo de la naci\u00f3n para repudiar el proyecto de reforma laboral de Milei, que pretende arrasar con los derechos laborales en la Argentina.<\/p>\n<p><img loading=\"lazy\" decoding=\"async\" class=\"aligncenter wp-image-51620 \" src=\"https:\/\/atecordoba.org\/wp-content\/uploads\/2025\/11\/WhatsApp-Image-2025-11-19-at-11.07.28-1-768x1024.jpeg\" alt=\"\" width=\"615\" height=\"820\" \/><\/p>\n<p>La nutrida marcha estuvo integrada por estatales de C\u00f3rdoba Capital y del interior provincial, destac\u00e1ndose la participaci\u00f3n de las seccionales ATE R\u00edo cuarto y ATE Cruz del Eje, con sus respectivos secretarios\/as generales Rafaela Alcoba y Juan Pablo Pozzi.<\/p>\n<p>Encabezada por la secretaria Adjunta del Consejo Directivo Provincial, Gabriela Alcoba, la columna de estatales se integr\u00f3 con compa\u00f1eros y compa\u00f1eras de CONICET, FENAT-CTAA, Personal Civil FFAA, Ministerio de Trabajo, ANAC, Parques Nacionales, SAF, no docentes UNC y SENASA, entre otros.<\/p>\n<p>Tambi\u00e9n estuvo solidariz\u00e1ndose con la lucha estatal la secretaria General del Cispren y Adjunta de CTAA nacional, Mariana Mandakovic.<img loading=\"lazy\" decoding=\"async\" class=\"aligncenter wp-image-51621 \" src=\"https:\/\/atecordoba.org\/wp-content\/uploads\/2025\/11\/WhatsApp-Image-2025-11-19-at-11.07.28-1024x768.jpeg\" alt=\"\" width=\"613\" height=\"460\" srcset=\"https:\/\/atecordoba.org\/wp-content\/uploads\/2025\/11\/WhatsApp-Image-2025-11-19-at-11.07.28-1024x768.jpeg 1024w, https:\/\/atecordoba.org\/wp-content\/uploads\/2025\/11\/WhatsApp-Image-2025-11-19-at-11.07.28-300x225.jpeg 300w, https:\/\/atecordoba.org\/wp-content\/uploads\/2025\/11\/WhatsApp-Image-2025-11-19-at-11.07.28-768x576.jpeg 768w, https:\/\/atecordoba.org\/wp-content\/uploads\/2025\/11\/WhatsApp-Image-2025-11-19-at-11.07.28-1536x1152.jpeg 1536w, https:\/\/atecordoba.org\/wp-content\/uploads\/2025\/11\/WhatsApp-Image-2025-11-19-at-11.07.28-750x563.jpeg 750w, https:\/\/atecordoba.org\/wp-content\/uploads\/2025\/11\/WhatsApp-Image-2025-11-19-at-11.07.28-1140x855.jpeg 1140w, https:\/\/atecordoba.org\/wp-content\/uploads\/2025\/11\/WhatsApp-Image-2025-11-19-at-11.07.28.jpeg 1600w\" sizes=\"auto, (max-width: 613px) 100vw, 613px\" \/><\/p>\n<p>El paro se sinti\u00f3 en diversos organismos nacionales, en una abierta reacci\u00f3n de las y los trabajadores a las amenazas que la ministra de Seguridad Patricia Bullrich contra nuestro secretario General Nacional, Rodolfo Aguiar, denunciado penalmente en otro hecho de amedrentamiento propio del gobierno autoritario que preside Milei.<\/p>\n<p>Consultada por el periodismo presente en la protesta, Gabriela Alcoba explic\u00f3 que &#8220;desde las bases se impulsa esta medida de fuerza para que hoy nuestro gremio est\u00e9 de paro y activando en la calle en contra de la reforma laboral.\u00a0Estamos ante un gobierno hambreador que tiene a nuestros compa\u00f1eros estatales por debajo de la l\u00ednea de pobreza, con acuerdos con Estados Unidos que se vinculan con la reforma laboral. Ante este panorama, nosotros entendemos que el lugar de lucha es en la calle, por eso salimos nuevamente como lo hicimos apenas asumi\u00f3 el gobierno&#8221;.<img loading=\"lazy\" decoding=\"async\" class=\"aligncenter wp-image-51622 \" src=\"https:\/\/atecordoba.org\/wp-content\/uploads\/2025\/11\/WhatsApp-Image-2025-11-19-at-11.07.20-1024x768.jpeg\" alt=\"\" width=\"617\" height=\"463\" srcset=\"https:\/\/atecordoba.org\/wp-content\/uploads\/2025\/11\/WhatsApp-Image-2025-11-19-at-11.07.20-1024x768.jpeg 1024w, https:\/\/atecordoba.org\/wp-content\/uploads\/2025\/11\/WhatsApp-Image-2025-11-19-at-11.07.20-300x225.jpeg 300w, https:\/\/atecordoba.org\/wp-content\/uploads\/2025\/11\/WhatsApp-Image-2025-11-19-at-11.07.20-768x576.jpeg 768w, https:\/\/atecordoba.org\/wp-content\/uploads\/2025\/11\/WhatsApp-Image-2025-11-19-at-11.07.20-750x563.jpeg 750w, https:\/\/atecordoba.org\/wp-content\/uploads\/2025\/11\/WhatsApp-Image-2025-11-19-at-11.07.20-1140x855.jpeg 1140w, https:\/\/atecordoba.org\/wp-content\/uploads\/2025\/11\/WhatsApp-Image-2025-11-19-at-11.07.20.jpeg 1280w\" sizes=\"auto, (max-width: 617px) 100vw, 617px\" \/><\/p>\n<p>La dirigente advirti\u00f3 que es necesaria &#8220;la m\u00e1s profunda unidad del campo popular para revertir estas situaciones porque entendemos que este gobierno viene a destruir todos los derechos que hemos conquistado las y los trabajadores. Adem\u00e1s de la cantidad de despidos que tenemos en el Estado Nacional, hay compa\u00f1eros que todav\u00eda no han sido reincorporados a su puesto de trabajo, exigimos el cese de los despidos, la reincorporaci\u00f3n de ellos&#8221;.<\/p>\n<p>Y remarc\u00f3 que &#8220;a pesar que algunos comentarios apuntan que esta reforma no nos pega a los estatales, decimos que no es cierto: que hay muchos compa\u00f1eros de distintos organismos que se rigen por la ley de contrato de trabajo. Pero, adem\u00e1s, nosotras entendemos la solidaridad de clase como una cuesti\u00f3n colectiva, por lo que no es necesario que nos afecte directamente a los trabajadores estatales para salir a la calle a repudiarla. Entendemos que esto es un golpe a la clase trabajadora, por eso salimos a la calle a luchar por lo que entendemos que es justo&#8221;.<img loading=\"lazy\" decoding=\"async\" class=\"aligncenter wp-image-51623 \" src=\"https:\/\/atecordoba.org\/wp-content\/uploads\/2025\/11\/WhatsApp-Image-2025-11-19-at-11.07.36-1-768x1024.jpeg\" alt=\"\" width=\"614\" height=\"819\" srcset=\"https:\/\/atecordoba.org\/wp-content\/uploads\/2025\/11\/WhatsApp-Image-2025-11-19-at-11.07.36-1-768x1024.jpeg 768w, https:\/\/atecordoba.org\/wp-content\/uploads\/2025\/11\/WhatsApp-Image-2025-11-19-at-11.07.36-1-225x300.jpeg 225w, https:\/\/atecordoba.org\/wp-content\/uploads\/2025\/11\/WhatsApp-Image-2025-11-19-at-11.07.36-1-1152x1536.jpeg 1152w, https:\/\/atecordoba.org\/wp-content\/uploads\/2025\/11\/WhatsApp-Image-2025-11-19-at-11.07.36-1-750x1000.jpeg 750w, https:\/\/atecordoba.org\/wp-content\/uploads\/2025\/11\/WhatsApp-Image-2025-11-19-at-11.07.36-1-1140x1520.jpeg 1140w, https:\/\/atecordoba.org\/wp-content\/uploads\/2025\/11\/WhatsApp-Image-2025-11-19-at-11.07.36-1.jpeg 1200w\" sizes=\"auto, (max-width: 614px) 100vw, 614px\" \/><\/p>\n<p>Alcoba tambi\u00e9n se solidariz\u00f3 con el secretario General de ATE nacional repudi\u00f3 &#8220;las amenazas de Patricia Bullrich\u00a0 y la denuncia penal recibida. Entendemos que es parte del proceso que el gobierno viene realizando en contra de los luchadores sindicales, al igual que sucede en C\u00f3rdoba con la figura de Federico Giuliani&#8221;.<\/p>\n<div id='gallery_1' class='gallery galleryid-51630 gallery-columns-3 gallery-size-thumbnail'><figure class='gallery-item'>\n                <div class='gallery-icon portrait'>\n                    <a href='https:\/\/atecordoba.org\/wp-content\/uploads\/2025\/11\/WhatsApp-Image-2025-11-19-at-11.07.37.jpeg'><img loading=\"lazy\" decoding=\"async\" width=\"150\" height=\"150\" src=\"\" class=\"attachment-thumbnail size-thumbnail lazyload\" alt=\"\" data-src=\"https:\/\/atecordoba.org\/wp-content\/uploads\/2025\/11\/WhatsApp-Image-2025-11-19-at-11.07.37-150x150.jpeg\" data-sizes=\"auto\" data-srcset=\"https:\/\/atecordoba.org\/wp-content\/uploads\/2025\/11\/WhatsApp-Image-2025-11-19-at-11.07.37-150x150.jpeg 150w, https:\/\/atecordoba.org\/wp-content\/uploads\/2025\/11\/WhatsApp-Image-2025-11-19-at-11.07.37-560x560.jpeg 560w, https:\/\/atecordoba.org\/wp-content\/uploads\/2025\/11\/WhatsApp-Image-2025-11-19-at-11.07.37-75x75.jpeg 75w, https:\/\/atecordoba.org\/wp-content\/uploads\/2025\/11\/WhatsApp-Image-2025-11-19-at-11.07.37-350x350.jpeg 350w\" data-expand=\"700\" \/><\/a>\n                <\/div><\/figure><figure class='gallery-item'>\n                <div class='gallery-icon portrait'>\n                    <a href='https:\/\/atecordoba.org\/wp-content\/uploads\/2025\/11\/WhatsApp-Image-2025-11-19-at-11.07.36.jpeg'><img loading=\"lazy\" decoding=\"async\" width=\"150\" height=\"150\" src=\"\" class=\"attachment-thumbnail size-thumbnail lazyload\" alt=\"\" data-src=\"https:\/\/atecordoba.org\/wp-content\/uploads\/2025\/11\/WhatsApp-Image-2025-11-19-at-11.07.36-150x150.jpeg\" data-sizes=\"auto\" data-srcset=\"https:\/\/atecordoba.org\/wp-content\/uploads\/2025\/11\/WhatsApp-Image-2025-11-19-at-11.07.36-150x150.jpeg 150w, https:\/\/atecordoba.org\/wp-content\/uploads\/2025\/11\/WhatsApp-Image-2025-11-19-at-11.07.36-560x560.jpeg 560w, https:\/\/atecordoba.org\/wp-content\/uploads\/2025\/11\/WhatsApp-Image-2025-11-19-at-11.07.36-75x75.jpeg 75w, https:\/\/atecordoba.org\/wp-content\/uploads\/2025\/11\/WhatsApp-Image-2025-11-19-at-11.07.36-350x350.jpeg 350w\" data-expand=\"700\" \/><\/a>\n                <\/div><\/figure><figure class='gallery-item'>\n                <div class='gallery-icon portrait'>\n                    <a href='https:\/\/atecordoba.org\/wp-content\/uploads\/2025\/11\/WhatsApp-Image-2025-11-19-at-11.07.25.jpeg'><img loading=\"lazy\" decoding=\"async\" width=\"150\" height=\"150\" src=\"\" class=\"attachment-thumbnail size-thumbnail lazyload\" alt=\"\" data-src=\"https:\/\/atecordoba.org\/wp-content\/uploads\/2025\/11\/WhatsApp-Image-2025-11-19-at-11.07.25-150x150.jpeg\" data-sizes=\"auto\" data-srcset=\"https:\/\/atecordoba.org\/wp-content\/uploads\/2025\/11\/WhatsApp-Image-2025-11-19-at-11.07.25-150x150.jpeg 150w, https:\/\/atecordoba.org\/wp-content\/uploads\/2025\/11\/WhatsApp-Image-2025-11-19-at-11.07.25-560x560.jpeg 560w, https:\/\/atecordoba.org\/wp-content\/uploads\/2025\/11\/WhatsApp-Image-2025-11-19-at-11.07.25-75x75.jpeg 75w, https:\/\/atecordoba.org\/wp-content\/uploads\/2025\/11\/WhatsApp-Image-2025-11-19-at-11.07.25-350x350.jpeg 350w\" data-expand=\"700\" \/><\/a>\n                <\/div><\/figure><br style=\"clear: both\" \/>\n            <\/div>\n\n","protected":false},"excerpt":{"rendered":"<p>En el marco del Paro Nacional que ATE llev\u00f3 adelante en todo el pa\u00eds, con movilizaciones en las capitales de las 24 provincias del pa\u00eds, ATE C\u00f3rdoba se moviliz\u00f3 hoy al Ministerio de Trabajo de la naci\u00f3n para repudiar el proyecto de reforma laboral de Milei, que pretende arrasar con los derechos laborales en la [&hellip;]<\/p>\n","protected":false},"author":7,"featured_media":51634,"comment_status":"open","ping_status":"open","sticky":false,"template":"","format":"standard","meta":{"_exactmetrics_skip_tracking":false,"_exactmetrics_sitenote_active":false,"_exactmetrics_sitenote_note":"","_exactmetrics_sitenote_category":0,"jnews-multi-image_gallery":[],"jnews_single_post":{"format":"standard","override":[{"template":"1","parallax":"1","fullscreen":"1","layout":"no-sidebar-narrow","sidebar":"default-sidebar","second_sidebar":"default-sidebar","sticky_sidebar":"1","share_position":"bottom","share_float_style":"share-monocrhome","show_share_counter":"1","show_view_counter":"1","show_post_meta":"1","show_post_author_image":"1","show_post_date":"1","post_date_format":"default","post_date_format_custom":"Y\/m\/d","show_post_category":"1","show_post_reading_time":"0","post_reading_time_wpm":"300","post_calculate_word_method":"str_word_count","show_zoom_button":"0","zoom_button_out_step":"2","zoom_button_in_step":"3","show_post_tag":"1","number_popup_post":"1","show_post_related":"1","show_inline_post_related":"0"}],"image_override":[{"single_post_thumbnail_size":"crop-500","single_post_gallery_size":"crop-500"}],"trending_post_position":"meta","trending_post_label":"Trending","sponsored_post_label":"Sponsored by","disable_ad":"0"},"jnews_primary_category":[],"jnews_social_meta":[],"jnews_review":[],"enable_review":"","type":"percentage","name":"","summary":"","brand":"","sku":"","good":[],"bad":[],"score_override":"","override_value":"","rating":[],"price":[],"jnews_override_counter":{"view_counter_number":"0","share_counter_number":"0","like_counter_number":"0","dislike_counter_number":"0"},"jnews_post_split":{"post_split":[{"template":"1","tag":"h2","numbering":"asc","mode":"normal","first":"0","enable_toc":"0","toc_type":"normal"}]},"footnotes":""},"categories":[341],"tags":[],"class_list":["post-51630","post","type-post","status-publish","format-standard","has-post-thumbnail","hentry","category-cdp"],"jetpack_featured_media_url":"https:\/\/atecordoba.org\/wp-content\/uploads\/2025\/11\/WhatsApp-Image-2025-11-19-at-15.32.10-e1763577209989.jpeg","_links":{"self":[{"href":"https:\/\/atecordoba.org\/index.php?rest_route=\/wp\/v2\/posts\/51630","targetHints":{"allow":["GET"]}}],"collection":[{"href":"https:\/\/atecordoba.org\/index.php?rest_route=\/wp\/v2\/posts"}],"about":[{"href":"https:\/\/atecordoba.org\/index.php?rest_route=\/wp\/v2\/types\/post"}],"author":[{"embeddable":true,"href":"https:\/\/atecordoba.org\/index.php?rest_route=\/wp\/v2\/users\/7"}],"replies":[{"embeddable":true,"href":"https:\/\/atecordoba.org\/index.php?rest_route=%2Fwp%2Fv2%2Fcomments&post=51630"}],"version-history":[{"count":2,"href":"https:\/\/atecordoba.org\/index.php?rest_route=\/wp\/v2\/posts\/51630\/revisions"}],"predecessor-version":[{"id":51633,"href":"https:\/\/atecordoba.org\/index.php?rest_route=\/wp\/v2\/posts\/51630\/revisions\/51633"}],"wp:featuredmedia":[{"embeddable":true,"href":"https:\/\/atecordoba.org\/index.php?rest_route=\/wp\/v2\/media\/51634"}],"wp:attachment":[{"href":"https:\/\/atecordoba.org\/index.php?rest_route=%2Fwp%2Fv2%2Fmedia&parent=51630"}],"wp:term":[{"taxonomy":"category","embeddable":true,"href":"https:\/\/atecordoba.org\/index.php?rest_route=%2Fwp%2Fv2%2Fcategories&post=51630"},{"taxonomy":"post_tag","embeddable":true,"href":"https:\/\/atecordoba.org\/index.php?rest_route=%2Fwp%2Fv2%2Ftags&post=51630"}],"curies":[{"name":"wp","href":"https:\/\/api.w.org\/{rel}","templated":true}]}}