{"id":5162,"date":"2015-05-05T19:05:09","date_gmt":"2015-05-05T22:05:09","guid":{"rendered":"http:\/\/www.atecordoba.org\/?p=5162"},"modified":"2015-05-05T19:05:09","modified_gmt":"2015-05-05T22:05:09","slug":"accion-social-destinos-turisticos-para-los-afiliados","status":"publish","type":"post","link":"https:\/\/atecordoba.org\/?p=5162","title":{"rendered":"Acci\u00f3n Social: destinos tur\u00edsticos para los afiliados"},"content":{"rendered":"<p><em>La Secretar\u00eda de Acci\u00f3n Social ofrece diversas alternativas tur\u00edsticas para \u00a0los afiliados de nuestro gremio. Los interesados deben comunicarse con Gustavo Zarate al tel\u00e9fono <span id=\"OBJ_PREFIX_DWT197_com_zimbra_phone\" class=\"Object\"><a href=\"callto:0351-4257926\">0351-4257926<\/a><\/span> o 4232748, o via mail a <span id=\"OBJ_PREFIX_DWT198_com_zimbra_email\" class=\"Object\"><a href=\"mailto:atecbaturismo@hotmail.com\" target=\"_blank\" rel=\"noopener noreferrer\">atecbaturismo@hotmail.com<\/a><\/span><\/em><\/p>\n<p><a href=\"http:\/\/www.atecordoba.org\/wp-content\/uploads\/2015\/05\/MZA_-_ABRIL_MAYO_y_JUNIO_-_ATE-e1430863301663.jpg\"><img loading=\"lazy\" decoding=\"async\" class=\"aligncenter size-full wp-image-5172\" src=\"http:\/\/www.atecordoba.org\/wp-content\/uploads\/2015\/05\/MZA_-_ABRIL_MAYO_y_JUNIO_-_ATE-e1430863301663.jpg\" alt=\"MZA_-_ABRIL_MAYO_y_JUNIO_-_ATE\" width=\"530\" height=\"750\" \/><\/a><a href=\"http:\/\/www.atecordoba.org\/wp-content\/uploads\/2015\/05\/SALTA_-_ATE-e1430863292179.jpg\"><img loading=\"lazy\" decoding=\"async\" class=\"aligncenter size-full wp-image-5173\" src=\"http:\/\/www.atecordoba.org\/wp-content\/uploads\/2015\/05\/SALTA_-_ATE-e1430863292179.jpg\" alt=\"SALTA_-_ATE\" width=\"530\" height=\"750\" \/><\/a><a href=\"http:\/\/www.atecordoba.org\/wp-content\/uploads\/2015\/05\/TERMAS_DE_RIO_HONDO_JULIO_-_ATE-e1430863283414.jpg\"><img loading=\"lazy\" decoding=\"async\" class=\"aligncenter size-full wp-image-5174\" src=\"http:\/\/www.atecordoba.org\/wp-content\/uploads\/2015\/05\/TERMAS_DE_RIO_HONDO_JULIO_-_ATE-e1430863283414.jpg\" alt=\"TERMAS_DE_RIO_HONDO_JULIO_-_ATE\" width=\"530\" height=\"750\" \/><\/a><a href=\"http:\/\/www.atecordoba.org\/wp-content\/uploads\/2015\/05\/TERMAS_DE_RIO_HONDO_MAYO-JUNIO_-_ATE-e1430863272334.jpg\"><img loading=\"lazy\" decoding=\"async\" class=\"aligncenter size-full wp-image-5175\" src=\"http:\/\/www.atecordoba.org\/wp-content\/uploads\/2015\/05\/TERMAS_DE_RIO_HONDO_MAYO-JUNIO_-_ATE-e1430863272334.jpg\" alt=\"TERMAS_DE_RIO_HONDO_MAYO-JUNIO_-_ATE\" width=\"530\" height=\"750\" \/><\/a><a href=\"http:\/\/www.atecordoba.org\/wp-content\/uploads\/2015\/05\/BARILOCHE_-_ATE-e1430863263856.jpg\"><img loading=\"lazy\" decoding=\"async\" class=\"aligncenter size-full wp-image-5176\" src=\"http:\/\/www.atecordoba.org\/wp-content\/uploads\/2015\/05\/BARILOCHE_-_ATE-e1430863263856.jpg\" alt=\"BARILOCHE_-_ATE\" width=\"530\" height=\"750\" \/><\/a><a href=\"http:\/\/www.atecordoba.org\/wp-content\/uploads\/2015\/05\/CATARATAS_-_ATE-e1430863254219.jpg\"><img loading=\"lazy\" decoding=\"async\" class=\"aligncenter size-full wp-image-5177\" src=\"http:\/\/www.atecordoba.org\/wp-content\/uploads\/2015\/05\/CATARATAS_-_ATE-e1430863254219.jpg\" alt=\"CATARATAS_-_ATE\" width=\"530\" height=\"750\" \/><\/a><a href=\"http:\/\/www.atecordoba.org\/wp-content\/uploads\/2015\/05\/MERLO_-_MARZO_y_ABRIL_-_ATE-e1430863245330.jpg\"><img loading=\"lazy\" decoding=\"async\" class=\"aligncenter size-full wp-image-5178\" src=\"http:\/\/www.atecordoba.org\/wp-content\/uploads\/2015\/05\/MERLO_-_MARZO_y_ABRIL_-_ATE-e1430863245330.jpg\" alt=\"MERLO_-_MARZO_y_ABRIL_-_ATE\" width=\"530\" height=\"750\" \/><\/a><a href=\"http:\/\/www.atecordoba.org\/wp-content\/uploads\/2015\/05\/MINA_CLAVERO_-_ABRIL_MAYO_-_ATE-e1430863232430.jpg\"><img loading=\"lazy\" decoding=\"async\" class=\"aligncenter size-full wp-image-5179\" src=\"http:\/\/www.atecordoba.org\/wp-content\/uploads\/2015\/05\/MINA_CLAVERO_-_ABRIL_MAYO_-_ATE-e1430863232430.jpg\" alt=\"MINA_CLAVERO_-_ABRIL_MAYO_-_ATE\" width=\"530\" height=\"750\" \/><\/a><a href=\"http:\/\/www.atecordoba.org\/wp-content\/uploads\/2015\/05\/MERLO_-_MARZO_y_ABRIL_-_ATE-e1430863012609.jpg\"><br \/>\n<\/a><\/p>\n","protected":false},"excerpt":{"rendered":"<p>La Secretar\u00eda de Acci\u00f3n Social ofrece diversas alternativas tur\u00edsticas para \u00a0los afiliados de nuestro gremio. Los interesados deben comunicarse con Gustavo Zarate al tel\u00e9fono 0351-4257926 o 4232748, o via mail a atecbaturismo@hotmail.com<\/p>\n","protected":false},"author":1,"featured_media":19220,"comment_status":"open","ping_status":"open","sticky":false,"template":"","format":"standard","meta":{"_exactmetrics_skip_tracking":false,"_exactmetrics_sitenote_active":false,"_exactmetrics_sitenote_note":"","_exactmetrics_sitenote_category":0,"jnews-multi-image_gallery":[],"jnews_single_post":[],"jnews_primary_category":[],"jnews_social_meta":[],"jnews_review":[],"enable_review":"","type":"","name":"","summary":"","brand":"","sku":"","good":[],"bad":[],"score_override":"","override_value":"","rating":[],"price":[],"jnews_override_counter":[],"jnews_post_split":[],"footnotes":""},"categories":[75,86],"tags":[],"class_list":["post-5162","post","type-post","status-publish","format-standard","has-post-thumbnail","hentry","category-accion-social","category-turismo"],"jetpack_featured_media_url":"https:\/\/atecordoba.org\/wp-content\/uploads\/2020\/05\/logo-nuevochico-e1561581322808.png","_links":{"self":[{"href":"https:\/\/atecordoba.org\/index.php?rest_route=\/wp\/v2\/posts\/5162","targetHints":{"allow":["GET"]}}],"collection":[{"href":"https:\/\/atecordoba.org\/index.php?rest_route=\/wp\/v2\/posts"}],"about":[{"href":"https:\/\/atecordoba.org\/index.php?rest_route=\/wp\/v2\/types\/post"}],"author":[{"embeddable":true,"href":"https:\/\/atecordoba.org\/index.php?rest_route=\/wp\/v2\/users\/1"}],"replies":[{"embeddable":true,"href":"https:\/\/atecordoba.org\/index.php?rest_route=%2Fwp%2Fv2%2Fcomments&post=5162"}],"version-history":[{"count":0,"href":"https:\/\/atecordoba.org\/index.php?rest_route=\/wp\/v2\/posts\/5162\/revisions"}],"wp:featuredmedia":[{"embeddable":true,"href":"https:\/\/atecordoba.org\/index.php?rest_route=\/wp\/v2\/media\/19220"}],"wp:attachment":[{"href":"https:\/\/atecordoba.org\/index.php?rest_route=%2Fwp%2Fv2%2Fmedia&parent=5162"}],"wp:term":[{"taxonomy":"category","embeddable":true,"href":"https:\/\/atecordoba.org\/index.php?rest_route=%2Fwp%2Fv2%2Fcategories&post=5162"},{"taxonomy":"post_tag","embeddable":true,"href":"https:\/\/atecordoba.org\/index.php?rest_route=%2Fwp%2Fv2%2Ftags&post=5162"}],"curies":[{"name":"wp","href":"https:\/\/api.w.org\/{rel}","templated":true}]}}