{"id":51613,"date":"2025-11-19T13:20:04","date_gmt":"2025-11-19T16:20:04","guid":{"rendered":"https:\/\/atecordoba.org\/?p=51613"},"modified":"2025-11-19T13:20:04","modified_gmt":"2025-11-19T16:20:04","slug":"los-hornillos-la-comuna-no-se-presento-al-ministerio-de-trabajo-y-ate-adelanto-su-propuesta-de-recomposicion-salarial","status":"publish","type":"post","link":"https:\/\/atecordoba.org\/?p=51613","title":{"rendered":"Los Hornillos: la Comuna no se present\u00f3 al Ministerio de Trabajo y ATE adelant\u00f3 su propuesta de recomposici\u00f3n salarial"},"content":{"rendered":"<p><img loading=\"lazy\" decoding=\"async\" class=\"aligncenter wp-image-51615 \" src=\"https:\/\/atecordoba.org\/wp-content\/uploads\/2025\/11\/WhatsApp-Image-2025-11-19-at-11.08.45-1.jpeg\" alt=\"\" width=\"615\" height=\"313\" srcset=\"https:\/\/atecordoba.org\/wp-content\/uploads\/2025\/11\/WhatsApp-Image-2025-11-19-at-11.08.45-1.jpeg 928w, https:\/\/atecordoba.org\/wp-content\/uploads\/2025\/11\/WhatsApp-Image-2025-11-19-at-11.08.45-1-300x153.jpeg 300w, https:\/\/atecordoba.org\/wp-content\/uploads\/2025\/11\/WhatsApp-Image-2025-11-19-at-11.08.45-1-768x391.jpeg 768w, https:\/\/atecordoba.org\/wp-content\/uploads\/2025\/11\/WhatsApp-Image-2025-11-19-at-11.08.45-1-750x382.jpeg 750w\" sizes=\"auto, (max-width: 615px) 100vw, 615px\" \/>La Comuna de Los Hornillos se ausent\u00f3 hoy a la audiencia del Ministerio de Trabajo de la Provincia, donde hab\u00eda sido convocada para encausar los reclamos salariales y de condiciones de trabajo que ATE viene planteando hace meses.<\/p>\n<p>En ese marco, nuestro gremio hizo la presentaci\u00f3n de la propuesta salarial a los fines que el organismo regulador de las relaciones laborales tenga en su poder la agenda de reclamos del sector.<\/p>\n<p>En la oportunidad estuvieron presentes en representaci\u00f3n de ATE las\/os delegados Gabriela Chavez y Hugo Kastli, junto a los referentes de nuestra organizaci\u00f3n sindical en el Valle de Traslasierra, Nicol\u00e1s Gonz\u00e1lez y Claudia Ortega.<\/p>\n<p>Seguidamente, el funcionario actuante del Ministerio de Trabajo, Roberto Romero, fijo una nueva fecha de audiencia para el pr\u00f3ximo 3 de diciembre.<\/p>\n<p>La comitiva estatal entreg\u00f3 los siguientes reclamos:<\/p>\n<ul>\n<li>Recomposici\u00f3n salarial del 15% para los meses de noviembre y diciembre de 2025.<\/li>\n<li>Pago del bono adeudado de 100 mil pesos.<\/li>\n<li>Recategorizaciones de cuatro trabajadoras que, al ser beneficiadas con el pase a planta permanente, se los ubic\u00f3 en la categor\u00eda m\u00e1s baja, pasando a cobrar menos que en su condici\u00f3n contractual anterior, a pesar de contar con muchos a\u00f1os de antig\u00fcedad.<\/li>\n<li>aumento de los \u00edtems Insalubridad (15%), Asistencia y Puntualidad (12%) y Refrigerio (5%)<\/li>\n<\/ul>\n<p>ATE plante\u00f3 que todos los aumentos deben imputarse al b\u00e1sico salarial.<\/p>\n<p>Por otro lado, nuestro gremio solicit\u00f3 a la cartera laboral que se respeten las licencias y derechos de todo el personal, m\u00e1s all\u00e1 de su situaci\u00f3n contractual, un bono navide\u00f1o de 100 mil pesos y la entrega de la muda de ropa de verano para todo el personal de las distintas \u00e1reas en tiempo y forma, conforme lo establece el Estatuto Municipal.<\/p>\n<p>De esta forma, ATE contin\u00faa defendiendo los derechos de los y las municipales del interior provincial.<\/p>\n<p>&nbsp;<\/p>\n<p>&nbsp;<\/p>\n","protected":false},"excerpt":{"rendered":"<p>La Comuna de Los Hornillos se ausent\u00f3 hoy a la audiencia del Ministerio de Trabajo de la Provincia, donde hab\u00eda sido convocada para encausar los reclamos salariales y de condiciones de trabajo que ATE viene planteando hace meses. En ese marco, nuestro gremio hizo la presentaci\u00f3n de la propuesta salarial a los fines que el [&hellip;]<\/p>\n","protected":false},"author":7,"featured_media":51615,"comment_status":"open","ping_status":"open","sticky":false,"template":"","format":"standard","meta":{"_exactmetrics_skip_tracking":false,"_exactmetrics_sitenote_active":false,"_exactmetrics_sitenote_note":"","_exactmetrics_sitenote_category":0,"jnews-multi-image_gallery":[],"jnews_single_post":[],"jnews_primary_category":[],"jnews_social_meta":[],"jnews_review":[],"enable_review":"","type":"","name":"","summary":"","brand":"","sku":"","good":[],"bad":[],"score_override":"","override_value":"","rating":[],"price":[],"jnews_override_counter":[],"jnews_post_split":[],"footnotes":""},"categories":[20],"tags":[],"class_list":["post-51613","post","type-post","status-publish","format-standard","has-post-thumbnail","hentry","category-municipales"],"jetpack_featured_media_url":"https:\/\/atecordoba.org\/wp-content\/uploads\/2025\/11\/WhatsApp-Image-2025-11-19-at-11.08.45-1.jpeg","_links":{"self":[{"href":"https:\/\/atecordoba.org\/index.php?rest_route=\/wp\/v2\/posts\/51613","targetHints":{"allow":["GET"]}}],"collection":[{"href":"https:\/\/atecordoba.org\/index.php?rest_route=\/wp\/v2\/posts"}],"about":[{"href":"https:\/\/atecordoba.org\/index.php?rest_route=\/wp\/v2\/types\/post"}],"author":[{"embeddable":true,"href":"https:\/\/atecordoba.org\/index.php?rest_route=\/wp\/v2\/users\/7"}],"replies":[{"embeddable":true,"href":"https:\/\/atecordoba.org\/index.php?rest_route=%2Fwp%2Fv2%2Fcomments&post=51613"}],"version-history":[{"count":1,"href":"https:\/\/atecordoba.org\/index.php?rest_route=\/wp\/v2\/posts\/51613\/revisions"}],"predecessor-version":[{"id":51616,"href":"https:\/\/atecordoba.org\/index.php?rest_route=\/wp\/v2\/posts\/51613\/revisions\/51616"}],"wp:featuredmedia":[{"embeddable":true,"href":"https:\/\/atecordoba.org\/index.php?rest_route=\/wp\/v2\/media\/51615"}],"wp:attachment":[{"href":"https:\/\/atecordoba.org\/index.php?rest_route=%2Fwp%2Fv2%2Fmedia&parent=51613"}],"wp:term":[{"taxonomy":"category","embeddable":true,"href":"https:\/\/atecordoba.org\/index.php?rest_route=%2Fwp%2Fv2%2Fcategories&post=51613"},{"taxonomy":"post_tag","embeddable":true,"href":"https:\/\/atecordoba.org\/index.php?rest_route=%2Fwp%2Fv2%2Ftags&post=51613"}],"curies":[{"name":"wp","href":"https:\/\/api.w.org\/{rel}","templated":true}]}}