{"id":51609,"date":"2025-11-18T12:15:28","date_gmt":"2025-11-18T15:15:28","guid":{"rendered":"https:\/\/atecordoba.org\/?p=51609"},"modified":"2025-11-18T12:15:28","modified_gmt":"2025-11-18T15:15:28","slug":"ate-apoya-el-plenario-sindical-en-rio-tercero-y-se-compromete-a-seguir-luchando-contra-la-reforma-laboral-de-milei","status":"publish","type":"post","link":"https:\/\/atecordoba.org\/?p=51609","title":{"rendered":"ATE apoya el Plenario Sindical en R\u00edo Tercero y se compromete a seguir luchando contra la Reforma Laboral de Milei"},"content":{"rendered":"<p><img loading=\"lazy\" decoding=\"async\" class=\"aligncenter wp-image-51610 \" src=\"https:\/\/atecordoba.org\/wp-content\/uploads\/2025\/11\/WhatsApp-Image-2025-11-18-at-11.41.47-1024x1024.jpeg\" alt=\"\" width=\"613\" height=\"613\" \/>Este martes a las 18 horas se realizar\u00e1 en R\u00edo Tercero el Plenario Sindical convocado por organizaciones sindicales combativas para abordar la Reforma Laboral regresiva que pretende imponer el gobierno de Javier Milei.<\/p>\n<p>ATE C\u00f3rdoba no podr\u00e1 participar del c\u00f3nclave por lo que expresa de manera anticipada el apoyo a las y los compa\u00f1eros, dirigentes de diversos gremios en lucha, y se compromete a continuar sosteniendo la lucha en defensa de los derechos laborales vigentes en nuestro pa\u00eds, as\u00ed como de participar en las futuras convocatorias que el Plenario resuelva realizar. Y enviamos un saludo fraternos a los compa\u00f1eros de petroqu\u00edmicos del SPIQYP de R\u00edo Tercero, organizadores del encuentro.<\/p>\n<p>Nuestro compromiso es de hoy sino que se viene ratificando desde la primera protesta que se realiz\u00f3 en C\u00f3rdoba contra la pol\u00edtica de Milei, llevada a cabo el 11 de diciembre de 2023, un d\u00eda despu\u00e9s de asumido el actual Presidente, construyendo la unidad en la acci\u00f3n que este Plenario viene a plasmar ahora en R\u00edo Tercero.<\/p>\n<p>Las y los estatales estaremos siempre al pie de la lucha por la recuperaci\u00f3n salarial, frente al ajuste libertario, para planificar un plan de lucha que exprese las demandas de las bases para dar vuelta la tortilla y retomar el camino de la patria justa, libre y soberana que necesita el pueblo argentino.<\/p>\n","protected":false},"excerpt":{"rendered":"<p>Este martes a las 18 horas se realizar\u00e1 en R\u00edo Tercero el Plenario Sindical convocado por organizaciones sindicales combativas para abordar la Reforma Laboral regresiva que pretende imponer el gobierno de Javier Milei. ATE C\u00f3rdoba no podr\u00e1 participar del c\u00f3nclave por lo que expresa de manera anticipada el apoyo a las y los compa\u00f1eros, dirigentes [&hellip;]<\/p>\n","protected":false},"author":7,"featured_media":51610,"comment_status":"open","ping_status":"open","sticky":false,"template":"","format":"standard","meta":{"_exactmetrics_skip_tracking":false,"_exactmetrics_sitenote_active":false,"_exactmetrics_sitenote_note":"","_exactmetrics_sitenote_category":0,"jnews-multi-image_gallery":[],"jnews_single_post":[],"jnews_primary_category":[],"jnews_social_meta":[],"jnews_review":[],"enable_review":"","type":"","name":"","summary":"","brand":"","sku":"","good":[],"bad":[],"score_override":"","override_value":"","rating":[],"price":[],"jnews_override_counter":[],"jnews_post_split":[],"footnotes":""},"categories":[53],"tags":[],"class_list":["post-51609","post","type-post","status-publish","format-standard","has-post-thumbnail","hentry","category-comunicados-de-prensa"],"jetpack_featured_media_url":"https:\/\/atecordoba.org\/wp-content\/uploads\/2025\/11\/WhatsApp-Image-2025-11-18-at-11.41.47-e1763478919383.jpeg","_links":{"self":[{"href":"https:\/\/atecordoba.org\/index.php?rest_route=\/wp\/v2\/posts\/51609","targetHints":{"allow":["GET"]}}],"collection":[{"href":"https:\/\/atecordoba.org\/index.php?rest_route=\/wp\/v2\/posts"}],"about":[{"href":"https:\/\/atecordoba.org\/index.php?rest_route=\/wp\/v2\/types\/post"}],"author":[{"embeddable":true,"href":"https:\/\/atecordoba.org\/index.php?rest_route=\/wp\/v2\/users\/7"}],"replies":[{"embeddable":true,"href":"https:\/\/atecordoba.org\/index.php?rest_route=%2Fwp%2Fv2%2Fcomments&post=51609"}],"version-history":[{"count":1,"href":"https:\/\/atecordoba.org\/index.php?rest_route=\/wp\/v2\/posts\/51609\/revisions"}],"predecessor-version":[{"id":51611,"href":"https:\/\/atecordoba.org\/index.php?rest_route=\/wp\/v2\/posts\/51609\/revisions\/51611"}],"wp:featuredmedia":[{"embeddable":true,"href":"https:\/\/atecordoba.org\/index.php?rest_route=\/wp\/v2\/media\/51610"}],"wp:attachment":[{"href":"https:\/\/atecordoba.org\/index.php?rest_route=%2Fwp%2Fv2%2Fmedia&parent=51609"}],"wp:term":[{"taxonomy":"category","embeddable":true,"href":"https:\/\/atecordoba.org\/index.php?rest_route=%2Fwp%2Fv2%2Fcategories&post=51609"},{"taxonomy":"post_tag","embeddable":true,"href":"https:\/\/atecordoba.org\/index.php?rest_route=%2Fwp%2Fv2%2Ftags&post=51609"}],"curies":[{"name":"wp","href":"https:\/\/api.w.org\/{rel}","templated":true}]}}