{"id":51605,"date":"2025-11-18T09:49:56","date_gmt":"2025-11-18T12:49:56","guid":{"rendered":"https:\/\/atecordoba.org\/?p=51605"},"modified":"2025-11-18T09:49:56","modified_gmt":"2025-11-18T12:49:56","slug":"ate-cordoba-y-cta-a-repudian-la-persecucion-del-gobierno-nacional-contra-rodolfo-aguiar","status":"publish","type":"post","link":"https:\/\/atecordoba.org\/?p=51605","title":{"rendered":"ATE C\u00f3rdoba y CTA-A repudian la persecuci\u00f3n del Gobierno Nacional contra Rodolfo Aguiar"},"content":{"rendered":"<p><img loading=\"lazy\" decoding=\"async\" class=\"aligncenter wp-image-51606 \" src=\"https:\/\/atecordoba.org\/wp-content\/uploads\/2025\/11\/bullrich-aguiar.jpeg\" alt=\"\" width=\"620\" height=\"349\" srcset=\"https:\/\/atecordoba.org\/wp-content\/uploads\/2025\/11\/bullrich-aguiar.jpeg 1000w, https:\/\/atecordoba.org\/wp-content\/uploads\/2025\/11\/bullrich-aguiar-300x169.jpeg 300w, https:\/\/atecordoba.org\/wp-content\/uploads\/2025\/11\/bullrich-aguiar-768x432.jpeg 768w, https:\/\/atecordoba.org\/wp-content\/uploads\/2025\/11\/bullrich-aguiar-750x422.jpeg 750w\" sizes=\"auto, (max-width: 620px) 100vw, 620px\" \/>ATE C\u00f3rdoba y la CTA Aut\u00f3noma denuncian el accionar persecutorio desplegado por el Gobierno nacional, que una vez m\u00e1s recurre a mecanismos de amedrentamiento para intentar disciplinar a las organizaciones de trabajadores.<\/p>\n<p>En esta oportunidad, la ministra de Seguridad, Patricia Bullrich, present\u00f3 una denuncia penal contra el secretario general de ATE Nacional, Rodolfo Aguiar, acus\u00e1ndolo de supuestas \u201camenazas p\u00fablicas contra el orden constitucional\u201d a dos d\u00edas del primer Paro Nacional contra la Reforma Laboral.<\/p>\n<p>Este hecho no puede interpretarse sino como un nuevo intento de criminalizar la protesta social y judicializar las leg\u00edtimas demandas de los sectores populares. La utilizaci\u00f3n del aparato judicial para perseguir a dirigentes sindicales y opositores constituye una pr\u00e1ctica reiterada del Gobierno, que busca instalar el miedo, desmovilizar y quebrar la resistencia frente a un conjunto de pol\u00edticas regresivas que afectan de manera directa los derechos laborales y las condiciones de vida de millones de trabajadoras y trabajadores.<\/p>\n<p>Frente a esta situaci\u00f3n, ATE C\u00f3rdoba y la CTA Aut\u00f3noma expresan su total solidaridad y su m\u00e1s en\u00e9rgico respaldo a Rodolfo Aguiar. Rechazamos de manera categ\u00f3rica el accionar gubernamental y advertimos sobre los peligros que implica continuar con este modelo de pa\u00eds donde la protesta social se convierta en un delito y la defensa de los derechos sea castigada con persecuciones y causas penales.<\/p>\n<p>En C\u00f3rdoba bien sabemos c\u00f3mo la judicializaci\u00f3n de dirigentes populares pretende amedrentar a las organizaciones que llevan adelante la protesta social -garantizada por la Constituci\u00f3n Nacional-, resisten el ajuste y defienden los derechos laborales vigentes. El secretario General del Consejo Directivo Provincial, Federico Giuliani, ha debido enfrentar numerosas causas judiciales, armadas todas por el mismo fiscal, en una muestra clara de la pol\u00edtica persecutoria del gobierno provincial y su brazo judicial.<\/p>\n<p>A pesar de ello, ratificamos nuestro compromiso de acompa\u00f1ar, fortalecer y sostener todas las iniciativas necesarias para enfrentar la infame Reforma Laboral que quiere imponer el gobierno, cuyo \u00fanico objetivo es precarizar a\u00fan m\u00e1s a las y los trabajadores y pulverizar conquistas hist\u00f3ricas del movimiento obrero.<\/p>\n","protected":false},"excerpt":{"rendered":"<p>ATE C\u00f3rdoba y la CTA Aut\u00f3noma denuncian el accionar persecutorio desplegado por el Gobierno nacional, que una vez m\u00e1s recurre a mecanismos de amedrentamiento para intentar disciplinar a las organizaciones de trabajadores. En esta oportunidad, la ministra de Seguridad, Patricia Bullrich, present\u00f3 una denuncia penal contra el secretario general de ATE Nacional, Rodolfo Aguiar, acus\u00e1ndolo [&hellip;]<\/p>\n","protected":false},"author":7,"featured_media":51606,"comment_status":"open","ping_status":"open","sticky":false,"template":"","format":"standard","meta":{"_exactmetrics_skip_tracking":false,"_exactmetrics_sitenote_active":false,"_exactmetrics_sitenote_note":"","_exactmetrics_sitenote_category":0,"jnews-multi-image_gallery":[],"jnews_single_post":[],"jnews_primary_category":[],"jnews_social_meta":[],"jnews_review":[],"enable_review":"","type":"","name":"","summary":"","brand":"","sku":"","good":[],"bad":[],"score_override":"","override_value":"","rating":[],"price":[],"jnews_override_counter":[],"jnews_post_split":[],"footnotes":""},"categories":[341],"tags":[],"class_list":["post-51605","post","type-post","status-publish","format-standard","has-post-thumbnail","hentry","category-cdp"],"jetpack_featured_media_url":"https:\/\/atecordoba.org\/wp-content\/uploads\/2025\/11\/bullrich-aguiar.jpeg","_links":{"self":[{"href":"https:\/\/atecordoba.org\/index.php?rest_route=\/wp\/v2\/posts\/51605","targetHints":{"allow":["GET"]}}],"collection":[{"href":"https:\/\/atecordoba.org\/index.php?rest_route=\/wp\/v2\/posts"}],"about":[{"href":"https:\/\/atecordoba.org\/index.php?rest_route=\/wp\/v2\/types\/post"}],"author":[{"embeddable":true,"href":"https:\/\/atecordoba.org\/index.php?rest_route=\/wp\/v2\/users\/7"}],"replies":[{"embeddable":true,"href":"https:\/\/atecordoba.org\/index.php?rest_route=%2Fwp%2Fv2%2Fcomments&post=51605"}],"version-history":[{"count":1,"href":"https:\/\/atecordoba.org\/index.php?rest_route=\/wp\/v2\/posts\/51605\/revisions"}],"predecessor-version":[{"id":51607,"href":"https:\/\/atecordoba.org\/index.php?rest_route=\/wp\/v2\/posts\/51605\/revisions\/51607"}],"wp:featuredmedia":[{"embeddable":true,"href":"https:\/\/atecordoba.org\/index.php?rest_route=\/wp\/v2\/media\/51606"}],"wp:attachment":[{"href":"https:\/\/atecordoba.org\/index.php?rest_route=%2Fwp%2Fv2%2Fmedia&parent=51605"}],"wp:term":[{"taxonomy":"category","embeddable":true,"href":"https:\/\/atecordoba.org\/index.php?rest_route=%2Fwp%2Fv2%2Fcategories&post=51605"},{"taxonomy":"post_tag","embeddable":true,"href":"https:\/\/atecordoba.org\/index.php?rest_route=%2Fwp%2Fv2%2Ftags&post=51605"}],"curies":[{"name":"wp","href":"https:\/\/api.w.org\/{rel}","templated":true}]}}