{"id":51592,"date":"2025-11-17T10:43:16","date_gmt":"2025-11-17T13:43:16","guid":{"rendered":"https:\/\/atecordoba.org\/?p=51592"},"modified":"2025-11-17T10:43:16","modified_gmt":"2025-11-17T13:43:16","slug":"el-regreso-de-peron-a-medio-siglo-de-un-acontecimiento-historico","status":"publish","type":"post","link":"https:\/\/atecordoba.org\/?p=51592","title":{"rendered":"El regreso de Per\u00f3n: a medio siglo de un acontecimiento hist\u00f3rico"},"content":{"rendered":"<figure id=\"attachment_51593\" aria-describedby=\"caption-attachment-51593\" style=\"width: 550px\" class=\"wp-caption aligncenter\"><img loading=\"lazy\" decoding=\"async\" class=\"wp-image-51593 size-full\" src=\"https:\/\/atecordoba.org\/wp-content\/uploads\/2025\/11\/367-300x200-1.jpg\" alt=\"\" width=\"550\" height=\"367\" srcset=\"https:\/\/atecordoba.org\/wp-content\/uploads\/2025\/11\/367-300x200-1.jpg 550w, https:\/\/atecordoba.org\/wp-content\/uploads\/2025\/11\/367-300x200-1-300x200.jpg 300w\" sizes=\"auto, (max-width: 550px) 100vw, 550px\" \/><figcaption id=\"caption-attachment-51593\" class=\"wp-caption-text\">CREATOR: gd-jpeg v1.0 (using IJG JPEG v62), quality = 82<\/figcaption><\/figure>\n<h6>Por Juan Carlos Giuliani*<\/h6>\n<p>El 17 de noviembre de 1972 -hace 53 a\u00f1os- se produjo uno de los hechos m\u00e1s trascendentes en la historia argentina del Siglo XX: El regreso de Juan Domingo Per\u00f3n tras 17 a\u00f1os de exilio y proscripci\u00f3n. El acontecimiento, que se caracteriz\u00f3 por una masiva participaci\u00f3n de la juventud, es recordado como el \u201cD\u00eda del Militante\u201d.<\/p>\n<p>Esa juventud protagoniz\u00f3 la campa\u00f1a del \u201cLuche y Vuelve\u201d que ser\u00e1 decisiva para concretar el regreso de Per\u00f3n. Una generaci\u00f3n de militantes, que se convertir\u00eda en el blanco preferido del terrorismo de Estado, hab\u00eda participado en el \u201cCordobazo\u201d y otras puebladas que incendiaron la Patria.<img loading=\"lazy\" decoding=\"async\" class=\"alignleft wp-image-51594 \" src=\"https:\/\/atecordoba.org\/wp-content\/uploads\/2025\/11\/582982204_25609375038670738_883835792090675783_n-227x300-1.jpg\" alt=\"\" width=\"312\" height=\"412\" \/><\/p>\n<p>Despu\u00e9s vino la noche, la represi\u00f3n y la muerte. La lucha por sobrevivir al horror. La militancia popular y revolucionaria -sus mejores cuadros- fue diezmada por la tiran\u00eda olig\u00e1rquico-militar. Requisito indispensable para aniquilar la Justicia Social e imponer el neoliberalismo en la Argentina.<\/p>\n<p>El retorno del sistema institucional enhebr\u00f3 una cadena de frustraciones que tornan en ilusoria la vigencia de una democracia social y participativa si no se modifica de ra\u00edz la injusta matriz productiva y distributiva en la Argentina.<\/p>\n<p>La militancia de la tiza y el carb\u00f3n, abnegada, capaz de dar la vida por una causa justa, fue reemplazada por los manipuladores de encuestas, los asesores de imagen y los operadores pol\u00edticos, gerentes inescrupulosos dispuestos a realizar la tarea que sea menester para seguir trepando en la escalera de la fama. El puntero y su inmensa red de clientelismo pol\u00edtico suplant\u00f3 la pasi\u00f3n de militar por un proyecto nuevo de sociedad. La degradaci\u00f3n del sistema se acent\u00faa. La imp\u00fadica capacidad de la mayor\u00eda de la dirigencia pol\u00edtica y social para reciclarse detr\u00e1s del poder de turno resulta altamente demostrativa de que el perro sigue siendo el mismo. S\u00f3lo ha cambiado de collar.<\/p>\n<p>Ya se sabe, no hay proyecto de transformaci\u00f3n social sin la clase trabajadora organizada y sin el concurso de los otros sectores que abonan el campo popular. Hemos aprendido lo suficiente como para tener claro que ning\u00fan cambio profundo puede encararse sin esa poderosa herramienta que se llama organizaci\u00f3n. Es necesario cerrar el cap\u00edtulo en el que cada uno tira para su lado y apostar a la construcci\u00f3n colectiva.<img loading=\"lazy\" decoding=\"async\" class=\"alignright wp-image-51595 \" src=\"https:\/\/atecordoba.org\/wp-content\/uploads\/2025\/11\/images-4-300x226-1.jpg\" alt=\"\" width=\"377\" height=\"284\" \/><\/p>\n<p>Resulta imperioso volver a cumplir un papel transformador. Porque otro no nos interesa y dejar\u00edamos de ser lo que somos. Sabemos que no es una sola cuesti\u00f3n la que debemos revisar, debatir, repensar. Pero tenemos que se\u00f1alar una en especial: La impostergable necesidad de la formaci\u00f3n de cuadros, activistas y dirigentes. En otras palabras: La construcci\u00f3n de una militancia organizada. A ello, hay que sumar la articulaci\u00f3n de todas las experiencias actualmente en marcha que nos permitan fortalecer una amplia red con nuestros propios medios de comunicaci\u00f3n.<\/p>\n<p>La disputa cuerpo a cuerpo con la ideolog\u00eda dominante se da en el territorio. De all\u00ed la importancia de robustecer la presencia de las organizaciones territoriales y los movimientos sociales para compartir con las organizaciones sindicales, de jubilados, ambientales, pueblos originarios, derechos humanos, culturales, feministas, juveniles, partidarias, el desaf\u00edo de sostener una alternativa de poder real y viable a los grupos hegem\u00f3nicos.<\/p>\n<p>A m\u00e1s de medio siglo de aquel acontecimiento hist\u00f3rico, en esta etapa crucial que atraviesa nuestro pa\u00eds acosado por la ofensiva desembozada del FMI y la oligarqu\u00eda gobernante y ante la avanzada de la ultraderecha neoliberal y fascista, que reivindica la dictadura genocida y lidera los grupos anti-derechos, es imprescindible recuperar la savia de la militancia, la m\u00edstica de ser parte de un proyecto colectivo, la cultura de la solidaridad y la identidad hist\u00f3rica que nos emparenta con las mejores tradiciones de lucha de nuestro pueblo.<\/p>\n<p>Ser\u00e1 el camino para constituir la fuerza pol\u00edtica y social necesaria que permita contrarrestar los embates de los vendepatria y construir un Proyecto de Emancipaci\u00f3n Nacional.<\/p>\n<h6><strong>*Periodista. Escritor. Congresal Nacional de la CTA Aut\u00f3noma en representaci\u00f3n de la provincia de C\u00f3rdoba<\/strong><\/h6>\n","protected":false},"excerpt":{"rendered":"<p>Por Juan Carlos Giuliani* El 17 de noviembre de 1972 -hace 53 a\u00f1os- se produjo uno de los hechos m\u00e1s trascendentes en la historia argentina del Siglo XX: El regreso de Juan Domingo Per\u00f3n tras 17 a\u00f1os de exilio y proscripci\u00f3n. El acontecimiento, que se caracteriz\u00f3 por una masiva participaci\u00f3n de la juventud, es recordado [&hellip;]<\/p>\n","protected":false},"author":7,"featured_media":51593,"comment_status":"open","ping_status":"open","sticky":false,"template":"","format":"standard","meta":{"_exactmetrics_skip_tracking":false,"_exactmetrics_sitenote_active":false,"_exactmetrics_sitenote_note":"","_exactmetrics_sitenote_category":0,"jnews-multi-image_gallery":[],"jnews_single_post":[],"jnews_primary_category":[],"jnews_social_meta":[],"jnews_review":[],"enable_review":"","type":"","name":"","summary":"","brand":"","sku":"","good":[],"bad":[],"score_override":"","override_value":"","rating":[],"price":[],"jnews_override_counter":[],"jnews_post_split":[],"footnotes":""},"categories":[350],"tags":[],"class_list":["post-51592","post","type-post","status-publish","format-standard","has-post-thumbnail","hentry","category-opinion"],"jetpack_featured_media_url":"https:\/\/atecordoba.org\/wp-content\/uploads\/2025\/11\/367-300x200-1.jpg","_links":{"self":[{"href":"https:\/\/atecordoba.org\/index.php?rest_route=\/wp\/v2\/posts\/51592","targetHints":{"allow":["GET"]}}],"collection":[{"href":"https:\/\/atecordoba.org\/index.php?rest_route=\/wp\/v2\/posts"}],"about":[{"href":"https:\/\/atecordoba.org\/index.php?rest_route=\/wp\/v2\/types\/post"}],"author":[{"embeddable":true,"href":"https:\/\/atecordoba.org\/index.php?rest_route=\/wp\/v2\/users\/7"}],"replies":[{"embeddable":true,"href":"https:\/\/atecordoba.org\/index.php?rest_route=%2Fwp%2Fv2%2Fcomments&post=51592"}],"version-history":[{"count":1,"href":"https:\/\/atecordoba.org\/index.php?rest_route=\/wp\/v2\/posts\/51592\/revisions"}],"predecessor-version":[{"id":51596,"href":"https:\/\/atecordoba.org\/index.php?rest_route=\/wp\/v2\/posts\/51592\/revisions\/51596"}],"wp:featuredmedia":[{"embeddable":true,"href":"https:\/\/atecordoba.org\/index.php?rest_route=\/wp\/v2\/media\/51593"}],"wp:attachment":[{"href":"https:\/\/atecordoba.org\/index.php?rest_route=%2Fwp%2Fv2%2Fmedia&parent=51592"}],"wp:term":[{"taxonomy":"category","embeddable":true,"href":"https:\/\/atecordoba.org\/index.php?rest_route=%2Fwp%2Fv2%2Fcategories&post=51592"},{"taxonomy":"post_tag","embeddable":true,"href":"https:\/\/atecordoba.org\/index.php?rest_route=%2Fwp%2Fv2%2Ftags&post=51592"}],"curies":[{"name":"wp","href":"https:\/\/api.w.org\/{rel}","templated":true}]}}