{"id":51581,"date":"2025-11-17T10:34:00","date_gmt":"2025-11-17T13:34:00","guid":{"rendered":"https:\/\/atecordoba.org\/?p=51581"},"modified":"2025-11-17T12:10:25","modified_gmt":"2025-11-17T15:10:25","slug":"homenaje-a-la-militancia-estatal-a-50-anos-de-la-voladura-de-la-seccional-de-ate-punilla-por-la-triple-a","status":"publish","type":"post","link":"https:\/\/atecordoba.org\/?p=51581","title":{"rendered":"Homenaje a la militancia estatal: a 50 a\u00f1os de la voladura de la Seccional de ATE Punilla por la Triple A"},"content":{"rendered":"<p><img loading=\"lazy\" decoding=\"async\" class=\"aligncenter wp-image-51582 \" src=\"https:\/\/atecordoba.org\/wp-content\/uploads\/2025\/11\/tapa-2-1024x576.jpg\" alt=\"\" width=\"636\" height=\"358\" srcset=\"https:\/\/atecordoba.org\/wp-content\/uploads\/2025\/11\/tapa-2-1024x576.jpg 1024w, https:\/\/atecordoba.org\/wp-content\/uploads\/2025\/11\/tapa-2-300x169.jpg 300w, https:\/\/atecordoba.org\/wp-content\/uploads\/2025\/11\/tapa-2-768x432.jpg 768w, https:\/\/atecordoba.org\/wp-content\/uploads\/2025\/11\/tapa-2-750x422.jpg 750w, https:\/\/atecordoba.org\/wp-content\/uploads\/2025\/11\/tapa-2-1140x641.jpg 1140w, https:\/\/atecordoba.org\/wp-content\/uploads\/2025\/11\/tapa-2.jpg 1280w\" sizes=\"auto, (max-width: 636px) 100vw, 636px\" \/>En un acto cargado de memoria y de un alto voltaje emocional, con la convicci\u00f3n de que la salida es colectiva, trabajadores, jubilados, dirigentes sindicales y artistas se reunieron el s\u00e1bado para inaugurar un mural en la hist\u00f3rica sede de ATE en Santa Mar\u00eda de Punilla, un edificio que hace 50 a\u00f1os fue parcialmente destruido en un atentado perpetrado por la Triple A y que hoy busca recuperar visibilidad, color y vida. La actividad, organizada por ATE C\u00f3rdoba, cont\u00f3 con la adhesi\u00f3n de la Mesa de Derechos Humanos de Cosqu\u00edn y Santa Mar\u00eda de Punilla.<\/p>\n<p>La actividad estuvo organizada por la seccional ATE Cruz del Eje, con el acompa\u00f1amiento del Consejo Directivo Provincial y el Consejo Directivo Nacional.<\/p>\n<p>La jornada -que se desarroll\u00f3 en el Centro de Jubilados \u201cJulio Garc\u00eda\u201d- comenz\u00f3 con el reconocimiento al artista Mario V\u00e9lez, de Cruz del Eje, responsable de la primera parte del mural que ya cubre uno de los laterales del edificio. Mientras se anunciaba que la Escuela de Artes de Cosqu\u00edn continuar\u00e1 la obra en los pr\u00f3ximos meses, se destacaba el valor simb\u00f3lico de volver a poner en pie, con arte y comunidad, un espacio que hab\u00eda sido silenciado.<\/p>\n<p>V\u00e9lez, visiblemente agradecido, explic\u00f3 que su intenci\u00f3n fue representar que este lugar sigue vivo a pesar de todo lo que sufri\u00f3. Cont\u00f3 que la gente del barrio se acercaba mientras pintaban, celebrando que la esquina volviera a tener color, y expres\u00f3 que busc\u00f3 transmitir la memoria y la lucha del gremio a trav\u00e9s de im\u00e1genes que reivindican su historia. La respuesta de la comunidad confirm\u00f3 que el arte puede restituir identidad donde antes hubo miedo.<img loading=\"lazy\" decoding=\"async\" class=\"alignleft wp-image-51583 \" src=\"https:\/\/atecordoba.org\/wp-content\/uploads\/2025\/11\/ampliada-centro-jubilados-punilla.jpg\" alt=\"\" width=\"372\" height=\"279\" \/><\/p>\n<p>La emoci\u00f3n creci\u00f3 cuando tom\u00f3 la palabra Juan Yacobs, Secretario General de la CTA Aut\u00f3noma Punilla, quien record\u00f3 que los trabajadores que sostuvieron esta Seccional en los a\u00f1os m\u00e1s duros de la dictadura olig\u00e1rquico-militar dejaron un legado de coraje que \u201cni bombas, ni atropellos, ni secuestros pudieron borrar\u201d.<\/p>\n<p>Para \u00e9l, el mural expresa con claridad que los represores perdieron, porque \u201cel arte y los colores le ganaron al humo y al ruido de las bombas\u201d.<\/p>\n<p>En su intervenci\u00f3n tambi\u00e9n alert\u00f3 sobre el contexto actual: aunque ya no hay golpes militares, se\u00f1al\u00f3 que hoy existen \u201cgolpes judiciales, persecuciones y asfixia econ\u00f3mica\u201d contra las organizaciones sindicales. Reivindic\u00f3 que recuperar la memoria es imprescindible para enfrentar las reformas y el ajuste que se anuncian desde el Gobierno vendepatria de Milei y la casta.<\/p>\n<p><strong>Recuperar la historia y fortalecer el presente<\/strong><\/p>\n<p>El acto continu\u00f3 con el mensaje de Juan Pablo \u201cBeto\u201d Pozzi, Secretario General de ATE Seccional Noroeste y Secretario Gremial de la CTA-A Punilla, quien record\u00f3 que muchos vecinos desconoc\u00edan por completo la historia del edificio, porque el miedo de la \u00e9poca hab\u00eda silenciado a generaciones enteras.<\/p>\n<p>Subray\u00f3 que la represi\u00f3n no fue s\u00f3lo en las grandes ciudades: Tambi\u00e9n las Tres AAA actuaron en pueblos como \u00e9ste, persiguiendo a trabajadores que se organizaban.<img loading=\"lazy\" decoding=\"async\" class=\"alignright wp-image-51584 \" src=\"https:\/\/atecordoba.org\/wp-content\/uploads\/2025\/11\/pozzi.jpg\" alt=\"\" width=\"365\" height=\"274\" \/><\/p>\n<p>Reivindic\u00f3 el rol de la cultura como forma de resistencia en un momento donde, asegur\u00f3, el Gobierno Nacional la desprecia. Enfatiz\u00f3 las similitudes entre los discursos estigmatizantes del pasado y las expresiones actuales del Presidente Milei, y remarc\u00f3 que, aunque intentaron volar la sede, \u201cel edificio sigue en pie y seguir\u00e1 estando en pie\u201d.<\/p>\n<p>La presidenta del Centro de Jubilados provincial de ATE, Teresa Romero, aport\u00f3 una de las intervenciones m\u00e1s emotivas del encuentro. Record\u00f3 la sentencia reciente contra los responsables del asesinato del hermano de una compa\u00f1era, dictada medio siglo despu\u00e9s, y se\u00f1al\u00f3 que aunque llega tarde, demuestra que la lucha perseverante puede lograr justicia.<\/p>\n<p>Cuestion\u00f3 fuertemente al Gobierno actual y llam\u00f3 a no caer en el relato de un apoyo social mayoritario, recordando que una enorme parte del electorado no vot\u00f3.<\/p>\n<p><strong>Salir adelante ante la reproducci\u00f3n del ultraderechismo<\/strong><\/p>\n<p>Por su parte, Valeria Taramasco, Secretaria de Derechos Humanos de ATE Nacional, apunt\u00f3 que \u201ces importante custodiar la memoria para saber de d\u00f3nde venimos y no olvidar el ataque a los trabajadores y trabajadoras que sufrimos durante la dictadura y que hoy en d\u00eda se reproducen a diario con el Gobierno ultraderechista de Milei\u201d.<\/p>\n<p><img loading=\"lazy\" decoding=\"async\" class=\"alignleft wp-image-51585 \" src=\"https:\/\/atecordoba.org\/wp-content\/uploads\/2025\/11\/romero.jpeg\" alt=\"\" width=\"380\" height=\"285\" \/>Para ella, el atentado contra ATE Punilla en la d\u00e9cada de plomo, \u201ces un agravio del poder pero tambi\u00e9n una distinci\u00f3n. Los sobrevivientes que viven para contarla, podr\u00e1n decir que para los que mandaban en esa \u00e9poca oscura -que son los mismos de hoy-, nuestro sindicato era y es peligroso porque no transa y defiende a rajatabla los derechos de los trabajadores\u201d.<\/p>\n<p>La jornada cerr\u00f3 con la palabra de Jorge Chalup, del Consejo Directivo Provincial (CDP) de ATE C\u00f3rdoba, quien transmiti\u00f3 el saludo del Secretario General Federico Giuliani -actualmente realizando una pasant\u00eda sindical y comunitaria en el Pa\u00eds Vasco-y reivindic\u00f3 la importancia de sostener las banderas hist\u00f3ricas del gremio.<\/p>\n<p>El Secretario Gremial de ATE y Secretario General de la CTA-A Regional C\u00f3rdoba Capital -que estuvo junto al Secretario de Organizaci\u00f3n del CDP, Javier Bracamonte-, asegur\u00f3 que la clase trabajadora atraviesa momentos de ofensiva de la derecha y la oligarqu\u00eda, pero expres\u00f3 plena confianza en que, igual que no pudo la dictadura, tampoco podr\u00e1 el actual Gobierno.<\/p>\n<p>\u201cVamos a salir adelante; este ser\u00e1 un mal recuerdo en la historia\u201d, afirm\u00f3.<\/p>\n<p>Entre abrazos, recuerdos y miradas cargadas de futuro, el acto dej\u00f3 instalada la certeza de que la memoria no s\u00f3lo revive lo que intentaron borrar, sino que se convierte en una herramienta para organizar las luchas presentes. All\u00ed donde hubo miedo, vuelve a aparecer color; donde hubo silencio, vuelve la palabra; donde hubo destrucci\u00f3n, vuelve a nacer comunidad. El mural es apenas la primera capa de pintura: Debajo late una historia que se rehace en cada gesto colectivo.<img loading=\"lazy\" decoding=\"async\" class=\"alignright wp-image-51586 \" src=\"https:\/\/atecordoba.org\/wp-content\/uploads\/2025\/11\/casrranza.jpg\" alt=\"\" width=\"332\" height=\"441\" \/><\/p>\n<p><strong>La historia late en clave colectiva<\/strong><\/p>\n<p>A continuaci\u00f3n incorporamos la transcripci\u00f3n del emotivo discurso del compa\u00f1ero sobreviviente de la Seccional ATE Punilla del a\u00f1o 1975, el compa\u00f1ero \u201cLito\u201d Carranza que estuvo acompa\u00f1ado por su par Nora Cendra:<\/p>\n<p>\u201cEn aquella madrugada del 14 de noviembre de 1975, de la cual hoy se cumplen 50 a\u00f1os, ocurri\u00f3 la cobarde destrucci\u00f3n del edificio de la sede administrativa de nuestro sindicato, la Asociaci\u00f3n Trabajadores del Estado, Seccional Santa Mar\u00eda de Punilla. Fue un atentado perpetrado por manos sangrientas, por personajes cobardes que, amparados en las sombras de la noche, colocaron una bomba de tres kilos y medio de trotyl en la ventana sur del local, provocando en un santiam\u00e9n la destrucci\u00f3n total del edificio\u201d.<\/p>\n<p>\u201cEstos oscuros y crueles personajes se autodenominaban \u201clas Tres A\u201d, un grupo parapolicial que respond\u00eda al tenebroso ex Ministro de Bienestar Social de la Naci\u00f3n, Jos\u00e9 L\u00f3pez Rega\u201d.<\/p>\n<p>\u201cAquel acto temerario de barbarie se sumaba a las amenazas p\u00fablicas de muerte que ya hab\u00edan recibido el compa\u00f1ero Julio Garc\u00eda, entonces Secretario de Finanzas de nuestro sindicato; los directores del Hospital Colonia Santa Mar\u00eda y del Hospital Domingo Funes, acusados por ellos de ser jud\u00edo, radical y facilitador de las medidas de fuerza que organizaba nuestra organizaci\u00f3n sindical\u201d.<\/p>\n<p>\u201cY tambi\u00e9n estaba yo, por entonces Secretario General de ATE, incluido en esa lista junto a Garc\u00eda y al doctor Alberto Sassatelli, Presidente de la Asociaci\u00f3n de Profesionales del Hospital Colonia Santa Mar\u00eda. Para ellos \u00e9ramos comunistas, sionistas, marxistas, estalinistas, trotskistas\u2026 pero nunca peronistas\u201d.<img loading=\"lazy\" decoding=\"async\" class=\"alignleft wp-image-51587 \" src=\"https:\/\/atecordoba.org\/wp-content\/uploads\/2025\/11\/viejita.jpg\" alt=\"\" width=\"352\" height=\"467\" \/><\/p>\n<p>\u201cS\u00ed, compa\u00f1eros, no se me r\u00edan: Esas eran, literalmente, las acusaciones. Por estas razones met\u00edan miedo. Por estas razones yo me salv\u00e9 milagrosamente de dos intentos de secuestro en la ciudad de Cosqu\u00edn. Por estas razones las fuerzas federales tomaron al doctor Sassatelli en su consultorio y lo mantuvieron incomunicado m\u00e1s de 70 horas. Pero pudo m\u00e1s la fortaleza y la firmeza de nuestras medidas de fuerza para recuperarlo\u201d.<\/p>\n<p>\u201cPor estas mismas razones, durante tres noches seguidas, estos personajes crueles \u2014que ya ven\u00edan con las manos manchadas de sangre\u2014 empapelaron la principal calle de Cosqu\u00edn con volantes en los que nos difamaban y amenazaban con falsos cargos, simplemente por pensar distinto. Con esos antecedentes, despu\u00e9s habr\u00edan de venir los represores de la dictadura c\u00edvico-militar y eclesi\u00e1stica, con los resultados que ya todos conocemos\u201d.<\/p>\n<p>\u201cHan pasado 50 a\u00f1os, y sin embargo parece que hubiera sido ayer\u201d.<\/p>\n<p>\u201cHoy las paredes, la mamposter\u00eda, las aberturas\u2026 todo est\u00e1 firme, s\u00f3lido y m\u00e1s jerarquizado que nunca, sostenido por un grupo de jubilados que mantiene viva la memoria y la dignidad de esta organizaci\u00f3n.<\/p>\n<p>\u201cMe preguntaba cu\u00e1les eran las cosas que nos empujaban, que nos alentaban, que nos estimulaban a tener el protagonismo que claramente ten\u00edamos en nuestras luchas, no solo por reivindicaciones salariales, sino tambi\u00e9n por mejorar los niveles de las prestaciones y la calidad de la salud p\u00fablica de entonces.<\/p>\n<div id='gallery_1' class='gallery galleryid-51581 gallery-columns-2 gallery-size-thumbnail'><figure class='gallery-item'>\n                <div class='gallery-icon landscape'>\n                    <a href='https:\/\/atecordoba.org\/wp-content\/uploads\/2025\/11\/archivo-punilla1.jpg'><img loading=\"lazy\" decoding=\"async\" width=\"150\" height=\"150\" src=\"\" class=\"attachment-thumbnail size-thumbnail lazyload\" alt=\"\" data-src=\"https:\/\/atecordoba.org\/wp-content\/uploads\/2025\/11\/archivo-punilla1-150x150.jpg\" data-sizes=\"auto\" data-srcset=\"https:\/\/atecordoba.org\/wp-content\/uploads\/2025\/11\/archivo-punilla1-150x150.jpg 150w, https:\/\/atecordoba.org\/wp-content\/uploads\/2025\/11\/archivo-punilla1-75x75.jpg 75w\" data-expand=\"700\" \/><\/a>\n                <\/div><\/figure><figure class='gallery-item'>\n                <div class='gallery-icon landscape'>\n                    <a href='https:\/\/atecordoba.org\/wp-content\/uploads\/2025\/11\/archivo-punilla2.jpg'><img loading=\"lazy\" decoding=\"async\" width=\"150\" height=\"150\" src=\"\" class=\"attachment-thumbnail size-thumbnail lazyload\" alt=\"\" data-src=\"https:\/\/atecordoba.org\/wp-content\/uploads\/2025\/11\/archivo-punilla2-150x150.jpg\" data-sizes=\"auto\" data-srcset=\"https:\/\/atecordoba.org\/wp-content\/uploads\/2025\/11\/archivo-punilla2-150x150.jpg 150w, https:\/\/atecordoba.org\/wp-content\/uploads\/2025\/11\/archivo-punilla2-75x75.jpg 75w\" data-expand=\"700\" \/><\/a>\n                <\/div><\/figure><br style=\"clear: both\" \/>\n            <\/div>\n\n<p>\u201cMiro, veo e interpreto aquel entorno pol\u00edtico y social, y me respondo sin dudar: Nos impulsaban profundas ganas, una profunda sed de justicia y de igualdad de oportunidades para las mayor\u00edas populares, que d\u00eda tras d\u00eda se iban empobreciendo y alejando al pa\u00eds de los valores de justicia social, libertad y soberan\u00eda pol\u00edtica.<\/p>\n<p>\u201cSin lugar a dudas, nuestra organizaci\u00f3n aportaba su granito de arena a esa amplia avenida de compa\u00f1eros y compa\u00f1eras que luchaban por la liberaci\u00f3n nacional.<\/p>\n<p>\u201cEn ese intento quedaron a la vera del camino 30.000 compa\u00f1eros y compa\u00f1eras desaparecidos, y m\u00e1s de 400 ni\u00f1os apropiados, muchos de los cuales han sido recuperados felizmente por la lucha incansable de Abuelas y Madres de Plaza de Mayo.<\/p>\n<p>\u201cDec\u00eda reci\u00e9n que este atentado parece que hubiera sido ayer, porque las condiciones que hoy afligen a nuestra Patria \u2014gobernada por el esquizofr\u00e9nico de Milei\u2014 vuelven a despertar temores, dudas e inseguridades ante la posibilidad de perder derechos adquiridos leg\u00edtimamente\u201d, sentenci\u00f3 Carranza.<\/p>\n","protected":false},"excerpt":{"rendered":"<p>En un acto cargado de memoria y de un alto voltaje emocional, con la convicci\u00f3n de que la salida es colectiva, trabajadores, jubilados, dirigentes sindicales y artistas se reunieron el s\u00e1bado para inaugurar un mural en la hist\u00f3rica sede de ATE en Santa Mar\u00eda de Punilla, un edificio que hace 50 a\u00f1os fue parcialmente destruido [&hellip;]<\/p>\n","protected":false},"author":7,"featured_media":51582,"comment_status":"open","ping_status":"open","sticky":false,"template":"","format":"standard","meta":{"_exactmetrics_skip_tracking":false,"_exactmetrics_sitenote_active":false,"_exactmetrics_sitenote_note":"","_exactmetrics_sitenote_category":0,"jnews-multi-image_gallery":[],"jnews_single_post":{"format":"standard","override":[{"template":"1","parallax":"1","fullscreen":"1","layout":"no-sidebar-narrow","sidebar":"default-sidebar","second_sidebar":"default-sidebar","sticky_sidebar":"1","share_position":"bottom","share_float_style":"share-monocrhome","show_share_counter":"1","show_view_counter":"1","show_post_meta":"1","show_post_author_image":"1","show_post_date":"1","post_date_format":"default","post_date_format_custom":"Y\/m\/d","show_post_category":"1","show_post_reading_time":"0","post_reading_time_wpm":"300","post_calculate_word_method":"str_word_count","show_zoom_button":"0","zoom_button_out_step":"2","zoom_button_in_step":"3","show_post_tag":"1","number_popup_post":"1","show_post_related":"1","show_inline_post_related":"0"}],"image_override":[{"single_post_thumbnail_size":"crop-500","single_post_gallery_size":"crop-500"}],"trending_post_position":"meta","trending_post_label":"Trending","sponsored_post_label":"Sponsored by","disable_ad":"0"},"jnews_primary_category":[],"jnews_social_meta":[],"jnews_review":[],"enable_review":"","type":"percentage","name":"","summary":"","brand":"","sku":"","good":[],"bad":[],"score_override":"","override_value":"","rating":[],"price":[],"jnews_override_counter":{"view_counter_number":"0","share_counter_number":"0","like_counter_number":"0","dislike_counter_number":"0"},"jnews_post_split":{"post_split":[{"template":"1","tag":"h2","numbering":"asc","mode":"normal","first":"0","enable_toc":"0","toc_type":"normal"}]},"footnotes":""},"categories":[122],"tags":[],"class_list":["post-51581","post","type-post","status-publish","format-standard","has-post-thumbnail","hentry","category-ddhh"],"jetpack_featured_media_url":"https:\/\/atecordoba.org\/wp-content\/uploads\/2025\/11\/tapa-2.jpg","_links":{"self":[{"href":"https:\/\/atecordoba.org\/index.php?rest_route=\/wp\/v2\/posts\/51581","targetHints":{"allow":["GET"]}}],"collection":[{"href":"https:\/\/atecordoba.org\/index.php?rest_route=\/wp\/v2\/posts"}],"about":[{"href":"https:\/\/atecordoba.org\/index.php?rest_route=\/wp\/v2\/types\/post"}],"author":[{"embeddable":true,"href":"https:\/\/atecordoba.org\/index.php?rest_route=\/wp\/v2\/users\/7"}],"replies":[{"embeddable":true,"href":"https:\/\/atecordoba.org\/index.php?rest_route=%2Fwp%2Fv2%2Fcomments&post=51581"}],"version-history":[{"count":3,"href":"https:\/\/atecordoba.org\/index.php?rest_route=\/wp\/v2\/posts\/51581\/revisions"}],"predecessor-version":[{"id":51602,"href":"https:\/\/atecordoba.org\/index.php?rest_route=\/wp\/v2\/posts\/51581\/revisions\/51602"}],"wp:featuredmedia":[{"embeddable":true,"href":"https:\/\/atecordoba.org\/index.php?rest_route=\/wp\/v2\/media\/51582"}],"wp:attachment":[{"href":"https:\/\/atecordoba.org\/index.php?rest_route=%2Fwp%2Fv2%2Fmedia&parent=51581"}],"wp:term":[{"taxonomy":"category","embeddable":true,"href":"https:\/\/atecordoba.org\/index.php?rest_route=%2Fwp%2Fv2%2Fcategories&post=51581"},{"taxonomy":"post_tag","embeddable":true,"href":"https:\/\/atecordoba.org\/index.php?rest_route=%2Fwp%2Fv2%2Ftags&post=51581"}],"curies":[{"name":"wp","href":"https:\/\/api.w.org\/{rel}","templated":true}]}}