{"id":5158,"date":"2015-05-05T15:28:38","date_gmt":"2015-05-05T18:28:38","guid":{"rendered":"http:\/\/www.atecordoba.org\/?p=5158"},"modified":"2015-05-05T15:28:38","modified_gmt":"2015-05-05T18:28:38","slug":"hondo-pesar-por-el-fallecimiento-del-cro-mariano-asef","status":"publish","type":"post","link":"https:\/\/atecordoba.org\/?p=5158","title":{"rendered":"Hondo pesar por el fallecimiento del cro Mariano Asef"},"content":{"rendered":"<div><em>El Consejo Directivo Provincial C\u00f3rdoba expresa su hondo pesar por el fallecimiento del compa\u00f1ero Mar\u00edano Asef, que perdiera la vida ayer al sufrir un accidente de auto en la ruta a Monte Cristo.<\/em><\/div>\n<div>\n<figure id=\"attachment_5159\" aria-describedby=\"caption-attachment-5159\" style=\"width: 550px\" class=\"wp-caption aligncenter\"><a href=\"http:\/\/www.atecordoba.org\/wp-content\/uploads\/2015\/05\/IMG_4198-e1430850413966.jpg\"><img loading=\"lazy\" decoding=\"async\" class=\"wp-image-5159 size-full\" src=\"http:\/\/www.atecordoba.org\/wp-content\/uploads\/2015\/05\/IMG_4198-e1430850413966.jpg\" alt=\"IMG_4198\" width=\"550\" height=\"413\" \/><\/a><figcaption id=\"caption-attachment-5159\" class=\"wp-caption-text\">Mariano Asef, durante una movilizaci\u00f3n de ATE, con el zurdo que nunca lo abandonaba.<\/figcaption><\/figure>\n<\/div>\n<div>Recordaremos a Mariano como una buena persona \u00a0y militante de calidad excepcional, delegado de ATE en la Anses, que supo recoger el cari\u00f1o de sus compa\u00f1eros all\u00ed donde estuvo.<\/div>\n<div>Enviamos condolencias a su familia, a su esposa y dos hijos que lloran esta p\u00e9rdida irreparable, esperando que encuentren en sus \u00edntimas creencias consuelo por la partida del querido Mariano.<\/div>\n","protected":false},"excerpt":{"rendered":"<p>El Consejo Directivo Provincial C\u00f3rdoba expresa su hondo pesar por el fallecimiento del compa\u00f1ero Mar\u00edano Asef, que perdiera la vida ayer al sufrir un accidente de auto en la ruta a Monte Cristo. Recordaremos a Mariano como una buena persona \u00a0y militante de calidad excepcional, delegado de ATE en la Anses, que supo recoger el [&hellip;]<\/p>\n","protected":false},"author":1,"featured_media":19220,"comment_status":"open","ping_status":"open","sticky":false,"template":"","format":"standard","meta":{"_exactmetrics_skip_tracking":false,"_exactmetrics_sitenote_active":false,"_exactmetrics_sitenote_note":"","_exactmetrics_sitenote_category":0,"jnews-multi-image_gallery":[],"jnews_single_post":[],"jnews_primary_category":[],"jnews_social_meta":[],"jnews_review":[],"enable_review":"","type":"","name":"","summary":"","brand":"","sku":"","good":[],"bad":[],"score_override":"","override_value":"","rating":[],"price":[],"jnews_override_counter":[],"jnews_post_split":[],"footnotes":""},"categories":[18],"tags":[],"class_list":["post-5158","post","type-post","status-publish","format-standard","has-post-thumbnail","hentry","category-nacionales"],"jetpack_featured_media_url":"https:\/\/atecordoba.org\/wp-content\/uploads\/2020\/05\/logo-nuevochico-e1561581322808.png","_links":{"self":[{"href":"https:\/\/atecordoba.org\/index.php?rest_route=\/wp\/v2\/posts\/5158","targetHints":{"allow":["GET"]}}],"collection":[{"href":"https:\/\/atecordoba.org\/index.php?rest_route=\/wp\/v2\/posts"}],"about":[{"href":"https:\/\/atecordoba.org\/index.php?rest_route=\/wp\/v2\/types\/post"}],"author":[{"embeddable":true,"href":"https:\/\/atecordoba.org\/index.php?rest_route=\/wp\/v2\/users\/1"}],"replies":[{"embeddable":true,"href":"https:\/\/atecordoba.org\/index.php?rest_route=%2Fwp%2Fv2%2Fcomments&post=5158"}],"version-history":[{"count":0,"href":"https:\/\/atecordoba.org\/index.php?rest_route=\/wp\/v2\/posts\/5158\/revisions"}],"wp:featuredmedia":[{"embeddable":true,"href":"https:\/\/atecordoba.org\/index.php?rest_route=\/wp\/v2\/media\/19220"}],"wp:attachment":[{"href":"https:\/\/atecordoba.org\/index.php?rest_route=%2Fwp%2Fv2%2Fmedia&parent=5158"}],"wp:term":[{"taxonomy":"category","embeddable":true,"href":"https:\/\/atecordoba.org\/index.php?rest_route=%2Fwp%2Fv2%2Fcategories&post=5158"},{"taxonomy":"post_tag","embeddable":true,"href":"https:\/\/atecordoba.org\/index.php?rest_route=%2Fwp%2Fv2%2Ftags&post=5158"}],"curies":[{"name":"wp","href":"https:\/\/api.w.org\/{rel}","templated":true}]}}