{"id":51572,"date":"2025-11-17T09:22:25","date_gmt":"2025-11-17T12:22:25","guid":{"rendered":"https:\/\/atecordoba.org\/?p=51572"},"modified":"2025-11-17T09:22:25","modified_gmt":"2025-11-17T12:22:25","slug":"reforma-laboral-paro-nacional-y-movilizacion-de-las-y-los-estatales-el-miercoles-19-de-noviembre","status":"publish","type":"post","link":"https:\/\/atecordoba.org\/?p=51572","title":{"rendered":"Reforma laboral: Paro Nacional y movilizaci\u00f3n de las y los estatales el mi\u00e9rcoles 19 de noviembre"},"content":{"rendered":"<p><img loading=\"lazy\" decoding=\"async\" class=\"aligncenter wp-image-51573 \" src=\"https:\/\/atecordoba.org\/wp-content\/uploads\/2025\/11\/WhatsApp-Image-2025-11-17-at-08.15.24-830x1024.jpeg\" alt=\"\" width=\"608\" height=\"750\" \/>ATE C\u00f3rdoba convoca a movilizar en repudio a la reforma laboral que impulsa el gobierno de Milei y exigiendo la inmediata reapertura de las paritarias.<\/p>\n<p>\u201cLos trabajadores no tenemos que esperar a conocer ninguna letra chica para saber que nos quieren joder. No podemos esperar hasta el recambio parlamentario. Tenemos que empezar a enfrentar ya en la calle a esta reforma. Las amenazas, las mentiras organizadas y el desprestigio de las organizaciones sindicales son el veh\u00edculo que el Gobierno ha elegido para debatir esta legislaci\u00f3n. Despu\u00e9s que no nos digan que no queremos dialogar\u201d, asever\u00f3 Rodolfo Aguiar, Secretario General de ATE.<\/p>\n<p>En C\u00f3rdoba, el Consejo Directivo Provincial concentra en la esquina de Caseros y Ayacucho, a las 10 am, para marchar a la Secretaria de Trabajo de la Naci\u00f3n, 27 de abril 351.<\/p>\n<p>&#8220;La reforma laboral y el reciente acuerdo con los Estados Unidos est\u00e1n \u00edntimamente vinculados. Trabajar m\u00e1s y por menos plata para abaratar los costos del saqueo. Sin huelga y movilizaci\u00f3n no la frenamos&#8221;, dijo Aguiar.<\/p>\n<p>En ese marco, el dirigente nacional expres\u00f3 que &#8220;lo anunciado desde Estados Unidos no es un acuerdo, es un pacto de entrega. Se trata de un boleto de compraventa. Falta solo la escritura para entregar en propiedad a la Argentina&#8221;.<\/p>\n<p>\u201cEs la primera medida que se realiza despu\u00e9s de las elecciones de medio t\u00e9rmino. Tiene que ser un paro que nos permita volver a encender la llamita de la conflictividad y que esta crezca r\u00e1pidamente\u201d, concluy\u00f3 Aguiar.<\/p>\n","protected":false},"excerpt":{"rendered":"<p>ATE C\u00f3rdoba convoca a movilizar en repudio a la reforma laboral que impulsa el gobierno de Milei y exigiendo la inmediata reapertura de las paritarias. \u201cLos trabajadores no tenemos que esperar a conocer ninguna letra chica para saber que nos quieren joder. No podemos esperar hasta el recambio parlamentario. Tenemos que empezar a enfrentar ya [&hellip;]<\/p>\n","protected":false},"author":7,"featured_media":51573,"comment_status":"open","ping_status":"open","sticky":false,"template":"","format":"standard","meta":{"_exactmetrics_skip_tracking":false,"_exactmetrics_sitenote_active":false,"_exactmetrics_sitenote_note":"","_exactmetrics_sitenote_category":0,"jnews-multi-image_gallery":[],"jnews_single_post":[],"jnews_primary_category":[],"jnews_social_meta":[],"jnews_review":[],"enable_review":"","type":"","name":"","summary":"","brand":"","sku":"","good":[],"bad":[],"score_override":"","override_value":"","rating":[],"price":[],"jnews_override_counter":[],"jnews_post_split":[],"footnotes":""},"categories":[756],"tags":[],"class_list":["post-51572","post","type-post","status-publish","format-standard","has-post-thumbnail","hentry","category-consejo-directivo-nacional-cdn"],"jetpack_featured_media_url":"https:\/\/atecordoba.org\/wp-content\/uploads\/2025\/11\/WhatsApp-Image-2025-11-17-at-08.15.24-e1763382137704.jpeg","_links":{"self":[{"href":"https:\/\/atecordoba.org\/index.php?rest_route=\/wp\/v2\/posts\/51572","targetHints":{"allow":["GET"]}}],"collection":[{"href":"https:\/\/atecordoba.org\/index.php?rest_route=\/wp\/v2\/posts"}],"about":[{"href":"https:\/\/atecordoba.org\/index.php?rest_route=\/wp\/v2\/types\/post"}],"author":[{"embeddable":true,"href":"https:\/\/atecordoba.org\/index.php?rest_route=\/wp\/v2\/users\/7"}],"replies":[{"embeddable":true,"href":"https:\/\/atecordoba.org\/index.php?rest_route=%2Fwp%2Fv2%2Fcomments&post=51572"}],"version-history":[{"count":1,"href":"https:\/\/atecordoba.org\/index.php?rest_route=\/wp\/v2\/posts\/51572\/revisions"}],"predecessor-version":[{"id":51574,"href":"https:\/\/atecordoba.org\/index.php?rest_route=\/wp\/v2\/posts\/51572\/revisions\/51574"}],"wp:featuredmedia":[{"embeddable":true,"href":"https:\/\/atecordoba.org\/index.php?rest_route=\/wp\/v2\/media\/51573"}],"wp:attachment":[{"href":"https:\/\/atecordoba.org\/index.php?rest_route=%2Fwp%2Fv2%2Fmedia&parent=51572"}],"wp:term":[{"taxonomy":"category","embeddable":true,"href":"https:\/\/atecordoba.org\/index.php?rest_route=%2Fwp%2Fv2%2Fcategories&post=51572"},{"taxonomy":"post_tag","embeddable":true,"href":"https:\/\/atecordoba.org\/index.php?rest_route=%2Fwp%2Fv2%2Ftags&post=51572"}],"curies":[{"name":"wp","href":"https:\/\/api.w.org\/{rel}","templated":true}]}}