{"id":51561,"date":"2025-11-14T15:15:45","date_gmt":"2025-11-14T18:15:45","guid":{"rendered":"https:\/\/atecordoba.org\/?p=51561"},"modified":"2025-11-14T15:40:52","modified_gmt":"2025-11-14T18:40:52","slug":"villa-cura-brochero-en-audiencia-con-el-ejecutivo-ate-logro-recategorizaciones-para-el-personal-municipal","status":"publish","type":"post","link":"https:\/\/atecordoba.org\/?p=51561","title":{"rendered":"Villa Cura Brochero: en audiencia con el Ejecutivo ATE logr\u00f3 recategorizaciones para el personal municipal"},"content":{"rendered":"<p><img loading=\"lazy\" decoding=\"async\" class=\"aligncenter wp-image-51565 \" src=\"https:\/\/atecordoba.org\/wp-content\/uploads\/2025\/11\/cura-brochero-naranja-1024x806.jpeg\" alt=\"\" width=\"606\" height=\"477\" srcset=\"https:\/\/atecordoba.org\/wp-content\/uploads\/2025\/11\/cura-brochero-naranja-1024x806.jpeg 1024w, https:\/\/atecordoba.org\/wp-content\/uploads\/2025\/11\/cura-brochero-naranja-300x236.jpeg 300w, https:\/\/atecordoba.org\/wp-content\/uploads\/2025\/11\/cura-brochero-naranja-768x605.jpeg 768w, https:\/\/atecordoba.org\/wp-content\/uploads\/2025\/11\/cura-brochero-naranja-750x591.jpeg 750w, https:\/\/atecordoba.org\/wp-content\/uploads\/2025\/11\/cura-brochero-naranja-1140x898.jpeg 1140w, https:\/\/atecordoba.org\/wp-content\/uploads\/2025\/11\/cura-brochero-naranja.jpeg 1280w\" sizes=\"auto, (max-width: 606px) 100vw, 606px\" \/>ATE mantuvo hoy una audiencia paritaria con el Departamento Ejecutivo de la Municipalidad de Villa Cura Brochero. La cita se produjo en el marco de las negociaciones de cara a la necesaria recomposici\u00f3n salarial del \u00faltimo bimestre del a\u00f1o.<\/p>\n<p>Por la Municipalidad particip\u00f3 el secretario de General de Gesti\u00f3n, Gerardo Cuello, en tanto por ATE estuvieron presentes los delegados Gustavo Cohen y Jos\u00e9 Tapia, y la referenta de ATE Traslasierra, Claudia Ortega.<\/p>\n<p>En la oportunidad, Cuello notific\u00f3 que se har\u00e1n efectivas las recategorizaciones del personal que ATE ven\u00eda gestionando, noticia que gener\u00f3 el reconocimiento de la comitiva estatal. Adem\u00e1s, el Departamento Ejecutivo anunci\u00f3 que acompa\u00f1ar\u00e1 en el Concejo Deliberante el proyecto de Licencia Sanitaria y Licencia por Violencia de G\u00e9nero que impulsa nuestro gremio.<\/p>\n<p>Respecto a la pendiente discusi\u00f3n salarial. ATE plante\u00f3 que se aumenten \u00edtems como refrigerio, puntualidad y asistencia, al tiempo que solicit\u00f3 que se confirme el otorgamiento de un bono navide\u00f1o para todo el personal. A todo lo cual, Cuello se comprometi\u00f3 a evaluar las posibilidades de hacerlo efectivo.<\/p>\n<p>Para continuar con las conversaciones, las partes acordaron mantener una nueva audiencia el pr\u00f3ximo 25 de noviembre.<\/p>\n<p>&nbsp;<\/p>\n<p>&nbsp;<\/p>\n","protected":false},"excerpt":{"rendered":"<p>ATE mantuvo hoy una audiencia paritaria con el Departamento Ejecutivo de la Municipalidad de Villa Cura Brochero. La cita se produjo en el marco de las negociaciones de cara a la necesaria recomposici\u00f3n salarial del \u00faltimo bimestre del a\u00f1o. Por la Municipalidad particip\u00f3 el secretario de General de Gesti\u00f3n, Gerardo Cuello, en tanto por ATE [&hellip;]<\/p>\n","protected":false},"author":7,"featured_media":51565,"comment_status":"open","ping_status":"open","sticky":false,"template":"","format":"standard","meta":{"_exactmetrics_skip_tracking":false,"_exactmetrics_sitenote_active":false,"_exactmetrics_sitenote_note":"","_exactmetrics_sitenote_category":0,"jnews-multi-image_gallery":[],"jnews_single_post":{"format":"standard","override":[{"template":"1","parallax":"1","fullscreen":"1","layout":"no-sidebar-narrow","sidebar":"default-sidebar","second_sidebar":"default-sidebar","sticky_sidebar":"1","share_position":"bottom","share_float_style":"share-monocrhome","show_share_counter":"1","show_view_counter":"1","show_post_meta":"1","show_post_author_image":"1","show_post_date":"1","post_date_format":"default","post_date_format_custom":"Y\/m\/d","show_post_category":"1","show_post_reading_time":"0","post_reading_time_wpm":"300","post_calculate_word_method":"str_word_count","show_zoom_button":"0","zoom_button_out_step":"2","zoom_button_in_step":"3","show_post_tag":"1","number_popup_post":"1","show_post_related":"1","show_inline_post_related":"0"}],"image_override":[{"single_post_thumbnail_size":"crop-500","single_post_gallery_size":"crop-500"}],"trending_post_position":"meta","trending_post_label":"Trending","sponsored_post_label":"Sponsored by","disable_ad":"0"},"jnews_primary_category":[],"jnews_social_meta":[],"jnews_review":[],"enable_review":"","type":"percentage","name":"","summary":"","brand":"","sku":"","good":[],"bad":[],"score_override":"","override_value":"","rating":[],"price":[],"jnews_override_counter":{"view_counter_number":"0","share_counter_number":"0","like_counter_number":"0","dislike_counter_number":"0"},"jnews_post_split":{"post_split":[{"template":"1","tag":"h2","numbering":"asc","mode":"normal","first":"0","enable_toc":"0","toc_type":"normal"}]},"footnotes":""},"categories":[20],"tags":[],"class_list":["post-51561","post","type-post","status-publish","format-standard","has-post-thumbnail","hentry","category-municipales"],"jetpack_featured_media_url":"https:\/\/atecordoba.org\/wp-content\/uploads\/2025\/11\/cura-brochero-naranja.jpeg","_links":{"self":[{"href":"https:\/\/atecordoba.org\/index.php?rest_route=\/wp\/v2\/posts\/51561","targetHints":{"allow":["GET"]}}],"collection":[{"href":"https:\/\/atecordoba.org\/index.php?rest_route=\/wp\/v2\/posts"}],"about":[{"href":"https:\/\/atecordoba.org\/index.php?rest_route=\/wp\/v2\/types\/post"}],"author":[{"embeddable":true,"href":"https:\/\/atecordoba.org\/index.php?rest_route=\/wp\/v2\/users\/7"}],"replies":[{"embeddable":true,"href":"https:\/\/atecordoba.org\/index.php?rest_route=%2Fwp%2Fv2%2Fcomments&post=51561"}],"version-history":[{"count":5,"href":"https:\/\/atecordoba.org\/index.php?rest_route=\/wp\/v2\/posts\/51561\/revisions"}],"predecessor-version":[{"id":51570,"href":"https:\/\/atecordoba.org\/index.php?rest_route=\/wp\/v2\/posts\/51561\/revisions\/51570"}],"wp:featuredmedia":[{"embeddable":true,"href":"https:\/\/atecordoba.org\/index.php?rest_route=\/wp\/v2\/media\/51565"}],"wp:attachment":[{"href":"https:\/\/atecordoba.org\/index.php?rest_route=%2Fwp%2Fv2%2Fmedia&parent=51561"}],"wp:term":[{"taxonomy":"category","embeddable":true,"href":"https:\/\/atecordoba.org\/index.php?rest_route=%2Fwp%2Fv2%2Fcategories&post=51561"},{"taxonomy":"post_tag","embeddable":true,"href":"https:\/\/atecordoba.org\/index.php?rest_route=%2Fwp%2Fv2%2Ftags&post=51561"}],"curies":[{"name":"wp","href":"https:\/\/api.w.org\/{rel}","templated":true}]}}