{"id":51556,"date":"2025-11-14T14:35:58","date_gmt":"2025-11-14T17:35:58","guid":{"rendered":"https:\/\/atecordoba.org\/?p=51556"},"modified":"2025-11-14T14:57:53","modified_gmt":"2025-11-14T17:57:53","slug":"tercera-jornada-de-contactos-institucionales-en-la-legislatura-por-el-cct-de-las-y-los-municipales-del-interior-provincial","status":"publish","type":"post","link":"https:\/\/atecordoba.org\/?p=51556","title":{"rendered":"Tercera jornada de contactos institucionales en la Legislatura por el CCT de las y los municipales del interior provincial"},"content":{"rendered":"<p><img loading=\"lazy\" decoding=\"async\" class=\"aligncenter wp-image-51557 \" src=\"https:\/\/atecordoba.org\/wp-content\/uploads\/2025\/11\/WhatsApp-Image-2025-11-14-at-13.42.16-1-1024x768.jpeg\" alt=\"\" width=\"613\" height=\"460\" srcset=\"https:\/\/atecordoba.org\/wp-content\/uploads\/2025\/11\/WhatsApp-Image-2025-11-14-at-13.42.16-1-1024x768.jpeg 1024w, https:\/\/atecordoba.org\/wp-content\/uploads\/2025\/11\/WhatsApp-Image-2025-11-14-at-13.42.16-1-300x225.jpeg 300w, https:\/\/atecordoba.org\/wp-content\/uploads\/2025\/11\/WhatsApp-Image-2025-11-14-at-13.42.16-1-768x576.jpeg 768w, https:\/\/atecordoba.org\/wp-content\/uploads\/2025\/11\/WhatsApp-Image-2025-11-14-at-13.42.16-1-750x563.jpeg 750w, https:\/\/atecordoba.org\/wp-content\/uploads\/2025\/11\/WhatsApp-Image-2025-11-14-at-13.42.16-1-1140x855.jpeg 1140w, https:\/\/atecordoba.org\/wp-content\/uploads\/2025\/11\/WhatsApp-Image-2025-11-14-at-13.42.16-1.jpeg 1280w\" sizes=\"auto, (max-width: 613px) 100vw, 613px\" \/>En la tercera jornada consecutiva de contactos, presentando el Proyecto de Ley de Convenio Colectivo de Trabajo para las y los trabajadores municipales, una comitiva de ATE mantuvo hoy una audiencia con el legislador del bloque Encuentro Vecinal, Rodrigo Agrelo.<\/p>\n<p>En la oportunidad, la delegaci\u00f3n estatal estuvo integrada por los delegados municipales Pablo Guzman, de Alta Gracia, y Fabian Horinsberger, de Villa Ciudad Parque, junto integrante de la comisi\u00f3n redactora del CCT y el trabajador de Parques Nacionales, Leonardo Barrios Caro. Tambi\u00e9n particip\u00f3 el secretario parlamentario del bloque vecinalista, C\u00e9sar Orgaz.<\/p>\n<p>Agrelo se mostr\u00f3 muy interesado en la iniciativa de nuestra organizaci\u00f3n, afirmando que su espacio pol\u00edtico defiende &#8220;las causas justas&#8221; y que los trabajadores municipales est\u00e1n siendo humillados por las condiciones de trabajo que sufren en el interior provincial. En ese marco, el legislador se comprometi\u00f3 a analizar el proyecto de ley.<\/p>\n<p>De esta manera, ATE contin\u00faa trabajando para reunir consensos alrededor del proyecto de CCT que es una necesidad impostergable para el sector municipal<\/p>\n","protected":false},"excerpt":{"rendered":"<p>En la tercera jornada consecutiva de contactos, presentando el Proyecto de Ley de Convenio Colectivo de Trabajo para las y los trabajadores municipales, una comitiva de ATE mantuvo hoy una audiencia con el legislador del bloque Encuentro Vecinal, Rodrigo Agrelo. En la oportunidad, la delegaci\u00f3n estatal estuvo integrada por los delegados municipales Pablo Guzman, de [&hellip;]<\/p>\n","protected":false},"author":7,"featured_media":51557,"comment_status":"open","ping_status":"open","sticky":false,"template":"","format":"standard","meta":{"_exactmetrics_skip_tracking":false,"_exactmetrics_sitenote_active":false,"_exactmetrics_sitenote_note":"","_exactmetrics_sitenote_category":0,"jnews-multi-image_gallery":[],"jnews_single_post":{"format":"standard","override":[{"template":"1","parallax":"1","fullscreen":"1","layout":"no-sidebar-narrow","sidebar":"default-sidebar","second_sidebar":"default-sidebar","sticky_sidebar":"1","share_position":"bottom","share_float_style":"share-monocrhome","show_share_counter":"1","show_view_counter":"1","show_post_meta":"1","show_post_author_image":"1","show_post_date":"1","post_date_format":"default","post_date_format_custom":"Y\/m\/d","show_post_category":"1","show_post_reading_time":"0","post_reading_time_wpm":"300","post_calculate_word_method":"str_word_count","show_zoom_button":"0","zoom_button_out_step":"2","zoom_button_in_step":"3","show_post_tag":"1","number_popup_post":"1","show_post_related":"1","show_inline_post_related":"0"}],"image_override":[{"single_post_thumbnail_size":"crop-500","single_post_gallery_size":"crop-500"}],"trending_post_position":"meta","trending_post_label":"Trending","sponsored_post_label":"Sponsored by","disable_ad":"0"},"jnews_primary_category":[],"jnews_social_meta":[],"jnews_review":[],"enable_review":"","type":"percentage","name":"","summary":"","brand":"","sku":"","good":[],"bad":[],"score_override":"","override_value":"","rating":[],"price":[],"jnews_override_counter":{"view_counter_number":"0","share_counter_number":"0","like_counter_number":"0","dislike_counter_number":"0"},"jnews_post_split":{"post_split":[{"template":"1","tag":"h2","numbering":"asc","mode":"normal","first":"0","enable_toc":"0","toc_type":"normal"}]},"footnotes":""},"categories":[20],"tags":[],"class_list":["post-51556","post","type-post","status-publish","format-standard","has-post-thumbnail","hentry","category-municipales"],"jetpack_featured_media_url":"https:\/\/atecordoba.org\/wp-content\/uploads\/2025\/11\/WhatsApp-Image-2025-11-14-at-13.42.16-1.jpeg","_links":{"self":[{"href":"https:\/\/atecordoba.org\/index.php?rest_route=\/wp\/v2\/posts\/51556","targetHints":{"allow":["GET"]}}],"collection":[{"href":"https:\/\/atecordoba.org\/index.php?rest_route=\/wp\/v2\/posts"}],"about":[{"href":"https:\/\/atecordoba.org\/index.php?rest_route=\/wp\/v2\/types\/post"}],"author":[{"embeddable":true,"href":"https:\/\/atecordoba.org\/index.php?rest_route=\/wp\/v2\/users\/7"}],"replies":[{"embeddable":true,"href":"https:\/\/atecordoba.org\/index.php?rest_route=%2Fwp%2Fv2%2Fcomments&post=51556"}],"version-history":[{"count":3,"href":"https:\/\/atecordoba.org\/index.php?rest_route=\/wp\/v2\/posts\/51556\/revisions"}],"predecessor-version":[{"id":51564,"href":"https:\/\/atecordoba.org\/index.php?rest_route=\/wp\/v2\/posts\/51556\/revisions\/51564"}],"wp:featuredmedia":[{"embeddable":true,"href":"https:\/\/atecordoba.org\/index.php?rest_route=\/wp\/v2\/media\/51557"}],"wp:attachment":[{"href":"https:\/\/atecordoba.org\/index.php?rest_route=%2Fwp%2Fv2%2Fmedia&parent=51556"}],"wp:term":[{"taxonomy":"category","embeddable":true,"href":"https:\/\/atecordoba.org\/index.php?rest_route=%2Fwp%2Fv2%2Fcategories&post=51556"},{"taxonomy":"post_tag","embeddable":true,"href":"https:\/\/atecordoba.org\/index.php?rest_route=%2Fwp%2Fv2%2Ftags&post=51556"}],"curies":[{"name":"wp","href":"https:\/\/api.w.org\/{rel}","templated":true}]}}