{"id":5155,"date":"2015-04-30T18:26:36","date_gmt":"2015-04-30T21:26:36","guid":{"rendered":"http:\/\/www.atecordoba.org\/?p=5155"},"modified":"2015-04-30T18:26:36","modified_gmt":"2015-04-30T21:26:36","slug":"1o-de-mayo-dia-del-trabajador-una-jornada-de-festejo","status":"publish","type":"post","link":"https:\/\/atecordoba.org\/?p=5155","title":{"rendered":"1\u00ba de mayo: D\u00eda del Trabajador, una jornada de festejo"},"content":{"rendered":"<p><em>El Consejo Directivo Provincial de ATE C\u00f3rdoba saluda a todos nuestros afiliados y a los trabajadores en general y desea que este 1\u00ba de mayo nos encuentre unidos en festejos y reivindicaciones en beneficio de la clase trabajadora.<\/em><\/p>\n<p><a href=\"http:\/\/www.atecordoba.org\/wp-content\/uploads\/2015\/04\/ate-bombo.jpg\"><img loading=\"lazy\" decoding=\"async\" class=\"aligncenter size-full wp-image-5156\" src=\"http:\/\/www.atecordoba.org\/wp-content\/uploads\/2015\/04\/ate-bombo.jpg\" alt=\"ate bombo\" width=\"300\" height=\"204\" \/><\/a><\/p>\n<p>Fue el 1\u00ba de mayo de 1886 cuando asesinaron a los m\u00e1rtires de Chicago por la lucha de las 8 horas laborales.<\/p>\n<p>Hoy, cuando la precarizaci\u00f3n laboral arrasa todos los sectores de trabajo y hasta perdimos la vida de dos ni\u00f1os dentro de un taller clandestino, tenemos que ser m\u00e1s conscientes que nunca de lo que nos falta para dignificar a los trabajadores, donde las organizaciones sindicales tenemos un rol fundamental que cumplir.<\/p>\n<p>Esa responsabilidad nos obliga a levantar alto las banderas y refrendar el compromiso con cada compa\u00f1ero.<\/p>\n<p>Ma\u00f1ana es un d\u00eda de alegr\u00eda, festejamos lo que somos y reafirmamos que seguiremos construyendo la organizaci\u00f3n que sea instrumento para avanzar en conquistas cotidianas, as\u00ed como para cambiar la realidad injusta que nos rodea. Nuestros m\u00e1rtires se lo merecen, nuestros hijos tambi\u00e9n.<\/p>\n<p>\u00a1Feliz D\u00eda Compa\u00f1eros!<\/p>\n<p style=\"text-align: right;\">Mar\u00eda Teresa Romero<\/p>\n<p style=\"text-align: right;\">Secretaria General<\/p>\n","protected":false},"excerpt":{"rendered":"<p>El Consejo Directivo Provincial de ATE C\u00f3rdoba saluda a todos nuestros afiliados y a los trabajadores en general y desea que este 1\u00ba de mayo nos encuentre unidos en festejos y reivindicaciones en beneficio de la clase trabajadora. Fue el 1\u00ba de mayo de 1886 cuando asesinaron a los m\u00e1rtires de Chicago por la lucha [&hellip;]<\/p>\n","protected":false},"author":1,"featured_media":19220,"comment_status":"open","ping_status":"open","sticky":false,"template":"","format":"standard","meta":{"_exactmetrics_skip_tracking":false,"_exactmetrics_sitenote_active":false,"_exactmetrics_sitenote_note":"","_exactmetrics_sitenote_category":0,"jnews-multi-image_gallery":[],"jnews_single_post":[],"jnews_primary_category":[],"jnews_social_meta":[],"jnews_review":[],"enable_review":"","type":"","name":"","summary":"","brand":"","sku":"","good":[],"bad":[],"score_override":"","override_value":"","rating":[],"price":[],"jnews_override_counter":[],"jnews_post_split":[],"footnotes":""},"categories":[1],"tags":[],"class_list":["post-5155","post","type-post","status-publish","format-standard","has-post-thumbnail","hentry","category-sin-categoria"],"jetpack_featured_media_url":"https:\/\/atecordoba.org\/wp-content\/uploads\/2020\/05\/logo-nuevochico-e1561581322808.png","_links":{"self":[{"href":"https:\/\/atecordoba.org\/index.php?rest_route=\/wp\/v2\/posts\/5155","targetHints":{"allow":["GET"]}}],"collection":[{"href":"https:\/\/atecordoba.org\/index.php?rest_route=\/wp\/v2\/posts"}],"about":[{"href":"https:\/\/atecordoba.org\/index.php?rest_route=\/wp\/v2\/types\/post"}],"author":[{"embeddable":true,"href":"https:\/\/atecordoba.org\/index.php?rest_route=\/wp\/v2\/users\/1"}],"replies":[{"embeddable":true,"href":"https:\/\/atecordoba.org\/index.php?rest_route=%2Fwp%2Fv2%2Fcomments&post=5155"}],"version-history":[{"count":0,"href":"https:\/\/atecordoba.org\/index.php?rest_route=\/wp\/v2\/posts\/5155\/revisions"}],"wp:featuredmedia":[{"embeddable":true,"href":"https:\/\/atecordoba.org\/index.php?rest_route=\/wp\/v2\/media\/19220"}],"wp:attachment":[{"href":"https:\/\/atecordoba.org\/index.php?rest_route=%2Fwp%2Fv2%2Fmedia&parent=5155"}],"wp:term":[{"taxonomy":"category","embeddable":true,"href":"https:\/\/atecordoba.org\/index.php?rest_route=%2Fwp%2Fv2%2Fcategories&post=5155"},{"taxonomy":"post_tag","embeddable":true,"href":"https:\/\/atecordoba.org\/index.php?rest_route=%2Fwp%2Fv2%2Ftags&post=5155"}],"curies":[{"name":"wp","href":"https:\/\/api.w.org\/{rel}","templated":true}]}}