{"id":51549,"date":"2025-11-14T10:20:24","date_gmt":"2025-11-14T13:20:24","guid":{"rendered":"https:\/\/atecordoba.org\/?p=51549"},"modified":"2025-11-14T14:40:29","modified_gmt":"2025-11-14T17:40:29","slug":"saldan-ate-se-reunio-con-el-concejo-deliberante-y-explico-la-grave-situacion-que-atraviesan-los-ingresos-del-personal-municipal","status":"publish","type":"post","link":"https:\/\/atecordoba.org\/?p=51549","title":{"rendered":"Sald\u00e1n: ATE particip\u00f3 en una audiencia en el Concejo Deliberante y explic\u00f3 la grave situaci\u00f3n que atraviesan los ingresos del personal municipal"},"content":{"rendered":"<p><img loading=\"lazy\" decoding=\"async\" class=\"aligncenter wp-image-51551 \" src=\"https:\/\/atecordoba.org\/wp-content\/uploads\/2025\/11\/WhatsApp-Image-2025-11-14-at-08.59.50-1024x768.jpeg\" alt=\"\" width=\"619\" height=\"465\" srcset=\"https:\/\/atecordoba.org\/wp-content\/uploads\/2025\/11\/WhatsApp-Image-2025-11-14-at-08.59.50-1024x768.jpeg 1024w, https:\/\/atecordoba.org\/wp-content\/uploads\/2025\/11\/WhatsApp-Image-2025-11-14-at-08.59.50-300x225.jpeg 300w, https:\/\/atecordoba.org\/wp-content\/uploads\/2025\/11\/WhatsApp-Image-2025-11-14-at-08.59.50-768x576.jpeg 768w, https:\/\/atecordoba.org\/wp-content\/uploads\/2025\/11\/WhatsApp-Image-2025-11-14-at-08.59.50-1536x1152.jpeg 1536w, https:\/\/atecordoba.org\/wp-content\/uploads\/2025\/11\/WhatsApp-Image-2025-11-14-at-08.59.50-2048x1536.jpeg 2048w, https:\/\/atecordoba.org\/wp-content\/uploads\/2025\/11\/WhatsApp-Image-2025-11-14-at-08.59.50-750x563.jpeg 750w, https:\/\/atecordoba.org\/wp-content\/uploads\/2025\/11\/WhatsApp-Image-2025-11-14-at-08.59.50-1140x855.jpeg 1140w\" sizes=\"auto, (max-width: 619px) 100vw, 619px\" \/>Una comitiva de ATE particip\u00f3 ayer de una audiencia en el Concejo Deliberante de la localidad de Sald\u00e1n, y expres\u00f3 su preocupaci\u00f3n por la falta de di\u00e1logo de la intendenta Carolina Cristori para abordar la problem\u00e1tica salarial de las y los trabajadores municipales de la localidad.<\/p>\n<p>Los delegados Soledad Aliendro y Cristian Romero transmitieron a los concejales que la intendenta incumple sus propios compromisos para continuar el di\u00e1logo, mientras dilata cualquier oferta salarial para recomponer los magros ingresos del sector.<\/p>\n<p>Adem\u00e1s, se les traslad\u00f3 la falta de insumos para trabajar cotidianamente y la persecuci\u00f3n antisindical que ejercer la gesti\u00f3n en los lugares de trabajo, e hizo responsable a Cristori y su entrono de cualquier cualquier represalia a trabajadoras o trabajadores municipales tras la intervenci\u00f3n en el Concejo Deliberante.<\/p>\n","protected":false},"excerpt":{"rendered":"<p>Una comitiva de ATE particip\u00f3 ayer de una audiencia en el Concejo Deliberante de la localidad de Sald\u00e1n, y expres\u00f3 su preocupaci\u00f3n por la falta de di\u00e1logo de la intendenta Carolina Cristori para abordar la problem\u00e1tica salarial de las y los trabajadores municipales de la localidad. Los delegados Soledad Aliendro y Cristian Romero transmitieron a [&hellip;]<\/p>\n","protected":false},"author":7,"featured_media":51550,"comment_status":"open","ping_status":"open","sticky":false,"template":"","format":"standard","meta":{"_exactmetrics_skip_tracking":false,"_exactmetrics_sitenote_active":false,"_exactmetrics_sitenote_note":"","_exactmetrics_sitenote_category":0,"jnews-multi-image_gallery":[],"jnews_single_post":{"format":"standard","override":[{"template":"1","parallax":"1","fullscreen":"1","layout":"no-sidebar-narrow","sidebar":"default-sidebar","second_sidebar":"default-sidebar","sticky_sidebar":"1","share_position":"bottom","share_float_style":"share-monocrhome","show_share_counter":"1","show_view_counter":"1","show_post_meta":"1","show_post_author_image":"1","show_post_date":"1","post_date_format":"default","post_date_format_custom":"Y\/m\/d","show_post_category":"1","show_post_reading_time":"0","post_reading_time_wpm":"300","post_calculate_word_method":"str_word_count","show_zoom_button":"0","zoom_button_out_step":"2","zoom_button_in_step":"3","show_post_tag":"1","number_popup_post":"1","show_post_related":"1","show_inline_post_related":"0"}],"image_override":[{"single_post_thumbnail_size":"crop-500","single_post_gallery_size":"crop-500"}],"trending_post_position":"meta","trending_post_label":"Trending","sponsored_post_label":"Sponsored by","disable_ad":"0"},"jnews_primary_category":[],"jnews_social_meta":[],"jnews_review":[],"enable_review":"","type":"percentage","name":"","summary":"","brand":"","sku":"","good":[],"bad":[],"score_override":"","override_value":"","rating":[],"price":[],"jnews_override_counter":{"view_counter_number":"0","share_counter_number":"0","like_counter_number":"0","dislike_counter_number":"0"},"jnews_post_split":{"post_split":[{"template":"1","tag":"h2","numbering":"asc","mode":"normal","first":"0","enable_toc":"0","toc_type":"normal"}]},"footnotes":""},"categories":[20],"tags":[],"class_list":["post-51549","post","type-post","status-publish","format-standard","has-post-thumbnail","hentry","category-municipales"],"jetpack_featured_media_url":"https:\/\/atecordoba.org\/wp-content\/uploads\/2025\/11\/WhatsApp-Image-2025-11-14-at-08.59.50-1.jpeg","_links":{"self":[{"href":"https:\/\/atecordoba.org\/index.php?rest_route=\/wp\/v2\/posts\/51549","targetHints":{"allow":["GET"]}}],"collection":[{"href":"https:\/\/atecordoba.org\/index.php?rest_route=\/wp\/v2\/posts"}],"about":[{"href":"https:\/\/atecordoba.org\/index.php?rest_route=\/wp\/v2\/types\/post"}],"author":[{"embeddable":true,"href":"https:\/\/atecordoba.org\/index.php?rest_route=\/wp\/v2\/users\/7"}],"replies":[{"embeddable":true,"href":"https:\/\/atecordoba.org\/index.php?rest_route=%2Fwp%2Fv2%2Fcomments&post=51549"}],"version-history":[{"count":4,"href":"https:\/\/atecordoba.org\/index.php?rest_route=\/wp\/v2\/posts\/51549\/revisions"}],"predecessor-version":[{"id":51559,"href":"https:\/\/atecordoba.org\/index.php?rest_route=\/wp\/v2\/posts\/51549\/revisions\/51559"}],"wp:featuredmedia":[{"embeddable":true,"href":"https:\/\/atecordoba.org\/index.php?rest_route=\/wp\/v2\/media\/51550"}],"wp:attachment":[{"href":"https:\/\/atecordoba.org\/index.php?rest_route=%2Fwp%2Fv2%2Fmedia&parent=51549"}],"wp:term":[{"taxonomy":"category","embeddable":true,"href":"https:\/\/atecordoba.org\/index.php?rest_route=%2Fwp%2Fv2%2Fcategories&post=51549"},{"taxonomy":"post_tag","embeddable":true,"href":"https:\/\/atecordoba.org\/index.php?rest_route=%2Fwp%2Fv2%2Ftags&post=51549"}],"curies":[{"name":"wp","href":"https:\/\/api.w.org\/{rel}","templated":true}]}}