{"id":51540,"date":"2025-11-13T15:00:30","date_gmt":"2025-11-13T18:00:30","guid":{"rendered":"https:\/\/atecordoba.org\/?p=51540"},"modified":"2025-11-13T15:00:30","modified_gmt":"2025-11-13T18:00:30","slug":"ate-continua-los-contactos-institucionales-en-la-legislatura-por-el-cct-del-personal-municipal","status":"publish","type":"post","link":"https:\/\/atecordoba.org\/?p=51540","title":{"rendered":"ATE contin\u00faa los contactos institucionales en la Legislatura por el CCT del personal municipal"},"content":{"rendered":"<p><img loading=\"lazy\" decoding=\"async\" class=\"aligncenter wp-image-51541 \" src=\"https:\/\/atecordoba.org\/wp-content\/uploads\/2025\/11\/WhatsApp-Image-2025-11-13-at-13.22.12-768x1024.jpeg\" alt=\"\" width=\"543\" height=\"724\" \/>Una delegaci\u00f3n del Consejo Directivo Provincial, encabezada por la secretaria de Prensa Julia Giuliani, mantuvo hoy dos nuevas audiencias en la Legislatura para proponer el tratamiento de la ley que instrumente el Convenio Colectivo de Trabajo para las y los municipales del interior provincial.<\/p>\n<p>La comitiva estatal estuvo integrada por el delegado de ATE de R\u00edo Primero, Jos\u00e9 Baigorria, la delegada de ATE en la Municipalidad de R\u00edo Tercero, Laura Salto, el delegado de ATE en Salsipuedes, Vladimir Su\u00e1rez, y el integrante de la comisi\u00f3n redactora del CCT, Leonardo Barrios Caro. <img loading=\"lazy\" decoding=\"async\" class=\"aligncenter wp-image-51542 \" src=\"https:\/\/atecordoba.org\/wp-content\/uploads\/2025\/11\/WhatsApp-Image-2025-11-13-at-13.22.12-2-768x1024.jpeg\" alt=\"\" width=\"543\" height=\"724\" srcset=\"https:\/\/atecordoba.org\/wp-content\/uploads\/2025\/11\/WhatsApp-Image-2025-11-13-at-13.22.12-2-768x1024.jpeg 768w, https:\/\/atecordoba.org\/wp-content\/uploads\/2025\/11\/WhatsApp-Image-2025-11-13-at-13.22.12-2-225x300.jpeg 225w, https:\/\/atecordoba.org\/wp-content\/uploads\/2025\/11\/WhatsApp-Image-2025-11-13-at-13.22.12-2-750x1000.jpeg 750w, https:\/\/atecordoba.org\/wp-content\/uploads\/2025\/11\/WhatsApp-Image-2025-11-13-at-13.22.12-2.jpeg 960w\" sizes=\"auto, (max-width: 543px) 100vw, 543px\" \/><\/p>\n<p>En primer instancia, se concret\u00f3 una reuni\u00f3n con los legisladores del Frente C\u00edvico, Walter Nostrala y Daniel Juez. Seguidamente, se realiz\u00f3 una audiencia con el legislador oficialista de Hacemos por C\u00f3rdoba, Lu\u00eds Leonardo Limia.<\/p>\n<p>todos receptaron el documento con gran inter\u00e9s y se comprometieron a estudiarlo, dando cuenta que la situaci\u00f3n de precarizaci\u00f3n laboral y bajos salarios de los municipales de interior provincia no escapa a la mirada de la clase pol\u00edtica cordobesa.<\/p>\n<p>A su vez, ATE avanza as\u00ed en profundizar los contactos institucionales ya que nuestro gremio tiene una estrategia integral de abordaje de la agenda gremial. Esto es as\u00ed al punto que la semana que viene se llevar\u00e1 a cabo una audiencia en Casa de Gobierno para que el Poder Ejecutivo Provincial tenga en sus manos el proyecto de ley.<img loading=\"lazy\" decoding=\"async\" class=\"aligncenter wp-image-51544 \" src=\"https:\/\/atecordoba.org\/wp-content\/uploads\/2025\/11\/WhatsApp-Image-2025-11-13-at-12.19.11-1-1024x770.jpeg\" alt=\"\" width=\"533\" height=\"401\" srcset=\"https:\/\/atecordoba.org\/wp-content\/uploads\/2025\/11\/WhatsApp-Image-2025-11-13-at-12.19.11-1-1024x770.jpeg 1024w, https:\/\/atecordoba.org\/wp-content\/uploads\/2025\/11\/WhatsApp-Image-2025-11-13-at-12.19.11-1-300x226.jpeg 300w, https:\/\/atecordoba.org\/wp-content\/uploads\/2025\/11\/WhatsApp-Image-2025-11-13-at-12.19.11-1-768x578.jpeg 768w, https:\/\/atecordoba.org\/wp-content\/uploads\/2025\/11\/WhatsApp-Image-2025-11-13-at-12.19.11-1-750x564.jpeg 750w, https:\/\/atecordoba.org\/wp-content\/uploads\/2025\/11\/WhatsApp-Image-2025-11-13-at-12.19.11-1-1140x858.jpeg 1140w, https:\/\/atecordoba.org\/wp-content\/uploads\/2025\/11\/WhatsApp-Image-2025-11-13-at-12.19.11-1.jpeg 1280w\" sizes=\"auto, (max-width: 533px) 100vw, 533px\" \/><\/p>\n<p>Al t\u00e9rmino de las audiencias, Baigorria resumi\u00f3 lo actuado al se\u00f1alar que &#8220;fueron buenas reuniones donde pudimos explicar el origen del proyecto, darle un contexto sobre como vivimos los municipales del interior nuestra realidad cotidiana, as\u00ed como como las condiciones salariales que nos toca enfrentar en las distintas localidad, cada una con sus propias caracter\u00edsticas. Por eso creemos que es necesario fijar un piso de derechos com\u00fan a todos los municipales, para respetar el criterio de justicia que a igual tarea, igual salario, m\u00e1s all\u00e1 de qu\u00e9 municipalidad sea la empleadora&#8221;. <img loading=\"lazy\" decoding=\"async\" class=\"aligncenter wp-image-51546 \" src=\"https:\/\/atecordoba.org\/wp-content\/uploads\/2025\/11\/WhatsApp-Image-2025-11-13-at-12.19.10-1.jpeg\" alt=\"\" width=\"547\" height=\"469\" srcset=\"https:\/\/atecordoba.org\/wp-content\/uploads\/2025\/11\/WhatsApp-Image-2025-11-13-at-12.19.10-1.jpeg 963w, https:\/\/atecordoba.org\/wp-content\/uploads\/2025\/11\/WhatsApp-Image-2025-11-13-at-12.19.10-1-300x257.jpeg 300w, https:\/\/atecordoba.org\/wp-content\/uploads\/2025\/11\/WhatsApp-Image-2025-11-13-at-12.19.10-1-768x659.jpeg 768w, https:\/\/atecordoba.org\/wp-content\/uploads\/2025\/11\/WhatsApp-Image-2025-11-13-at-12.19.10-1-750x643.jpeg 750w\" sizes=\"auto, (max-width: 547px) 100vw, 547px\" \/><\/p>\n<p>&#8220;Tambi\u00e9n planteamos la situaciones de violencia en los lugares de trabajo que este convenio contempla y cu\u00e1les son la herramientas para solucionarlas. Durante un a\u00f1o estuvimos trabajando y ahora es tiempo de que los bloques del oficialismo y la oposici\u00f3n cuenten con este proyecto para viabilizarlo. Ellos saben que ATE tiene presencia en 100 municipios de la provincia y que vamos a presionar a los intendentes, jefes comunales y Consejos Deliberantes para que accedan tratar este proyecto, que es fundamental para el sector municipal&#8221;, concluy\u00f3.<\/p>\n","protected":false},"excerpt":{"rendered":"<p>Una delegaci\u00f3n del Consejo Directivo Provincial, encabezada por la secretaria de Prensa Julia Giuliani, mantuvo hoy dos nuevas audiencias en la Legislatura para proponer el tratamiento de la ley que instrumente el Convenio Colectivo de Trabajo para las y los municipales del interior provincial. La comitiva estatal estuvo integrada por el delegado de ATE de [&hellip;]<\/p>\n","protected":false},"author":7,"featured_media":51541,"comment_status":"open","ping_status":"open","sticky":false,"template":"","format":"standard","meta":{"_exactmetrics_skip_tracking":false,"_exactmetrics_sitenote_active":false,"_exactmetrics_sitenote_note":"","_exactmetrics_sitenote_category":0,"jnews-multi-image_gallery":[],"jnews_single_post":[],"jnews_primary_category":[],"jnews_social_meta":[],"jnews_review":[],"enable_review":"","type":"","name":"","summary":"","brand":"","sku":"","good":[],"bad":[],"score_override":"","override_value":"","rating":[],"price":[],"jnews_override_counter":[],"jnews_post_split":[],"footnotes":""},"categories":[20],"tags":[],"class_list":["post-51540","post","type-post","status-publish","format-standard","has-post-thumbnail","hentry","category-municipales"],"jetpack_featured_media_url":"https:\/\/atecordoba.org\/wp-content\/uploads\/2025\/11\/WhatsApp-Image-2025-11-13-at-13.22.12-e1763056823552.jpeg","_links":{"self":[{"href":"https:\/\/atecordoba.org\/index.php?rest_route=\/wp\/v2\/posts\/51540","targetHints":{"allow":["GET"]}}],"collection":[{"href":"https:\/\/atecordoba.org\/index.php?rest_route=\/wp\/v2\/posts"}],"about":[{"href":"https:\/\/atecordoba.org\/index.php?rest_route=\/wp\/v2\/types\/post"}],"author":[{"embeddable":true,"href":"https:\/\/atecordoba.org\/index.php?rest_route=\/wp\/v2\/users\/7"}],"replies":[{"embeddable":true,"href":"https:\/\/atecordoba.org\/index.php?rest_route=%2Fwp%2Fv2%2Fcomments&post=51540"}],"version-history":[{"count":1,"href":"https:\/\/atecordoba.org\/index.php?rest_route=\/wp\/v2\/posts\/51540\/revisions"}],"predecessor-version":[{"id":51547,"href":"https:\/\/atecordoba.org\/index.php?rest_route=\/wp\/v2\/posts\/51540\/revisions\/51547"}],"wp:featuredmedia":[{"embeddable":true,"href":"https:\/\/atecordoba.org\/index.php?rest_route=\/wp\/v2\/media\/51541"}],"wp:attachment":[{"href":"https:\/\/atecordoba.org\/index.php?rest_route=%2Fwp%2Fv2%2Fmedia&parent=51540"}],"wp:term":[{"taxonomy":"category","embeddable":true,"href":"https:\/\/atecordoba.org\/index.php?rest_route=%2Fwp%2Fv2%2Fcategories&post=51540"},{"taxonomy":"post_tag","embeddable":true,"href":"https:\/\/atecordoba.org\/index.php?rest_route=%2Fwp%2Fv2%2Ftags&post=51540"}],"curies":[{"name":"wp","href":"https:\/\/api.w.org\/{rel}","templated":true}]}}